{"id":16743,"date":"2024-07-20T00:05:00","date_gmt":"2024-07-20T00:05:00","guid":{"rendered":"https:\/\/www.cronicasliterarias.es\/?p=16743"},"modified":"2024-07-19T10:31:52","modified_gmt":"2024-07-19T10:31:52","slug":"resena-furiosa-de-geoffroy-monde-y-mathieu-burniate","status":"publish","type":"post","link":"https:\/\/www.cronicasliterarias.es\/?p=16743","title":{"rendered":"Rese\u00f1a: Furiosa, de Geoffroy Monde y Mathieu Burniate"},"content":{"rendered":"<p align=\"JUSTIFY\"><img loading=\"lazy\" decoding=\"async\" class=\"alignright  wp-image-16746\" src=\"https:\/\/www.cronicasliterarias.es\/wp-content\/uploads\/2024\/07\/furiosa-222x300.jpg\" alt=\"\" width=\"232\" height=\"314\" srcset=\"https:\/\/www.cronicasliterarias.es\/wp-content\/uploads\/2024\/07\/furiosa-222x300.jpg 222w, https:\/\/www.cronicasliterarias.es\/wp-content\/uploads\/2024\/07\/furiosa.jpg 629w\" sizes=\"auto, (max-width: 232px) 100vw, 232px\" \/><em>Furiosa<\/em> es de esos t\u00edtulos que tuve la intuici\u00f3n al ver la portada, que me iban a encantar. Y luego a\u00fan m\u00e1s sabiendo la sinopsis. Y&#8230;., c\u00f3mic europeo del bueno. Y lo trae Norma Editorial. El caso es que el coche nuevo no pod\u00eda fallar y no fall\u00f3 porque <em>Furiosa<\/em> es uno de los grandes c\u00f3mics del a\u00f1o para m\u00ed. Te r\u00edes cosa mala y salgo de mi lectura absolutamente encantado. En primer lugar, un dibujo ultra bonito, fino y original, en particular las (raras) escenas nocturnas, espl\u00e9ndidas. Una l\u00ednea suave y clara que favorece la vista. Trazos que son un golpe de genialidad, en todos los sentidos de la palabra. Los colores tambi\u00e9n funcionan muy, muy bien, dando una atm\u00f3sfera fuerte y din\u00e1mica al conjunto. El universo, que depende en gran medida del dibujo, es s\u00faper original. Los autores hacen algo nuevo a partir de algo viejo. \u00a1Dejadnos recuperar para vosotros esta vieja y buena leyenda art\u00farica! Y a eso le agrego humor, una buena dosis de humor, cool-trash (no s\u00e9 muy bien qu\u00e9 significa eso, pero creo que encaja) as\u00ed como un poco de barroco con tambi\u00e9n un poco de satanismo (Merl\u00edn es a\u00fan m\u00e1s perverso) y di\u00e1logos frescos y actualizados.<\/p>\n<p align=\"JUSTIFY\"><img loading=\"lazy\" decoding=\"async\" class=\"alignleft  wp-image-16747\" src=\"https:\/\/www.cronicasliterarias.es\/wp-content\/uploads\/2024\/07\/furiosa01-300x115.jpg\" alt=\"\" width=\"217\" height=\"83\" srcset=\"https:\/\/www.cronicasliterarias.es\/wp-content\/uploads\/2024\/07\/furiosa01-300x115.jpg 300w, https:\/\/www.cronicasliterarias.es\/wp-content\/uploads\/2024\/07\/furiosa01-1024x394.jpg 1024w, https:\/\/www.cronicasliterarias.es\/wp-content\/uploads\/2024\/07\/furiosa01-768x296.jpg 768w, https:\/\/www.cronicasliterarias.es\/wp-content\/uploads\/2024\/07\/furiosa01-1200x462.jpg 1200w, https:\/\/www.cronicasliterarias.es\/wp-content\/uploads\/2024\/07\/furiosa01.jpg 1408w\" sizes=\"auto, (max-width: 217px) 100vw, 217px\" \/>Los personajes de <em>Furiosa<\/em> son muy t\u00edpicos, ya sea el propio Arturo (nombre al que mi madre siempre a\u00f1ad\u00eda: \u201c&#8230;el de los huevos duros\u201d, y creo que esto sum\u00f3), un Arturo en plena decadencia y literalmente ba\u00f1\u00e1ndose en sus deshechos. Por otro lado, el Conde de Cumbre (que tiene una doble identidad, \u00a1pero shhh!) y su condimento en el cuenco, la taciturna Claudia, o simplemente la hero\u00edna, una joven llena de vida y enamorada de la libertad.<\/p>\n<p align=\"JUSTIFY\">Una galer\u00eda de retratos, a cual m\u00e1s incre\u00edble que el anterior.<\/p>\n<p align=\"JUSTIFY\">Y finalmente, el escenario. En realidad no se trata de un escenario, sino de una carrera fren\u00e9tica. Explota a dos mil por hora lo que es una aventura medieval, con giros y vueltas como quieras. Es m\u00e1s, a los que amamos la Fantas\u00eda, nos echa la alfombra constantemente bajo de <img loading=\"lazy\" decoding=\"async\" class=\"alignright  wp-image-16749\" src=\"https:\/\/www.cronicasliterarias.es\/wp-content\/uploads\/2024\/07\/furiosa02-205x300.jpg\" alt=\"\" width=\"100\" height=\"146\" srcset=\"https:\/\/www.cronicasliterarias.es\/wp-content\/uploads\/2024\/07\/furiosa02-205x300.jpg 205w, https:\/\/www.cronicasliterarias.es\/wp-content\/uploads\/2024\/07\/furiosa02.jpg 642w\" sizes=\"auto, (max-width: 100px) 100vw, 100px\" \/>los pies. Sinceramente, un mecanismo muy bonito porque llegamos en <em>Furiosa<\/em> a un final bastante inesperado, como dijo alguien, nos dejan solos ante una alegor\u00eda del poder. Los autores van a\u00fan m\u00e1s all\u00e1 al terminar esta epopeya en una dualidad de bien\/mal, creaci\u00f3n\/destrucci\u00f3n, que parecen presentar como un componente inseparable de la vida misma. Y all\u00ed en el medio, el Hombre (en este caso, la Chica) que queda enteramente libre para prestar su ayuda a uno u otro, o simplemente seguir su propio camino.<\/p>\n<p align=\"JUSTIFY\">Final perfecto.<\/p>\n<p align=\"JUSTIFY\">Humor perfecto.<\/p>\n<p align=\"JUSTIFY\"><img loading=\"lazy\" decoding=\"async\" class=\"alignleft  wp-image-16748\" src=\"https:\/\/www.cronicasliterarias.es\/wp-content\/uploads\/2024\/07\/furiosa03-297x300.jpg\" alt=\"\" width=\"108\" height=\"109\" srcset=\"https:\/\/www.cronicasliterarias.es\/wp-content\/uploads\/2024\/07\/furiosa03-297x300.jpg 297w, https:\/\/www.cronicasliterarias.es\/wp-content\/uploads\/2024\/07\/furiosa03-150x150.jpg 150w, https:\/\/www.cronicasliterarias.es\/wp-content\/uploads\/2024\/07\/furiosa03-768x776.jpg 768w, https:\/\/www.cronicasliterarias.es\/wp-content\/uploads\/2024\/07\/furiosa03.jpg 888w\" sizes=\"auto, (max-width: 108px) 100vw, 108px\" \/>Agreguemos que, sin duda, agradar\u00e1 tanto a pap\u00e1s, mam\u00e1 e hijos. \u00bfSe dice intergeneracional,verdad?<\/p>\n<p align=\"JUSTIFY\">Uno de los grandes c\u00f3mics del a\u00f1o.<\/p>\n","protected":false},"excerpt":{"rendered":"<p>Furiosa es de esos t\u00edtulos que tuve la intuici\u00f3n al ver la portada, que me iban a encantar. Y luego a\u00fan m\u00e1s sabiendo la sinopsis. Y&#8230;., c\u00f3mic europeo del bueno. Y lo trae Norma Editorial. El caso es que el coche nuevo no pod\u00eda fallar y no fall\u00f3 porque Furiosa es uno de los grandes [&hellip;]<\/p>\n","protected":false},"author":4,"featured_media":0,"comment_status":"closed","ping_status":"closed","sticky":false,"template":"","format":"standard","meta":{"footnotes":""},"categories":[53,44,34,209,30,6],"tags":[438,421,11,22,10],"class_list":["post-16743","post","type-post","status-publish","format-standard","hentry","category-bd","category-comic-europeo","category-fantasia","category-humor","category-norma-editorial","category-resenas","tag-comic-del-ano-2024","tag-comic-europeo-2024","tag-j-j-castillo","tag-norma-editorial","tag-resenas"],"_links":{"self":[{"href":"https:\/\/www.cronicasliterarias.es\/index.php?rest_route=\/wp\/v2\/posts\/16743","targetHints":{"allow":["GET"]}}],"collection":[{"href":"https:\/\/www.cronicasliterarias.es\/index.php?rest_route=\/wp\/v2\/posts"}],"about":[{"href":"https:\/\/www.cronicasliterarias.es\/index.php?rest_route=\/wp\/v2\/types\/post"}],"author":[{"embeddable":true,"href":"https:\/\/www.cronicasliterarias.es\/index.php?rest_route=\/wp\/v2\/users\/4"}],"replies":[{"embeddable":true,"href":"https:\/\/www.cronicasliterarias.es\/index.php?rest_route=%2Fwp%2Fv2%2Fcomments&post=16743"}],"version-history":[{"count":3,"href":"https:\/\/www.cronicasliterarias.es\/index.php?rest_route=\/wp\/v2\/posts\/16743\/revisions"}],"predecessor-version":[{"id":16750,"href":"https:\/\/www.cronicasliterarias.es\/index.php?rest_route=\/wp\/v2\/posts\/16743\/revisions\/16750"}],"wp:attachment":[{"href":"https:\/\/www.cronicasliterarias.es\/index.php?rest_route=%2Fwp%2Fv2%2Fmedia&parent=16743"}],"wp:term":[{"taxonomy":"category","embeddable":true,"href":"https:\/\/www.cronicasliterarias.es\/index.php?rest_route=%2Fwp%2Fv2%2Fcategories&post=16743"},{"taxonomy":"post_tag","embeddable":true,"href":"https:\/\/www.cronicasliterarias.es\/index.php?rest_route=%2Fwp%2Fv2%2Ftags&post=16743"}],"curies":[{"name":"wp","href":"https:\/\/api.w.org\/{rel}","templated":true}]}}