{"id":16799,"date":"2024-07-27T00:05:00","date_gmt":"2024-07-27T00:05:00","guid":{"rendered":"https:\/\/www.cronicasliterarias.es\/?p=16799"},"modified":"2024-07-29T10:15:10","modified_gmt":"2024-07-29T10:15:10","slug":"resena-el-hermano-pequeno-de-jean-louis-trip-rev","status":"publish","type":"post","link":"https:\/\/www.cronicasliterarias.es\/?p=16799","title":{"rendered":"Rese\u00f1a: El Hermano Peque\u00f1o, de Jean-Louis Tripp"},"content":{"rendered":"<p align=\"JUSTIFY\"><img loading=\"lazy\" decoding=\"async\" class=\"alignright  wp-image-16801\" src=\"https:\/\/www.cronicasliterarias.es\/wp-content\/uploads\/2024\/07\/elhermanopequeno.jpg\" alt=\"\" width=\"231\" height=\"315\" srcset=\"https:\/\/www.cronicasliterarias.es\/wp-content\/uploads\/2024\/07\/elhermanopequeno.jpg 622w, https:\/\/www.cronicasliterarias.es\/wp-content\/uploads\/2024\/07\/elhermanopequeno-220x300.jpg 220w\" sizes=\"auto, (max-width: 231px) 100vw, 231px\" \/>Con este \u00e1lbum Jean-Louis Tripp seguramente ha ayudado a cauterizar una herida. De hecho, hay un fuerte sentimiento cat\u00e1rtico en esta historia en la que el autor recuerda la muerte accidental de su hermano menor de ocho a\u00f1os en 1976 (un conductor lo atropell\u00f3 ante sus propios ojos). Pero tambi\u00e9n, sobre todo, todo, todo, lo que \u201cviene despu\u00e9s\u201d; la vida tras estos momentos que marcan y nunca se desvanecen.<\/p>\n<p align=\"JUSTIFY\">Imborrables.<\/p>\n<p align=\"JUSTIFY\">Tripp retrata con modestia esos momentos dolorosos para nosotros, desde el largu\u00edsimo luto \u2013nunca termina realmente\u2013 hasta los tr\u00e1mites administrativos, pasando por la reconstrucci\u00f3n de los miembros de una familia devastada, pasando por todo lo doloroso, incluso llegando al juicio del conductor. Os puedo decir que la narraci\u00f3n de <em>El Hermano Peque\u00f1o<\/em> que publica Norma Editorial, es muy ligera, nunca exagera el patetismo, lo que lleva al lector directamente y muy r\u00e1pido a ese dolor que el autor sabe transcribir totalmente.<\/p>\n<p align=\"JUSTIFY\"><img loading=\"lazy\" decoding=\"async\" class=\"alignleft  wp-image-16802\" src=\"https:\/\/www.cronicasliterarias.es\/wp-content\/uploads\/2024\/07\/elhermanopequeno00-300x109.jpg\" alt=\"\" width=\"239\" height=\"87\" srcset=\"https:\/\/www.cronicasliterarias.es\/wp-content\/uploads\/2024\/07\/elhermanopequeno00-300x109.jpg 300w, https:\/\/www.cronicasliterarias.es\/wp-content\/uploads\/2024\/07\/elhermanopequeno00.jpg 688w\" sizes=\"auto, (max-width: 239px) 100vw, 239px\" \/>Jean-Louip Tripp relata una tragedia que por el momento no he vivido personalmente hasta ahora y espero no vivir nunca: la p\u00e9rdida de un ser querido que era demasiado joven para morir.<\/p>\n<p align=\"JUSTIFY\">Lo peor es que Tripp fue el \u00faltimo que habl\u00f3 con su hermano peque\u00f1o antes del accidente y lo que saldr\u00e1 a menudo en este \u00e1lbum es la culpa del autor que solt\u00f3 la mano de su hermano peque\u00f1o y que pasar\u00e1 el resto de su vida pensando que hubiera pasado si no&#8230;<\/p>\n<p align=\"JUSTIFY\">El dibujo semi-realista en una monocrom\u00eda dominante de tonos beige, salpicado de raros destellos rojizos, que intenta reconstruir la realidad m\u00e1s cruda, tambi\u00e9n la m\u00e1s <img loading=\"lazy\" decoding=\"async\" class=\"alignright  wp-image-16803\" src=\"https:\/\/www.cronicasliterarias.es\/wp-content\/uploads\/2024\/07\/elhermanopequeno000-300x128.jpg\" alt=\"\" width=\"227\" height=\"97\" srcset=\"https:\/\/www.cronicasliterarias.es\/wp-content\/uploads\/2024\/07\/elhermanopequeno000-300x128.jpg 300w, https:\/\/www.cronicasliterarias.es\/wp-content\/uploads\/2024\/07\/elhermanopequeno000.jpg 686w\" sizes=\"auto, (max-width: 227px) 100vw, 227px\" \/>brutal, quiz\u00e1s para no tener que intentar escapar m\u00e1s de ella. Porque, de hecho, Tripp no nos ahorra para nada las escenas familiares, que sacar\u00e1n alguna que otra l\u00e1grima al lector sensible. Por eso estamos ante un volumen que, sin duda, puede afectar mucho al lector que haya pasado por una situaci\u00f3n similar. En ese caso, DOLER\u00c1 en el alma la lectura. Un drama que pondr\u00e1 el vello de punta a m\u00e1s de uno o una.<\/p>\n<p align=\"JUSTIFY\">Enmarca a Tripp como autor a seguir.<\/p>\n<p align=\"JUSTIFY\">Una buena lectura de esta su primera obra autobiogr\u00e1fica de la cual no me extra\u00f1a que se convirtiera en gran \u00e9xito en el mundo de la BD.<\/p>\n<p align=\"JUSTIFY\"><img loading=\"lazy\" decoding=\"async\" class=\"alignleft  wp-image-16804\" src=\"https:\/\/www.cronicasliterarias.es\/wp-content\/uploads\/2024\/07\/elhermanopequeno01-300x253.jpg\" alt=\"\" width=\"134\" height=\"113\" srcset=\"https:\/\/www.cronicasliterarias.es\/wp-content\/uploads\/2024\/07\/elhermanopequeno01-300x253.jpg 300w, https:\/\/www.cronicasliterarias.es\/wp-content\/uploads\/2024\/07\/elhermanopequeno01.jpg 397w\" sizes=\"auto, (max-width: 134px) 100vw, 134px\" \/>Buen c\u00f3mic de emociones intensas.<\/p>\n<p align=\"JUSTIFY\">Ideal para los que necesitan enternecerse de vez en cuando.<\/p>\n","protected":false},"excerpt":{"rendered":"<p>Con este \u00e1lbum Jean-Louis Tripp seguramente ha ayudado a cauterizar una herida. De hecho, hay un fuerte sentimiento cat\u00e1rtico en esta historia en la que el autor recuerda la muerte accidental de su hermano menor de ocho a\u00f1os en 1976 (un conductor lo atropell\u00f3 ante sus propios ojos). Pero tambi\u00e9n, sobre todo, todo, todo, lo [&hellip;]<\/p>\n","protected":false},"author":4,"featured_media":0,"comment_status":"closed","ping_status":"closed","sticky":false,"template":"","format":"standard","meta":{"footnotes":""},"categories":[53,44,236,30,6],"tags":[421,11,22,10],"class_list":["post-16799","post","type-post","status-publish","format-standard","hentry","category-bd","category-comic-europeo","category-drama","category-norma-editorial","category-resenas","tag-comic-europeo-2024","tag-j-j-castillo","tag-norma-editorial","tag-resenas"],"_links":{"self":[{"href":"https:\/\/www.cronicasliterarias.es\/index.php?rest_route=\/wp\/v2\/posts\/16799","targetHints":{"allow":["GET"]}}],"collection":[{"href":"https:\/\/www.cronicasliterarias.es\/index.php?rest_route=\/wp\/v2\/posts"}],"about":[{"href":"https:\/\/www.cronicasliterarias.es\/index.php?rest_route=\/wp\/v2\/types\/post"}],"author":[{"embeddable":true,"href":"https:\/\/www.cronicasliterarias.es\/index.php?rest_route=\/wp\/v2\/users\/4"}],"replies":[{"embeddable":true,"href":"https:\/\/www.cronicasliterarias.es\/index.php?rest_route=%2Fwp%2Fv2%2Fcomments&post=16799"}],"version-history":[{"count":6,"href":"https:\/\/www.cronicasliterarias.es\/index.php?rest_route=\/wp\/v2\/posts\/16799\/revisions"}],"predecessor-version":[{"id":16810,"href":"https:\/\/www.cronicasliterarias.es\/index.php?rest_route=\/wp\/v2\/posts\/16799\/revisions\/16810"}],"wp:attachment":[{"href":"https:\/\/www.cronicasliterarias.es\/index.php?rest_route=%2Fwp%2Fv2%2Fmedia&parent=16799"}],"wp:term":[{"taxonomy":"category","embeddable":true,"href":"https:\/\/www.cronicasliterarias.es\/index.php?rest_route=%2Fwp%2Fv2%2Fcategories&post=16799"},{"taxonomy":"post_tag","embeddable":true,"href":"https:\/\/www.cronicasliterarias.es\/index.php?rest_route=%2Fwp%2Fv2%2Ftags&post=16799"}],"curies":[{"name":"wp","href":"https:\/\/api.w.org\/{rel}","templated":true}]}}