{"id":16906,"date":"2024-08-11T00:05:00","date_gmt":"2024-08-11T00:05:00","guid":{"rendered":"https:\/\/www.cronicasliterarias.es\/?p=16906"},"modified":"2024-08-11T09:02:10","modified_gmt":"2024-08-11T09:02:10","slug":"resena-la-esperanza-pese-a-todo-cuarta-parte-de-emile-bravo","status":"publish","type":"post","link":"https:\/\/www.cronicasliterarias.es\/?p=16906","title":{"rendered":"Rese\u00f1a: La Esperanza Pese a Todo. Cuarta Parte, de \u00c9mile Bravo"},"content":{"rendered":"<p align=\"JUSTIFY\"><img loading=\"lazy\" decoding=\"async\" class=\"alignright  wp-image-16907\" src=\"https:\/\/www.cronicasliterarias.es\/wp-content\/uploads\/2024\/08\/laesperanzapeseatodo4-226x300.jpg\" alt=\"\" width=\"244\" height=\"324\" srcset=\"https:\/\/www.cronicasliterarias.es\/wp-content\/uploads\/2024\/08\/laesperanzapeseatodo4-226x300.jpg 226w, https:\/\/www.cronicasliterarias.es\/wp-content\/uploads\/2024\/08\/laesperanzapeseatodo4-771x1024.jpg 771w, https:\/\/www.cronicasliterarias.es\/wp-content\/uploads\/2024\/08\/laesperanzapeseatodo4-768x1021.jpg 768w, https:\/\/www.cronicasliterarias.es\/wp-content\/uploads\/2024\/08\/laesperanzapeseatodo4.jpg 900w\" sizes=\"auto, (max-width: 244px) 100vw, 244px\" \/>Se quejan de \u00c9mile Bravo que tiene su propia manera de construir sus intrigas: es excesivamente condensada, como si siguiera los c\u00f3digos de las tiras c\u00f3micas de anta\u00f1o. Para m\u00ed, en <em>La esperanza pese a todo,<\/em> tenemos una trama en cuatro \u00e1lbumes que se lee de un tir\u00f3n. Un c\u00f3mic que con sus gr\u00e1ficos, bastante r\u00edgidos, act\u00faan como un espejo para encerrar una impresi\u00f3n de pesadez que agobia como la misma historia que cuenta. Una cr\u00edtica que tambi\u00e9n encajar\u00eda perfectamente, por ejemplo, con <em>Blake y Mortimer,<\/em> de Edgar P. Jacobs; leer sus c\u00f3mics se vuelve un poco tedioso pero tienen ese \u00abalgo\u00bb que atrapa. Porque en <em>La esperanza pese a todo<\/em>, Bravo sit\u00faa a los personajes de Spirou y Fantasio en la B\u00e9lgica ocupada durante la Segunda Guerra Mundial. La tem\u00e1tica es extensa, el tratamiento al un\u00edsono, \u00a1es tan ambicioso como cautivador! Venimos de lo sucedido en el anterior \u00e1lbum <em>(<a href=\"https:\/\/www.cronicasliterarias.es\/?p=1422\">https:\/\/www.cronicasliterarias.es\/?p=1422<\/a>)<\/em> donde tras conocer a la <span lang=\"es-ES\">B\u00e9lgica de 1940, cuando este peque\u00f1o pa\u00eds est\u00e1 a punto de ser invadido por el ej\u00e9rcito alem\u00e1n y nuestro valiente Spirou act\u00faa como botones en el Hotel Moustic, Fantasio se dedica en cuerpo y alma al ej\u00e9rcito belga\u2026<\/span><\/p>\n<p align=\"JUSTIFY\"><span lang=\"es-ES\"><img loading=\"lazy\" decoding=\"async\" class=\"alignleft  wp-image-16908\" src=\"https:\/\/www.cronicasliterarias.es\/wp-content\/uploads\/2024\/08\/laesperanzapeseatodo4_01-300x158.jpg\" alt=\"\" width=\"168\" height=\"89\" srcset=\"https:\/\/www.cronicasliterarias.es\/wp-content\/uploads\/2024\/08\/laesperanzapeseatodo4_01-300x158.jpg 300w, https:\/\/www.cronicasliterarias.es\/wp-content\/uploads\/2024\/08\/laesperanzapeseatodo4_01.jpg 515w\" sizes=\"auto, (max-width: 168px) 100vw, 168px\" \/>En el segundo volumen entr\u00e1bamos de lleno en la guerra, en la privaci\u00f3n, la humillaci\u00f3n, donde a pesar de sus condiciones de h\u00e9roes, Spirou y Fantasio no escapaban a las consecuencias de la ocupaci\u00f3n alemana y desempleados, deb\u00edan encontrar trabajo para no dar de bruces en la calle. As\u00ed que ech\u00e1ndole imaginaci\u00f3n, montan un peque\u00f1o espect\u00e1culo de marionetas para distraer a los ni\u00f1os. Y afortunadamente, un \u00abpatr\u00f3n\u00bb, les da la oportunidad de ofrecer sus servicios en las escuelas p\u00fablicas de toda B\u00e9lgica. Y con ello, todo cambia. En la tercera parte, mientras Fantasio hace todo lo posible por encontrarle sentido a su vida, a este destino aciago que en la vieja Europa se puede vivir (y conquistar a la mujer de su vida), Spirou intenta hacer lo correcto a riesgo de verse llevado a actos heroicos que le pueden llevar a una muerte directa.<\/span><\/p>\n<p align=\"JUSTIFY\"><img loading=\"lazy\" decoding=\"async\" class=\"alignright  wp-image-16910\" src=\"https:\/\/www.cronicasliterarias.es\/wp-content\/uploads\/2024\/08\/laesperanzapeseatodo4_02-281x300.jpg\" alt=\"\" width=\"118\" height=\"126\" srcset=\"https:\/\/www.cronicasliterarias.es\/wp-content\/uploads\/2024\/08\/laesperanzapeseatodo4_02-281x300.jpg 281w, https:\/\/www.cronicasliterarias.es\/wp-content\/uploads\/2024\/08\/laesperanzapeseatodo4_02.jpg 455w\" sizes=\"auto, (max-width: 118px) 100vw, 118px\" \/>Ahora, en este remate final, en un \u00e1lbum mucho m\u00e1s corto en comparaci\u00f3n a los dem\u00e1s; pocas cosas se desarrollan m\u00e1s. Pocas novedades. Simplemente concluimos a lo que hab\u00eda pasado antes. Esto no es nada malo pero que duda cabe que estamos hablando de una miniserie que debi\u00f3 ser distribuida como una obra integral porque me da que es como as\u00ed como est\u00e1 escrita y como se disfrutar\u00eda de todas-todas. <em>La esperanza pese a todo<\/em> es un t\u00edtulo en el que se \u201cdisfruta\u201d, el viaje.<\/p>\n<p align=\"JUSTIFY\">Es una obra importante que combina acci\u00f3n, humor, romance, verdades hist\u00f3ricas, comentarios pol\u00edticos y reflexiones filos\u00f3ficas, y todo ello al servicio de un c\u00f3mic dirigido, en mi opini\u00f3n, a j\u00f3venes. Todo padre, todo bibliotecario, todo librero, maestro o maestra&#8230; deber\u00eda recomendar o promover esta lectura entre los adolescentes a los que puede llegar.<\/p>\n<p style=\"text-align: center;\" align=\"JUSTIFY\"><img loading=\"lazy\" decoding=\"async\" class=\"aligncenter  wp-image-16909\" src=\"https:\/\/www.cronicasliterarias.es\/wp-content\/uploads\/2024\/08\/laesperanzapeseatodo4_03.jpg\" alt=\"\" width=\"411\" height=\"139\" srcset=\"https:\/\/www.cronicasliterarias.es\/wp-content\/uploads\/2024\/08\/laesperanzapeseatodo4_03.jpg 711w, https:\/\/www.cronicasliterarias.es\/wp-content\/uploads\/2024\/08\/laesperanzapeseatodo4_03-300x101.jpg 300w\" sizes=\"auto, (max-width: 411px) 100vw, 411px\" \/><\/p>\n<p align=\"JUSTIFY\">Estoy con todo aquel que dice que aunque salga este volumen econ\u00f3micamente m\u00e1s caro trayendo menos p\u00e1ginas, por lo menos lo tenemos aqu\u00ed. Nos ha llegado todo. Porque esta miniserie hab\u00eda que terminarla y tenerla. Hablamos de una historia, de un c\u00f3mic, que se queda grabado para toda la vida.<\/p>\n","protected":false},"excerpt":{"rendered":"<p>Se quejan de \u00c9mile Bravo que tiene su propia manera de construir sus intrigas: es excesivamente condensada, como si siguiera los c\u00f3digos de las tiras c\u00f3micas de anta\u00f1o. Para m\u00ed, en La esperanza pese a todo, tenemos una trama en cuatro \u00e1lbumes que se lee de un tir\u00f3n. Un c\u00f3mic que con sus gr\u00e1ficos, bastante [&hellip;]<\/p>\n","protected":false},"author":4,"featured_media":0,"comment_status":"closed","ping_status":"closed","sticky":false,"template":"","format":"standard","meta":{"footnotes":""},"categories":[53,44,32,6],"tags":[421,110,11,10],"class_list":["post-16906","post","type-post","status-publish","format-standard","hentry","category-bd","category-comic-europeo","category-dibbuks","category-resenas","tag-comic-europeo-2024","tag-dibbuks","tag-j-j-castillo","tag-resenas"],"_links":{"self":[{"href":"https:\/\/www.cronicasliterarias.es\/index.php?rest_route=\/wp\/v2\/posts\/16906","targetHints":{"allow":["GET"]}}],"collection":[{"href":"https:\/\/www.cronicasliterarias.es\/index.php?rest_route=\/wp\/v2\/posts"}],"about":[{"href":"https:\/\/www.cronicasliterarias.es\/index.php?rest_route=\/wp\/v2\/types\/post"}],"author":[{"embeddable":true,"href":"https:\/\/www.cronicasliterarias.es\/index.php?rest_route=\/wp\/v2\/users\/4"}],"replies":[{"embeddable":true,"href":"https:\/\/www.cronicasliterarias.es\/index.php?rest_route=%2Fwp%2Fv2%2Fcomments&post=16906"}],"version-history":[{"count":5,"href":"https:\/\/www.cronicasliterarias.es\/index.php?rest_route=\/wp\/v2\/posts\/16906\/revisions"}],"predecessor-version":[{"id":16923,"href":"https:\/\/www.cronicasliterarias.es\/index.php?rest_route=\/wp\/v2\/posts\/16906\/revisions\/16923"}],"wp:attachment":[{"href":"https:\/\/www.cronicasliterarias.es\/index.php?rest_route=%2Fwp%2Fv2%2Fmedia&parent=16906"}],"wp:term":[{"taxonomy":"category","embeddable":true,"href":"https:\/\/www.cronicasliterarias.es\/index.php?rest_route=%2Fwp%2Fv2%2Fcategories&post=16906"},{"taxonomy":"post_tag","embeddable":true,"href":"https:\/\/www.cronicasliterarias.es\/index.php?rest_route=%2Fwp%2Fv2%2Ftags&post=16906"}],"curies":[{"name":"wp","href":"https:\/\/api.w.org\/{rel}","templated":true}]}}