{"id":16958,"date":"2024-08-15T00:05:00","date_gmt":"2024-08-15T00:05:00","guid":{"rendered":"https:\/\/www.cronicasliterarias.es\/?p=16958"},"modified":"2024-08-15T16:38:28","modified_gmt":"2024-08-15T16:38:28","slug":"resena-la-verdadera-historia-de-la-edad-media-de","status":"publish","type":"post","link":"https:\/\/www.cronicasliterarias.es\/?p=16958","title":{"rendered":"Rese\u00f1a: La Verdadera Historia de la Edad Media, de De la Croix y Bercovici"},"content":{"rendered":"<p align=\"JUSTIFY\"><img loading=\"lazy\" decoding=\"async\" class=\"alignright  wp-image-16962\" src=\"https:\/\/www.cronicasliterarias.es\/wp-content\/uploads\/2024\/08\/laverdaderahistoriadelaedadmedia-219x300.jpg\" alt=\"\" width=\"235\" height=\"322\" srcset=\"https:\/\/www.cronicasliterarias.es\/wp-content\/uploads\/2024\/08\/laverdaderahistoriadelaedadmedia-219x300.jpg 219w, https:\/\/www.cronicasliterarias.es\/wp-content\/uploads\/2024\/08\/laverdaderahistoriadelaedadmedia.jpg 616w\" sizes=\"auto, (max-width: 235px) 100vw, 235px\" \/>A todos los que me rodean, habr\u00e9 dicho una y mil veces que mi \u00e9poca hist\u00f3rica favorita es y siempre ser\u00e1 la Edad Media. Ese periodo hist\u00f3rico de la civilizaci\u00f3n occidental comprendido entre los siglos V y XV, de los que tanto me enamor\u00e9 cuando los estudi\u00e9 a fondo en el instituto y del cual he ido empap\u00e1ndome de an\u00e9cdotas y curiosidades con el paso de los a\u00f1os a trav\u00e9s de libros, documentales e incluso pelis y series de TV que de alg\u00fan modo la reflejaron. Una \u00e9poca donde el ser humano y sus sociedades fraguaron los estamentos los cuales muchos han llegado hasta el d\u00eda de hoy. A lo que voy es que no me lo pens\u00e9 dos veces a la hora de querer, adquirir, leer y rese\u00f1ar este volumen de <em>La verdadera historia de la Edad Media<\/em> que Norma Editorial ha tra\u00eddo a nuestros lares desde el otro lado de los Pirineos. Joyita del c\u00f3mic europeo que llega a nuestros pa\u00eds, unos de los c\u00f3mics m\u00e1s chulos y graciosos que trata el tema de la Edad Media como verdaderamente se deber\u00eda divulgar, al menos, entre los m\u00e1s j\u00f3venes. Un tomo interesante si, como a m\u00ed, te interesa la Historia.<\/p>\n<p align=\"JUSTIFY\"><img loading=\"lazy\" decoding=\"async\" class=\"alignleft  wp-image-16964\" src=\"https:\/\/www.cronicasliterarias.es\/wp-content\/uploads\/2024\/08\/laverdaderahistoriadelaedadmedia01-300x265.jpg\" alt=\"\" width=\"108\" height=\"95\" srcset=\"https:\/\/www.cronicasliterarias.es\/wp-content\/uploads\/2024\/08\/laverdaderahistoriadelaedadmedia01-300x265.jpg 300w, https:\/\/www.cronicasliterarias.es\/wp-content\/uploads\/2024\/08\/laverdaderahistoriadelaedadmedia01.jpg 389w\" sizes=\"auto, (max-width: 108px) 100vw, 108px\" \/>Recorreremos la Edad Media a trav\u00e9s de veinte fechas elegidas. Aunque los cap\u00edtulos se centran en una fecha concreta, los autores desarrollan cada tema o biograf\u00eda de un personaje hist\u00f3rico a lo largo de varios a\u00f1os, incluso siglos. Por ejemplo, el cap\u00edtulo sobre la toma de Constantinopla por los turcos explica el declive de la ciudad a lo largo del tiempo, no vemos simplemente su final. Aunque obviamente al ser un c\u00f3mic de autores de la BD, todo est\u00e1 un poco orientado hacia Francia, y los otros pa\u00edses que encontramos son principalmente los de Oriente. Por lo tanto, los estados musulmanes (o reinos de Taifa) que surgieron en nuestro pa\u00eds o la Carta Magna, apenas se comentan.<\/p>\n<p align=\"JUSTIFY\"><img loading=\"lazy\" decoding=\"async\" class=\"alignright  wp-image-16965\" src=\"https:\/\/www.cronicasliterarias.es\/wp-content\/uploads\/2024\/08\/laverdaderahistoriadelaedadmedia02-190x300.jpg\" alt=\"\" width=\"82\" height=\"129\" srcset=\"https:\/\/www.cronicasliterarias.es\/wp-content\/uploads\/2024\/08\/laverdaderahistoriadelaedadmedia02-190x300.jpg 190w, https:\/\/www.cronicasliterarias.es\/wp-content\/uploads\/2024\/08\/laverdaderahistoriadelaedadmedia02.jpg 224w\" sizes=\"auto, (max-width: 82px) 100vw, 82px\" \/>Mas, tenemos un buen volumen de c\u00f3mic europeo que no est\u00e1 mal para echar un buen rato de risas por el lado hist\u00f3rico. Algunos temas son demasiado conocidos (Juana de Arco, los cr\u00edmenes de Gilles de Rais), pero tambi\u00e9n se aprenden cosas sobre temas de los que s\u00f3lo conoc\u00eda, en mi caso, muy por encima. Y eso es decir bastante. Porque como os dec\u00eda no soy nuevo en estos lares. Pero lo que no me gust\u00f3 mucho (quiz\u00e1s porque lo estaba disfrutando mucho) es que los cap\u00edtulos son cortos por lo que no deber\u00edas esperar un \u00e1lbum que profundice en los temas comentados.<\/p>\n<p align=\"JUSTIFY\">Insisto en que el tipo de humor en este c\u00f3mic s\u00ed que funcion\u00f3 para m\u00ed. Es algo plano pero con detalles que sacan alguna sonrisa s\u00f3lo de imaginarte como ser\u00eda vivir ciertos momentos en aquella \u00e9poca. Si eres conocedor de ciertas costumbres ubicadas en el feudalismo, m\u00e1s gracia te har\u00e1n.<\/p>\n<p align=\"JUSTIFY\"><img loading=\"lazy\" decoding=\"async\" class=\"alignleft  wp-image-16966\" src=\"https:\/\/www.cronicasliterarias.es\/wp-content\/uploads\/2024\/08\/laverdaderahistoriadelaedadmedia05-289x300.jpg\" alt=\"\" width=\"147\" height=\"153\" srcset=\"https:\/\/www.cronicasliterarias.es\/wp-content\/uploads\/2024\/08\/laverdaderahistoriadelaedadmedia05-289x300.jpg 289w, https:\/\/www.cronicasliterarias.es\/wp-content\/uploads\/2024\/08\/laverdaderahistoriadelaedadmedia05.jpg 694w\" sizes=\"auto, (max-width: 147px) 100vw, 147px\" \/>Y el dibujo de Bercovici mola. Me gusta su estilo, aunque le falta un poco de dinamismo. Pero quiero pensar que esto est\u00e1 hecho intencionadamente.<\/p>\n<p align=\"JUSTIFY\"><em>La verdadera historia de la Edad Media<\/em>, recomendado por mi parte.<\/p>\n","protected":false},"excerpt":{"rendered":"<p>A todos los que me rodean, habr\u00e9 dicho una y mil veces que mi \u00e9poca hist\u00f3rica favorita es y siempre ser\u00e1 la Edad Media. Ese periodo hist\u00f3rico de la civilizaci\u00f3n occidental comprendido entre los siglos V y XV, de los que tanto me enamor\u00e9 cuando los estudi\u00e9 a fondo en el instituto y del cual [&hellip;]<\/p>\n","protected":false},"author":4,"featured_media":0,"comment_status":"closed","ping_status":"closed","sticky":false,"template":"","format":"standard","meta":{"footnotes":""},"categories":[53,44,30,6],"tags":[421,11,22,10],"class_list":["post-16958","post","type-post","status-publish","format-standard","hentry","category-bd","category-comic-europeo","category-norma-editorial","category-resenas","tag-comic-europeo-2024","tag-j-j-castillo","tag-norma-editorial","tag-resenas"],"_links":{"self":[{"href":"https:\/\/www.cronicasliterarias.es\/index.php?rest_route=\/wp\/v2\/posts\/16958","targetHints":{"allow":["GET"]}}],"collection":[{"href":"https:\/\/www.cronicasliterarias.es\/index.php?rest_route=\/wp\/v2\/posts"}],"about":[{"href":"https:\/\/www.cronicasliterarias.es\/index.php?rest_route=\/wp\/v2\/types\/post"}],"author":[{"embeddable":true,"href":"https:\/\/www.cronicasliterarias.es\/index.php?rest_route=\/wp\/v2\/users\/4"}],"replies":[{"embeddable":true,"href":"https:\/\/www.cronicasliterarias.es\/index.php?rest_route=%2Fwp%2Fv2%2Fcomments&post=16958"}],"version-history":[{"count":7,"href":"https:\/\/www.cronicasliterarias.es\/index.php?rest_route=\/wp\/v2\/posts\/16958\/revisions"}],"predecessor-version":[{"id":16971,"href":"https:\/\/www.cronicasliterarias.es\/index.php?rest_route=\/wp\/v2\/posts\/16958\/revisions\/16971"}],"wp:attachment":[{"href":"https:\/\/www.cronicasliterarias.es\/index.php?rest_route=%2Fwp%2Fv2%2Fmedia&parent=16958"}],"wp:term":[{"taxonomy":"category","embeddable":true,"href":"https:\/\/www.cronicasliterarias.es\/index.php?rest_route=%2Fwp%2Fv2%2Fcategories&post=16958"},{"taxonomy":"post_tag","embeddable":true,"href":"https:\/\/www.cronicasliterarias.es\/index.php?rest_route=%2Fwp%2Fv2%2Ftags&post=16958"}],"curies":[{"name":"wp","href":"https:\/\/api.w.org\/{rel}","templated":true}]}}