{"id":16988,"date":"2024-08-19T00:05:00","date_gmt":"2024-08-19T00:05:00","guid":{"rendered":"https:\/\/www.cronicasliterarias.es\/?p=16988"},"modified":"2024-08-19T07:55:45","modified_gmt":"2024-08-19T07:55:45","slug":"resena-maneskin-de-guia-cortassa-y-sara-rotlich","status":"publish","type":"post","link":"https:\/\/www.cronicasliterarias.es\/?p=16988","title":{"rendered":"Rese\u00f1a: M\u00e5neskin, de Guia Cortassa y Sara Rotlich"},"content":{"rendered":"<p align=\"JUSTIFY\"><img loading=\"lazy\" decoding=\"async\" class=\"alignleft  wp-image-16990\" src=\"https:\/\/www.cronicasliterarias.es\/wp-content\/uploads\/2024\/08\/maneskin-212x300.jpg\" alt=\"\" width=\"224\" height=\"317\" srcset=\"https:\/\/www.cronicasliterarias.es\/wp-content\/uploads\/2024\/08\/maneskin-212x300.jpg 212w, https:\/\/www.cronicasliterarias.es\/wp-content\/uploads\/2024\/08\/maneskin-722x1024.jpg 722w, https:\/\/www.cronicasliterarias.es\/wp-content\/uploads\/2024\/08\/maneskin-768x1089.jpg 768w, https:\/\/www.cronicasliterarias.es\/wp-content\/uploads\/2024\/08\/maneskin.jpg 1058w\" sizes=\"auto, (max-width: 224px) 100vw, 224px\" \/>Tambi\u00e9n le doy a la m\u00fasica si. Hombre, por favor, qu\u00e9 ser humano puede obviar m\u00fasica y lecturas&#8230; Y tambi\u00e9n me interesan las an\u00e9cdotas de ciertos m\u00fasicos en formato c\u00f3mic. Porque es un modo de saber qu\u00e9 de ellos mola o no. Las mentes curiosas, las mentes inquietas, tenemos eso: queremos saber. Por eso me llam\u00f3 muy mucho la atenci\u00f3n este \u00e1lbum que reci\u00e9n public\u00f3 Dibbuks. Tras estos grupos (sobre todo, los de rock), que brotan y pegan tan fuerte de repente, siempre hay curiosidades por descubrir.<\/p>\n<p align=\"JUSTIFY\">Dicen por ah\u00ed que M\u00e5neskin es el retrato de una generaci\u00f3n cosmopolita que camina sin etiquetas claras, dispuestos a ocupar su propio espacio sin necesidad de transigir pero que en apenas cuatro a\u00f1os consiguieron ser teloneros de los Rolling Stones y que conquistaron escenarios de eventos importantes, desde el Factor X italiano pasando por el Festival de San Remo hasta que llegaron a ganar Eurovisi\u00f3n. Despu\u00e9s los pudimos ver en los MTV Europe Music Awards. Y cuentan que Iggy Pop flip\u00f3 cuando los vio por primera vez. Victoria De Angelis y Thomas Raggi son el n\u00facleo, luego se incorpor\u00f3 Damiano David, y s\u00f3lo qui\u00e9n ha formado una banda de rock sabe lo complicado que es encontrar un bater\u00eda. Para ellos no fue menos as\u00ed que pusieron un anuncio en Facebook y acudi\u00f3 Ethan Torchio, y el encuadre no pudo ser m\u00e1s perfecto. As\u00ed naci\u00f3 M\u00e5neskin, un grupo cuya m\u00fasica ha sido descrita como una fusi\u00f3n entre pop rock, rock alternativo, glam rock y hard rock, pero que a todos los que nos flipa el rock de los 70 y 80 nos atrae porque aportan totalmente aquellos sonidos y est\u00e9tica.<\/p>\n<p align=\"JUSTIFY\"><img loading=\"lazy\" decoding=\"async\" class=\"alignright  wp-image-16991\" src=\"https:\/\/www.cronicasliterarias.es\/wp-content\/uploads\/2024\/08\/maneskin03-300x234.jpg\" alt=\"\" width=\"164\" height=\"128\" srcset=\"https:\/\/www.cronicasliterarias.es\/wp-content\/uploads\/2024\/08\/maneskin03-300x234.jpg 300w, https:\/\/www.cronicasliterarias.es\/wp-content\/uploads\/2024\/08\/maneskin03.jpg 384w\" sizes=\"auto, (max-width: 164px) 100vw, 164px\" \/>Seg\u00fan el l\u00edder Damiano David, la banda es \u00abuna transici\u00f3n entre la m\u00fasica del pasado hacia la modernidad\u00bb. Su estilo, car\u00e1cter y apariencia, que mezclan caracter\u00edsticas del rock con rasgos de moda italianos, ha llamado poderosamente la atenci\u00f3n, sobre todo en p\u00fablicos j\u00f3venes y eso, en mi opini\u00f3n, es lo que les hace fuertes.<\/p>\n<p align=\"JUSTIFY\">Este c\u00f3mic cuenta la historia de una de las bandas que ahora encabeza las listas de \u00e9xitos de todo el mundo. Guia Cortassa y Sara Rotlich han llevado su historia al c\u00f3mic. Tenemos aqu\u00ed un gran regalo para los amantes de la m\u00fasica.<\/p>\n","protected":false},"excerpt":{"rendered":"<p>Tambi\u00e9n le doy a la m\u00fasica si. Hombre, por favor, qu\u00e9 ser humano puede obviar m\u00fasica y lecturas&#8230; Y tambi\u00e9n me interesan las an\u00e9cdotas de ciertos m\u00fasicos en formato c\u00f3mic. Porque es un modo de saber qu\u00e9 de ellos mola o no. Las mentes curiosas, las mentes inquietas, tenemos eso: queremos saber. Por eso me [&hellip;]<\/p>\n","protected":false},"author":4,"featured_media":0,"comment_status":"closed","ping_status":"closed","sticky":false,"template":"","format":"standard","meta":{"footnotes":""},"categories":[44,32,6],"tags":[421,110,11,10],"class_list":["post-16988","post","type-post","status-publish","format-standard","hentry","category-comic-europeo","category-dibbuks","category-resenas","tag-comic-europeo-2024","tag-dibbuks","tag-j-j-castillo","tag-resenas"],"_links":{"self":[{"href":"https:\/\/www.cronicasliterarias.es\/index.php?rest_route=\/wp\/v2\/posts\/16988","targetHints":{"allow":["GET"]}}],"collection":[{"href":"https:\/\/www.cronicasliterarias.es\/index.php?rest_route=\/wp\/v2\/posts"}],"about":[{"href":"https:\/\/www.cronicasliterarias.es\/index.php?rest_route=\/wp\/v2\/types\/post"}],"author":[{"embeddable":true,"href":"https:\/\/www.cronicasliterarias.es\/index.php?rest_route=\/wp\/v2\/users\/4"}],"replies":[{"embeddable":true,"href":"https:\/\/www.cronicasliterarias.es\/index.php?rest_route=%2Fwp%2Fv2%2Fcomments&post=16988"}],"version-history":[{"count":3,"href":"https:\/\/www.cronicasliterarias.es\/index.php?rest_route=\/wp\/v2\/posts\/16988\/revisions"}],"predecessor-version":[{"id":16994,"href":"https:\/\/www.cronicasliterarias.es\/index.php?rest_route=\/wp\/v2\/posts\/16988\/revisions\/16994"}],"wp:attachment":[{"href":"https:\/\/www.cronicasliterarias.es\/index.php?rest_route=%2Fwp%2Fv2%2Fmedia&parent=16988"}],"wp:term":[{"taxonomy":"category","embeddable":true,"href":"https:\/\/www.cronicasliterarias.es\/index.php?rest_route=%2Fwp%2Fv2%2Fcategories&post=16988"},{"taxonomy":"post_tag","embeddable":true,"href":"https:\/\/www.cronicasliterarias.es\/index.php?rest_route=%2Fwp%2Fv2%2Ftags&post=16988"}],"curies":[{"name":"wp","href":"https:\/\/api.w.org\/{rel}","templated":true}]}}