{"id":1702,"date":"2024-11-30T00:05:00","date_gmt":"2024-11-30T00:05:00","guid":{"rendered":"https:\/\/www.cronicasliterarias.es\/?p=1702"},"modified":"2024-12-01T08:37:16","modified_gmt":"2024-12-01T08:37:16","slug":"resena-en-las-montanas-de-la-locura-de-h-p-lovecraft-y-francois-baranger","status":"publish","type":"post","link":"https:\/\/www.cronicasliterarias.es\/?p=1702","title":{"rendered":"Rese\u00f1a: En las Monta\u00f1as de la Locura, de H.P. Lovecraft y Fran\u00e7ois Baranger"},"content":{"rendered":"<p align=\"JUSTIFY\"><img loading=\"lazy\" decoding=\"async\" class=\"alignleft  wp-image-1705\" src=\"https:\/\/www.cronicasliterarias.es\/wp-content\/uploads\/2020\/07\/enlasmonta\u00f1asdelalocuraCL-1.jpg\" alt=\"\" width=\"227\" height=\"300\" srcset=\"https:\/\/www.cronicasliterarias.es\/wp-content\/uploads\/2020\/07\/enlasmonta\u00f1asdelalocuraCL-1.jpg 1041w, https:\/\/www.cronicasliterarias.es\/wp-content\/uploads\/2020\/07\/enlasmonta\u00f1asdelalocuraCL-1-227x300.jpg 227w, https:\/\/www.cronicasliterarias.es\/wp-content\/uploads\/2020\/07\/enlasmonta\u00f1asdelalocuraCL-1-775x1024.jpg 775w, https:\/\/www.cronicasliterarias.es\/wp-content\/uploads\/2020\/07\/enlasmonta\u00f1asdelalocuraCL-1-768x1014.jpg 768w\" sizes=\"auto, (max-width: 227px) 100vw, 227px\" \/>Puede ser perfectamente de las ediciones m\u00e1s esperadas en nuestro pa\u00eds, el trabajo que Fran\u00e7ois Baranger est\u00e1 haciendo con la grandiosa y monstruosa obra de Lovecraft. Baranger es ya ilustrador reconocido en el mundo por su talento, en especial, en el mundo del cine y los videojuegos (<em>Harry Potter, Furia de Titanes, La Bella y la Bestia<\/em>). Y ahora anda tras los l\u00e1pices de esta obra cicl\u00f3pea, dando visual a lo incomprendido, a los parajes y aberraciones que el maestro de Providence nos describi\u00f3 en sus obras de Terror. Tras <em>La Llamada de Cthulhu<\/em> en Minotauro Ilustrados ya est\u00e1 disponible el uno de dos, de la que es para m\u00ed, la mejor historia escrita por H.P. Lovecraft. Por supuesto, hablo de <em>En las Monta\u00f1as de la Locura<\/em>, una trama evocadora, inspiradora como pocas, historia que me consta que ha contribuido como base para que otras mentes brillantes del glorioso mundo del g\u00e9nero de Terror, hayan creado guiones no menos flipantes. Una obra que abre con una introducci\u00f3n del gran Maxime Chattam, crimin\u00f3logo y n<span lang=\"es-ES\">ovelista franc\u00e9s especializado en ficci\u00f3n criminal, uno de los autores del momento.<\/span><\/p>\n<p align=\"JUSTIFY\"><span lang=\"es-ES\">Arkham, 1933. El profesor Dyer, un destacado ge\u00f3logo, oye que una expedici\u00f3n cient\u00edfica pronto partir\u00e1 hacia la Ant\u00e1rtida con la ambici\u00f3n de seguir los pasos, esos mismos que \u00e9l dio dos a\u00f1os antes. Con la esperanza de disuadirlos, Dyer decide dar un recuento completo a los tr\u00e1gicos acontecimientos por los que tuvo que pasar y a los que sobrevivi\u00f3, esta vez sin olvidar los pasajes que su mente decidi\u00f3 rechazar al volver para no ser tomado por loco. Dos a\u00f1os antes, los barcos fletados por la Universidad Miskatonic hab\u00edan aterrizado en el continente helado al comienzo del verano en el Polo Sur. El contingente de cuatro profesores y diecis\u00e9is <img loading=\"lazy\" decoding=\"async\" class=\"aligncenter  wp-image-1706\" src=\"https:\/\/www.cronicasliterarias.es\/wp-content\/uploads\/2020\/07\/enlasmonta\u00f1asdelalocura01.jpg\" alt=\"\" width=\"451\" height=\"118\" srcset=\"https:\/\/www.cronicasliterarias.es\/wp-content\/uploads\/2020\/07\/enlasmonta\u00f1asdelalocura01.jpg 630w, https:\/\/www.cronicasliterarias.es\/wp-content\/uploads\/2020\/07\/enlasmonta\u00f1asdelalocura01-300x79.jpg 300w\" sizes=\"auto, (max-width: 451px) 100vw, 451px\" \/>estudiantes se pusieron a trabajar de inmediato. Los primeros resultados no tardaron en llegar, y el bi\u00f3logo de la expedici\u00f3n, el profesor Lake, se march\u00f3 con varios miembros del equipo para seguir una prometedora ruta f\u00f3sil. Pocos d\u00edas despu\u00e9s, alertaba por radio que hab\u00eda descubierto asombrosos espec\u00edmenes de una especie desconocida, extraordinariamente antigua, antes de detener toda comunicaci\u00f3n por un horrible tormenta que les acomet\u00eda. Pensando en lo peor, Dyer parti\u00f3 hacia sus rescate al d\u00eda siguiente. Setop\u00f3 con sus miedos m\u00e1s ancestrales&#8230;<\/span><\/p>\n<p align=\"JUSTIFY\"><span lang=\"es-ES\">Paisajes desolados en desiertos helados, criaturas indescriptibles de millones de a\u00f1os descubiertas en un estado anormal de conservaci\u00f3n, extra\u00f1as estructuras geom\u00e9tricas en la cima de esas monta\u00f1as oscuras que se abaten contra el cielo, mucho m\u00e1s altas que el Everest&#8230; Como os dec\u00eda e insisto, una obra que ha inspirado a generaciones de escritores y directores, desde John Carpenter, cuando dirigi\u00f3 <em>La Cosa<\/em> (<em>The Thing<\/em>, aunque se basa en otro relato de Terror, concretamente, <em>Who Goes There?<\/em>, <\/span>John W. Campbell), aunque, sobre todo, <em>En las Monta\u00f1as de la Locura<\/em> siempre suena \u00faltimamente por el deseo eterno de ser llevada a la gran pantalla por <span lang=\"es-ES\">Guillermo del Toro.<\/span><\/p>\n<p align=\"JUSTIFY\"><span lang=\"es-ES\">Siempre me ha fascinado el universo creado por H.P. Lovecraft, aunque debo reconocer que siempre tengo que hacer un gran esfuerzo para meterme, de verdad, en sus historias. Pero es un problema particular, yo que normalmente odio los grandes relatos ausentes de di\u00e1logo y extensos en descripciones. Pero al C\u00e9sar, lo que es del C\u00e9sar. S\u00e9 lo que es, qui\u00e9n fue, <img loading=\"lazy\" decoding=\"async\" class=\"alignright  wp-image-1707\" src=\"https:\/\/www.cronicasliterarias.es\/wp-content\/uploads\/2020\/07\/enlasmonta\u00f1asdelalocura03.jpg\" alt=\"\" width=\"132\" height=\"161\" \/>leo todo lo que puedo sobre Lovecraft, por que siempre hay que leer a los grandes. Y Fran\u00e7ois Baranger, no debe estar muy lejos de mi pensamiento cuando decidi\u00f3 ilustrar todo ese universo de descripciones horrendas que Lovecraft propuso. \u00bfPara hacerlo m\u00e1s f\u00e1cil? M\u00e1s bien, para poner ante los ojos de muchos todas aquellas demencias y bellos\/malvados paisajes dignos de esa locura invernal.<\/span><\/p>\n<p align=\"JUSTIFY\"><span lang=\"es-ES\">Magn\u00edficas ediciones que me consta, se agotan en nada. Avisados est\u00e1is. Est\u00e1is calentando el sitio si, de verdad, am\u00e1is todo lo que el maestro de Providence propuso.<\/span><\/p>\n","protected":false},"excerpt":{"rendered":"<p>Puede ser perfectamente de las ediciones m\u00e1s esperadas en nuestro pa\u00eds, el trabajo que Fran\u00e7ois Baranger est\u00e1 haciendo con la grandiosa y monstruosa obra de Lovecraft. Baranger es ya ilustrador reconocido en el mundo por su talento, en especial, en el mundo del cine y los videojuegos (Harry Potter, Furia de Titanes, La Bella y [&hellip;]<\/p>\n","protected":false},"author":4,"featured_media":0,"comment_status":"closed","ping_status":"closed","sticky":false,"template":"","format":"standard","meta":{"footnotes":""},"categories":[166,131,6,8],"tags":[66,11,150,10],"class_list":["post-1702","post","type-post","status-publish","format-standard","hentry","category-libro-ilustrado","category-minotauro","category-resenas","category-terror","tag-indispensables-terror","tag-j-j-castillo","tag-minotauro-ilustrados","tag-resenas"],"_links":{"self":[{"href":"https:\/\/www.cronicasliterarias.es\/index.php?rest_route=\/wp\/v2\/posts\/1702","targetHints":{"allow":["GET"]}}],"collection":[{"href":"https:\/\/www.cronicasliterarias.es\/index.php?rest_route=\/wp\/v2\/posts"}],"about":[{"href":"https:\/\/www.cronicasliterarias.es\/index.php?rest_route=\/wp\/v2\/types\/post"}],"author":[{"embeddable":true,"href":"https:\/\/www.cronicasliterarias.es\/index.php?rest_route=\/wp\/v2\/users\/4"}],"replies":[{"embeddable":true,"href":"https:\/\/www.cronicasliterarias.es\/index.php?rest_route=%2Fwp%2Fv2%2Fcomments&post=1702"}],"version-history":[{"count":7,"href":"https:\/\/www.cronicasliterarias.es\/index.php?rest_route=\/wp\/v2\/posts\/1702\/revisions"}],"predecessor-version":[{"id":17640,"href":"https:\/\/www.cronicasliterarias.es\/index.php?rest_route=\/wp\/v2\/posts\/1702\/revisions\/17640"}],"wp:attachment":[{"href":"https:\/\/www.cronicasliterarias.es\/index.php?rest_route=%2Fwp%2Fv2%2Fmedia&parent=1702"}],"wp:term":[{"taxonomy":"category","embeddable":true,"href":"https:\/\/www.cronicasliterarias.es\/index.php?rest_route=%2Fwp%2Fv2%2Fcategories&post=1702"},{"taxonomy":"post_tag","embeddable":true,"href":"https:\/\/www.cronicasliterarias.es\/index.php?rest_route=%2Fwp%2Fv2%2Ftags&post=1702"}],"curies":[{"name":"wp","href":"https:\/\/api.w.org\/{rel}","templated":true}]}}