{"id":17109,"date":"2024-09-06T00:05:00","date_gmt":"2024-09-06T00:05:00","guid":{"rendered":"https:\/\/www.cronicasliterarias.es\/?p=17109"},"modified":"2024-09-06T16:42:23","modified_gmt":"2024-09-06T16:42:23","slug":"resena-hitler-ha-muerto-de-brisard-y","status":"publish","type":"post","link":"https:\/\/www.cronicasliterarias.es\/?p=17109","title":{"rendered":"Rese\u00f1a: Hitler ha Muerto, de Brisard y Pagliaro"},"content":{"rendered":"<p align=\"JUSTIFY\"><img loading=\"lazy\" decoding=\"async\" class=\"alignleft  wp-image-17116\" src=\"https:\/\/www.cronicasliterarias.es\/wp-content\/uploads\/2024\/09\/hitlerhamuerto.jpg\" alt=\"\" width=\"241\" height=\"318\" srcset=\"https:\/\/www.cronicasliterarias.es\/wp-content\/uploads\/2024\/09\/hitlerhamuerto.jpg 642w, https:\/\/www.cronicasliterarias.es\/wp-content\/uploads\/2024\/09\/hitlerhamuerto-228x300.jpg 228w\" sizes=\"auto, (max-width: 241px) 100vw, 241px\" \/>Esta historieta pretende contarnos las tribulaciones de la investigaci\u00f3n sovi\u00e9tica sobre la muerte de Hitler, en un contexto de rivalidad entre dos servicios secretos enemigos: el NKVD (que m\u00e1s tarde se convertir\u00eda en la KGB) polic\u00eda secreta encargada de la seguridad interior y exterior, dirigida por Lavrenti Beria; y el SMERSH. organizaci\u00f3n creada desde cero por Stalin en 1943, encargada del contraespionaje militar, dirigida por Viktor Abakumov. Y es cierto que el SMERSH estaba oficialmente a cargo de la investigaci\u00f3n sobre la muerte de Hitler, y que el NKVD intent\u00f3 por todos los medios ponerle fin, pero puede crear controversia que este c\u00f3mic de Jean-Christophe Brisard, reci\u00e9n publicado por Norma Editorial, apoye la tesis de que Beria se juega la vida en este asunto, lo cual fuera, en realidad, muy poco probable.<\/p>\n<p align=\"JUSTIFY\">Pero lo que es m\u00e1s problem\u00e1tico es que <em>Hitler ha muerto<\/em> mezcla \u00e9pocas para hacerlo todo m\u00e1s cre\u00edble: Beria, por ejemplo, se ve liberado de la responsabilidad del NKVD en favor del dise\u00f1o de la primera bomba A (incorrectamente calificada como bomba <img loading=\"lazy\" decoding=\"async\" class=\"alignright  wp-image-17117\" src=\"https:\/\/www.cronicasliterarias.es\/wp-content\/uploads\/2024\/09\/hitlerhamuerto01-300x155.jpg\" alt=\"\" width=\"172\" height=\"89\" srcset=\"https:\/\/www.cronicasliterarias.es\/wp-content\/uploads\/2024\/09\/hitlerhamuerto01-300x155.jpg 300w, https:\/\/www.cronicasliterarias.es\/wp-content\/uploads\/2024\/09\/hitlerhamuerto01.jpg 542w\" sizes=\"auto, (max-width: 172px) 100vw, 172px\" \/>H en la historia) durante el conferencia de Potsdam (julio de 1945), una especie de desgracia. Sin embargo, en realidad, a priori, no existe una relaci\u00f3n de causa y efecto entre la desgracia real (aunque temporal) de Beria y la investigaci\u00f3n sobre la muerte de Hitler. \u00bfEstamos ante una total ucron\u00eda entonces? Si te la tomas como tal, a sabiendas que ciertas cosas no ocurrieron tal que as\u00ed, entonces s\u00ed que disfrutar\u00e1s de este \u00e1lbum de c\u00f3mic europeo. En su d\u00eda me pasaron <em>La muerte de Hitler en los archivos secretos de la KGB<\/em>, del mismo autor. En este ensayo, con la ayuda de Lana Parshina, Jean-Christophe Brisard investig\u00f3 lo que sab\u00edan los rusos en 1945 sobre la muerte de Hitler y qu\u00e9 fue de su cuerpo. Esta investigaci\u00f3n es fascinante, as\u00ed que quiz\u00e1s por eso cog\u00ed tan encantado este t\u00edtulo para rese\u00f1arlo. Por lo que encantado de profundizar en la adaptaci\u00f3n al c\u00f3mic realizada por el propio periodista.<\/p>\n<p align=\"JUSTIFY\"><img loading=\"lazy\" decoding=\"async\" class=\"alignleft  wp-image-17119\" src=\"https:\/\/www.cronicasliterarias.es\/wp-content\/uploads\/2024\/09\/hitlerhamuerto02-270x300.jpg\" alt=\"\" width=\"144\" height=\"160\" srcset=\"https:\/\/www.cronicasliterarias.es\/wp-content\/uploads\/2024\/09\/hitlerhamuerto02-270x300.jpg 270w, https:\/\/www.cronicasliterarias.es\/wp-content\/uploads\/2024\/09\/hitlerhamuerto02.jpg 630w\" sizes=\"auto, (max-width: 144px) 100vw, 144px\" \/>C\u00f3mic donde seguimos a dos equipos y dos investigaciones sobre la muerte de Hitler llevadas a cabo por dos organizaciones de espionaje de la antigua U.R.S.S. Donde tenemos una lucha fratricida que se desarrolla ante nuestros ojos donde todo vale. El objetivo de cada organizaci\u00f3n es cumplir su misi\u00f3n para que su l\u00edder pueda brillar con Stalin y para que la gloria se refleje en ellos a trav\u00e9s del flujo&#8230; El contexto del fin de la guerra tambi\u00e9n queda bien representado con los abusos cometidos por los soldados rusos o el intercambio de informaci\u00f3n fragmentaria entre los aliados.<\/p>\n<p align=\"JUSTIFY\">El dibujo de Pagliaro encaja bien con la historia. Algunos de sus personajes tienen \u00abbocas\u00bb y al instante sentimos simpat\u00eda o antipat\u00eda por algunos de ellos. Una cosa raruna de este c\u00f3mic es que casi todas las vi\u00f1etas de uno de los t\u00edtulos est\u00e1n afectadas por una especie de semic\u00edrculo negro, dando la sensaci\u00f3n de que ondas atraviesan el espacio y eso llega a calar el alma lectora sobremanera. Francamente, no entiendo el objetivo de esto en uno de los \u00e1lbumes pero me afect\u00f3. Pero lo que s\u00ed tengo claro es que <em>Hitler ha muerto<\/em> har\u00e1 las delicias de todos los aficionados al c\u00f3mic hist\u00f3rico y\/o a las investigaciones policiales elaboradas en <img loading=\"lazy\" decoding=\"async\" class=\"alignright  wp-image-17118\" src=\"https:\/\/www.cronicasliterarias.es\/wp-content\/uploads\/2024\/09\/hitlerhamuerto03-290x300.jpg\" alt=\"\" width=\"92\" height=\"96\" srcset=\"https:\/\/www.cronicasliterarias.es\/wp-content\/uploads\/2024\/09\/hitlerhamuerto03-290x300.jpg 290w, https:\/\/www.cronicasliterarias.es\/wp-content\/uploads\/2024\/09\/hitlerhamuerto03.jpg 482w\" sizes=\"auto, (max-width: 92px) 100vw, 92px\" \/>grandes contiendas de nuestra historia b\u00e9lica.<\/p>\n<p align=\"JUSTIFY\">Amantes de la 2GM, deber\u00edais conocer esto.<\/p>\n","protected":false},"excerpt":{"rendered":"<p>Esta historieta pretende contarnos las tribulaciones de la investigaci\u00f3n sovi\u00e9tica sobre la muerte de Hitler, en un contexto de rivalidad entre dos servicios secretos enemigos: el NKVD (que m\u00e1s tarde se convertir\u00eda en la KGB) polic\u00eda secreta encargada de la seguridad interior y exterior, dirigida por Lavrenti Beria; y el SMERSH. organizaci\u00f3n creada desde cero [&hellip;]<\/p>\n","protected":false},"author":4,"featured_media":0,"comment_status":"closed","ping_status":"closed","sticky":false,"template":"","format":"standard","meta":{"footnotes":""},"categories":[53,204,44,30,6],"tags":[421,11,22,10],"class_list":["post-17109","post","type-post","status-publish","format-standard","hentry","category-bd","category-belico","category-comic-europeo","category-norma-editorial","category-resenas","tag-comic-europeo-2024","tag-j-j-castillo","tag-norma-editorial","tag-resenas"],"_links":{"self":[{"href":"https:\/\/www.cronicasliterarias.es\/index.php?rest_route=\/wp\/v2\/posts\/17109","targetHints":{"allow":["GET"]}}],"collection":[{"href":"https:\/\/www.cronicasliterarias.es\/index.php?rest_route=\/wp\/v2\/posts"}],"about":[{"href":"https:\/\/www.cronicasliterarias.es\/index.php?rest_route=\/wp\/v2\/types\/post"}],"author":[{"embeddable":true,"href":"https:\/\/www.cronicasliterarias.es\/index.php?rest_route=\/wp\/v2\/users\/4"}],"replies":[{"embeddable":true,"href":"https:\/\/www.cronicasliterarias.es\/index.php?rest_route=%2Fwp%2Fv2%2Fcomments&post=17109"}],"version-history":[{"count":8,"href":"https:\/\/www.cronicasliterarias.es\/index.php?rest_route=\/wp\/v2\/posts\/17109\/revisions"}],"predecessor-version":[{"id":17126,"href":"https:\/\/www.cronicasliterarias.es\/index.php?rest_route=\/wp\/v2\/posts\/17109\/revisions\/17126"}],"wp:attachment":[{"href":"https:\/\/www.cronicasliterarias.es\/index.php?rest_route=%2Fwp%2Fv2%2Fmedia&parent=17109"}],"wp:term":[{"taxonomy":"category","embeddable":true,"href":"https:\/\/www.cronicasliterarias.es\/index.php?rest_route=%2Fwp%2Fv2%2Fcategories&post=17109"},{"taxonomy":"post_tag","embeddable":true,"href":"https:\/\/www.cronicasliterarias.es\/index.php?rest_route=%2Fwp%2Fv2%2Ftags&post=17109"}],"curies":[{"name":"wp","href":"https:\/\/api.w.org\/{rel}","templated":true}]}}