{"id":17206,"date":"2024-09-24T00:05:00","date_gmt":"2024-09-24T00:05:00","guid":{"rendered":"https:\/\/www.cronicasliterarias.es\/?p=17206"},"modified":"2024-09-24T08:11:06","modified_gmt":"2024-09-24T08:11:06","slug":"resena-shayne-de-desberg-y-chaiko","status":"publish","type":"post","link":"https:\/\/www.cronicasliterarias.es\/?p=17206","title":{"rendered":"Rese\u00f1a: Shayne, de Desberg y Chaiko"},"content":{"rendered":"<p align=\"JUSTIFY\"><img loading=\"lazy\" decoding=\"async\" class=\"alignright  wp-image-17210\" src=\"https:\/\/www.cronicasliterarias.es\/wp-content\/uploads\/2024\/09\/Shayne-216x300.jpg\" alt=\"\" width=\"230\" height=\"319\" srcset=\"https:\/\/www.cronicasliterarias.es\/wp-content\/uploads\/2024\/09\/Shayne-216x300.jpg 216w, https:\/\/www.cronicasliterarias.es\/wp-content\/uploads\/2024\/09\/Shayne-739x1024.jpg 739w, https:\/\/www.cronicasliterarias.es\/wp-content\/uploads\/2024\/09\/Shayne-768x1064.jpg 768w, https:\/\/www.cronicasliterarias.es\/wp-content\/uploads\/2024\/09\/Shayne.jpg 1039w\" sizes=\"auto, (max-width: 230px) 100vw, 230px\" \/>Un mundo medieval sometido al caos en una extra\u00f1a atm\u00f3sfera del fin del mundo es la primera impresi\u00f3n que te llevas cuando conoces por primera vez el c\u00f3mic de <em>Shayne<\/em> publicado en nuestro pa\u00eds por Yermo Ediciones. A primera vista mola, a poco que te guste el g\u00e9nero Fantasy Noir. Hay varios elementos atractivos, donde tenemos un universo que duda entre fantas\u00eda medieval y fantas\u00eda oscura, una fantas\u00eda no invasiva, un peque\u00f1o grupo que se forma en busca de un rey desaparecido, una criatura bastante fascinante, el lingual que se asemeja a un peque\u00f1o drag\u00f3n pero sin ser un tragafuegos en toda regla&#8230;, todos los elementos van encajando y ganando espesor poco a poco en este \u00e1lbum que goza de una poderosa ambientaci\u00f3n y personajes potentes. Pero Desberg se toma su tiempo. Porque es un autor reconocido ya en la BD y sabe establecer una atm\u00f3sfera oscurantista para darte de comer poco a poco y con el paso de las p\u00e1ginas hacer que quieras saber m\u00e1s y m\u00e1s.<\/p>\n<p align=\"JUSTIFY\">Este volumen recoge los dos \u00e1lbumes que tuvo la historia en su formato original. En <em>Shayne<\/em>, Chaiko, el autor de el rey mono, se al\u00eda con el m\u00edtico Stephen Desberg para ofrecer una obra de fantas\u00eda crepuscular cargada de originalidad, violencia y pesimismo. Sin embargo, con lo que ya percibimos, esta historia tiene buenos puntos fuertes, aunque creo que Desberg se siente menos c\u00f3modo en este tipo de escenario que en sus historias de esp\u00edas contempor\u00e1neas o sus thrillers con geopol\u00edtica <img loading=\"lazy\" decoding=\"async\" class=\"alignleft  wp-image-17211\" src=\"https:\/\/www.cronicasliterarias.es\/wp-content\/uploads\/2024\/09\/Shayne01-300x121.jpg\" alt=\"\" width=\"240\" height=\"97\" srcset=\"https:\/\/www.cronicasliterarias.es\/wp-content\/uploads\/2024\/09\/Shayne01-300x121.jpg 300w, https:\/\/www.cronicasliterarias.es\/wp-content\/uploads\/2024\/09\/Shayne01.jpg 368w\" sizes=\"auto, (max-width: 240px) 100vw, 240px\" \/>compleja (no olvidemos en el l\u00edo que se meti\u00f3 con <em>Hell<\/em>). As\u00ed que, por el momento, os puedo decir que las buenas sensaciones con este volumen ya eran algo esperadas. Una historia lo suficientemente sustentada como para despertar inter\u00e9s, con la esperanza de que no descarrile y no lo hace y con un dibujo mol\u00f3n de Chaiko. Y es que descubr\u00ed a este dise\u00f1ador chino en <em>La chica de Shanghai<\/em> donde su l\u00ednea era muy fina y elegante, en cambio me decepcion\u00f3 mucho con <em>Francisco I<\/em>, donde ni siquiera lo reconoc\u00ed en absoluto. Pero aqu\u00ed adopta un frente m\u00e1s cargado si cabe, y m\u00e1s cercano al primer \u00e1lbum donde lo conoc\u00ed. El dibujo es cuidado, reproduce bien la atm\u00f3sfera semi-apocal\u00edptica que reina en este vi\u00f1etario fant\u00e1stico y gracias a coloreados oscuros y brumosos, nos ense\u00f1a que los dibujantes chinos tambi\u00e9n pueden hacer obras cl\u00e1sicas franco-belgas como si de nativos se tratara.<\/p>\n<p style=\"text-align: center;\" align=\"JUSTIFY\"><img loading=\"lazy\" decoding=\"async\" class=\"aligncenter  wp-image-17213\" src=\"https:\/\/www.cronicasliterarias.es\/wp-content\/uploads\/2024\/09\/Shayne02.jpg\" alt=\"\" width=\"446\" height=\"159\" srcset=\"https:\/\/www.cronicasliterarias.es\/wp-content\/uploads\/2024\/09\/Shayne02.jpg 932w, https:\/\/www.cronicasliterarias.es\/wp-content\/uploads\/2024\/09\/Shayne02-300x107.jpg 300w, https:\/\/www.cronicasliterarias.es\/wp-content\/uploads\/2024\/09\/Shayne02-768x274.jpg 768w\" sizes=\"auto, (max-width: 446px) 100vw, 446px\" \/><\/p>\n<p align=\"JUSTIFY\">La sinopsis dice as\u00ed:<\/p>\n<p align=\"JUSTIFY\"><em>Tras la desaparici\u00f3n del rey y su corte, el reino donde vive Shayne, una soldado veterana retirada, se sume en la violencia. Lo \u00fanico que importa es la supervivencia en medio de la oleada de asesinatos y cr\u00edmenes que los rodea. Junto con cuatro personajes muy distintos entre s\u00ed, Shayne debe escapar de una ciudad a punto de convertirse en ruinas\u2026<\/em><\/p>\n<p align=\"JUSTIFY\"><img loading=\"lazy\" decoding=\"async\" class=\"alignleft  wp-image-17212\" src=\"https:\/\/www.cronicasliterarias.es\/wp-content\/uploads\/2024\/09\/Shayne04-288x300.jpg\" alt=\"\" width=\"177\" height=\"184\" srcset=\"https:\/\/www.cronicasliterarias.es\/wp-content\/uploads\/2024\/09\/Shayne04-288x300.jpg 288w, https:\/\/www.cronicasliterarias.es\/wp-content\/uploads\/2024\/09\/Shayne04.jpg 380w\" sizes=\"auto, (max-width: 177px) 100vw, 177px\" \/>Me gusta la idea inicial de que un reino caiga en la violencia s\u00f3lo porque quienes gobiernan al pueblo han desaparecido. Interesante esta miniserie de Desberg de la que dicen al otro lado de los Pirineos que es la mejor de los \u00faltimos a\u00f1os.<\/p>\n<p align=\"JUSTIFY\">Opinen ustedes.<\/p>\n","protected":false},"excerpt":{"rendered":"<p>Un mundo medieval sometido al caos en una extra\u00f1a atm\u00f3sfera del fin del mundo es la primera impresi\u00f3n que te llevas cuando conoces por primera vez el c\u00f3mic de Shayne publicado en nuestro pa\u00eds por Yermo Ediciones. A primera vista mola, a poco que te guste el g\u00e9nero Fantasy Noir. Hay varios elementos atractivos, donde [&hellip;]<\/p>\n","protected":false},"author":4,"featured_media":0,"comment_status":"closed","ping_status":"closed","sticky":false,"template":"","format":"standard","meta":{"footnotes":""},"categories":[53,44,34,6,104],"tags":[421,11,10,105],"class_list":["post-17206","post","type-post","status-publish","format-standard","hentry","category-bd","category-comic-europeo","category-fantasia","category-resenas","category-yermo-ediciones","tag-comic-europeo-2024","tag-j-j-castillo","tag-resenas","tag-yermo-ediciones"],"_links":{"self":[{"href":"https:\/\/www.cronicasliterarias.es\/index.php?rest_route=\/wp\/v2\/posts\/17206","targetHints":{"allow":["GET"]}}],"collection":[{"href":"https:\/\/www.cronicasliterarias.es\/index.php?rest_route=\/wp\/v2\/posts"}],"about":[{"href":"https:\/\/www.cronicasliterarias.es\/index.php?rest_route=\/wp\/v2\/types\/post"}],"author":[{"embeddable":true,"href":"https:\/\/www.cronicasliterarias.es\/index.php?rest_route=\/wp\/v2\/users\/4"}],"replies":[{"embeddable":true,"href":"https:\/\/www.cronicasliterarias.es\/index.php?rest_route=%2Fwp%2Fv2%2Fcomments&post=17206"}],"version-history":[{"count":3,"href":"https:\/\/www.cronicasliterarias.es\/index.php?rest_route=\/wp\/v2\/posts\/17206\/revisions"}],"predecessor-version":[{"id":17217,"href":"https:\/\/www.cronicasliterarias.es\/index.php?rest_route=\/wp\/v2\/posts\/17206\/revisions\/17217"}],"wp:attachment":[{"href":"https:\/\/www.cronicasliterarias.es\/index.php?rest_route=%2Fwp%2Fv2%2Fmedia&parent=17206"}],"wp:term":[{"taxonomy":"category","embeddable":true,"href":"https:\/\/www.cronicasliterarias.es\/index.php?rest_route=%2Fwp%2Fv2%2Fcategories&post=17206"},{"taxonomy":"post_tag","embeddable":true,"href":"https:\/\/www.cronicasliterarias.es\/index.php?rest_route=%2Fwp%2Fv2%2Ftags&post=17206"}],"curies":[{"name":"wp","href":"https:\/\/api.w.org\/{rel}","templated":true}]}}