{"id":17246,"date":"2024-10-03T00:05:00","date_gmt":"2024-10-03T00:05:00","guid":{"rendered":"https:\/\/www.cronicasliterarias.es\/?p=17246"},"modified":"2024-10-04T15:59:25","modified_gmt":"2024-10-04T15:59:25","slug":"resena-cronicas-del-reino-de-los-dos-lagos-de-tito-faraci-y-silvia-ziche","status":"publish","type":"post","link":"https:\/\/www.cronicasliterarias.es\/?p=17246","title":{"rendered":"Rese\u00f1a: Cr\u00f3nicas del Reino de los Dos Lagos, de Tito Faraci y Silvia Ziche"},"content":{"rendered":"<p align=\"JUSTIFY\"><img loading=\"lazy\" decoding=\"async\" class=\"alignright  wp-image-17258\" src=\"https:\/\/www.cronicasliterarias.es\/wp-content\/uploads\/2024\/10\/cronicasdelosdoslagos-747x1024.jpg\" alt=\"\" width=\"201\" height=\"275\" srcset=\"https:\/\/www.cronicasliterarias.es\/wp-content\/uploads\/2024\/10\/cronicasdelosdoslagos-747x1024.jpg 747w, https:\/\/www.cronicasliterarias.es\/wp-content\/uploads\/2024\/10\/cronicasdelosdoslagos-219x300.jpg 219w, https:\/\/www.cronicasliterarias.es\/wp-content\/uploads\/2024\/10\/cronicasdelosdoslagos-768x1053.jpg 768w, https:\/\/www.cronicasliterarias.es\/wp-content\/uploads\/2024\/10\/cronicasdelosdoslagos-1121x1536.jpg 1121w, https:\/\/www.cronicasliterarias.es\/wp-content\/uploads\/2024\/10\/cronicasdelosdoslagos-1494x2048.jpg 1494w, https:\/\/www.cronicasliterarias.es\/wp-content\/uploads\/2024\/10\/cronicasdelosdoslagos-1200x1645.jpg 1200w, https:\/\/www.cronicasliterarias.es\/wp-content\/uploads\/2024\/10\/cronicasdelosdoslagos-scaled.jpg 1868w\" sizes=\"auto, (max-width: 201px) 100vw, 201px\" \/>Tito Faraci, principalmente, sabe hacer dos cosas muy bien: c\u00f3mic de g\u00e9nero negro y humor\u00edstico. Tambi\u00e9n se le dan bien otras cosas pero estos dos g\u00e9neros son las joyas de su producci\u00f3n. En el primero, nos brind\u00f3 obras maestras como <em>Anderville,<\/em> las historias de Manetta y <em>Rock Sassi.<\/em> Y otras tantas. Pero por otro lado fue capaz de introducir sus \u201csugerencias\u201d en obras infantiles como en su corta dedicaci\u00f3n para Disney en la famosa revista <em>Topolino<\/em>, donde <em>Cr\u00f3nicas del Reino de los Dos Lagos<\/em> es un ejemplo. Por eso este que anda por aqu\u00ed no pod\u00eda perderse la publicaci\u00f3n de esta obra ahora que Panini C\u00f3mics la pone en librer\u00edas en la colecci\u00f3n de estos maravillosos mini Disney Limited Edition que nos est\u00e1 trayendo. Una saga fant\u00e1stica, una peculiaridad en la producci\u00f3n de Faraci, pero no una fantas\u00eda cl\u00e1sica sino una fantas\u00eda al estilo de Tito Faraci.<\/p>\n<p align=\"JUSTIFY\">Fantas\u00eda que te hace re\u00edr. Fantas\u00eda que tiene trasfondo de g\u00e9nero negro. Y no pod\u00eda ser de otra forma, para una historia que fue confiada a los l\u00e1pices de Silvia Ziche. Un nombre, un programa y as\u00ed <em>Cr\u00f3nicas del Reino de los Dos Lagos<\/em> resulta ser una sabrosa interpretaci\u00f3n de la fantas\u00eda de Tito, en la que tenemos a <img loading=\"lazy\" decoding=\"async\" class=\"alignleft  wp-image-17259\" src=\"https:\/\/www.cronicasliterarias.es\/wp-content\/uploads\/2024\/10\/cronicasdelosdoslagos01-224x300.jpg\" alt=\"\" width=\"95\" height=\"127\" srcset=\"https:\/\/www.cronicasliterarias.es\/wp-content\/uploads\/2024\/10\/cronicasdelosdoslagos01-224x300.jpg 224w, https:\/\/www.cronicasliterarias.es\/wp-content\/uploads\/2024\/10\/cronicasdelosdoslagos01.jpg 400w\" sizes=\"auto, (max-width: 95px) 100vw, 95px\" \/>Mickey Mouse en el papel de un rey que ya no quiere ser rey, a Manetta como su consejero, a Goofy como comandante del ej\u00e9rcito, un Gamba dudoso como l\u00edder de los invasores b\u00e1rbaros, etc. Una joya por el ritmo c\u00f3mico expresado, apoyado admirablemente por Ziche. De hecho, os dir\u00eda que el final del \u00faltimo episodio es una de las cosas m\u00e1s brillantes en los c\u00f3mics de Disney que he le\u00eddo en muchos a\u00f1os lectores. Mis aplausos siempre a los finales abiertos.<\/p>\n<p align=\"JUSTIFY\"><em>Cr\u00f3nicas del Reino de los Dos Lagos<\/em> es una serie de historias que aparecieron entre 2010 y 2013. Siete episodios en total los que caracterizan esta simp\u00e1tica aventura que inicialmente se supon\u00eda que constar\u00eda de tres, aunque se ampli\u00f3 a cuatro. El protagonista es Mickey Mouse pero&#8230;, en esta saga hace aparici\u00f3n un \u00abnuevo\u00bb personaje. Se trata del Rey Mickey Mouse, quien es el jefe del famoso reino de los dos lagos, donde se desarrollan los acontecimientos. Un nombre muy indicativo de la composici\u00f3n del reino, una gran extensi\u00f3n de tierra bordeada por <img loading=\"lazy\" decoding=\"async\" class=\"alignright  wp-image-17261\" src=\"https:\/\/www.cronicasliterarias.es\/wp-content\/uploads\/2024\/10\/cronicasdelosdoslagos05-300x142.jpg\" alt=\"\" width=\"195\" height=\"92\" srcset=\"https:\/\/www.cronicasliterarias.es\/wp-content\/uploads\/2024\/10\/cronicasdelosdoslagos05-300x142.jpg 300w, https:\/\/www.cronicasliterarias.es\/wp-content\/uploads\/2024\/10\/cronicasdelosdoslagos05.jpg 457w\" sizes=\"auto, (max-width: 195px) 100vw, 195px\" \/>dos lagos y con la capital en el centro. Porque ser gobernador del reino es ciertamente una tarea ardua y Mickey lo sabe bien, ya que continuamente se ve obligado a proporcionar dinero al pueblo. Por eso las arcas del se\u00f1or\u00edo empieza a estar en grandes dificultades y el rey Mickey decide intervenir de una forma muy particular. De hecho, descubre que los b\u00e1rbaros, guiados por su eterno enemigo, pretenden atacar el reino y, en lugar de hacer todo lo posible para preservar el territorio, el rey Mickey elige a Goofy como comandante del ej\u00e9rcito para organizar una defensa contra los b\u00e1rbaros. Seg\u00fan las intenciones del soberano, Pippo, al no tener experiencia, no deber\u00eda poder derrotar el ataque del enemigo. Pero como sabemos, las cosas no siempre salen como <img loading=\"lazy\" decoding=\"async\" class=\"alignleft  wp-image-17260\" src=\"https:\/\/www.cronicasliterarias.es\/wp-content\/uploads\/2024\/10\/cronicasdelosdoslagos03-224x300.jpg\" alt=\"\" width=\"137\" height=\"183\" srcset=\"https:\/\/www.cronicasliterarias.es\/wp-content\/uploads\/2024\/10\/cronicasdelosdoslagos03-224x300.jpg 224w, https:\/\/www.cronicasliterarias.es\/wp-content\/uploads\/2024\/10\/cronicasdelosdoslagos03.jpg 400w\" sizes=\"auto, (max-width: 137px) 100vw, 137px\" \/>deber\u00edan&#8230;<\/p>\n<p align=\"JUSTIFY\">Un volumen que en mi opini\u00f3n todo el mundo deber\u00eda tener, tanto los fans de los c\u00f3mics de Disney cl\u00e1sicos como todo amante de la comedia e incluso los que lo son un poco menos. Una saga que se burla descaradamente de la Fantas\u00eda y hace re\u00edr, pero mucho.<\/p>\n","protected":false},"excerpt":{"rendered":"<p>Tito Faraci, principalmente, sabe hacer dos cosas muy bien: c\u00f3mic de g\u00e9nero negro y humor\u00edstico. Tambi\u00e9n se le dan bien otras cosas pero estos dos g\u00e9neros son las joyas de su producci\u00f3n. En el primero, nos brind\u00f3 obras maestras como Anderville, las historias de Manetta y Rock Sassi. Y otras tantas. Pero por otro lado [&hellip;]<\/p>\n","protected":false},"author":4,"featured_media":0,"comment_status":"closed","ping_status":"closed","sticky":false,"template":"","format":"standard","meta":{"footnotes":""},"categories":[49,34,28,6,87],"tags":[446,373,11,21,10,85],"class_list":["post-17246","post","type-post","status-publish","format-standard","hentry","category-comics","category-fantasia","category-panini-comics","category-resenas","category-sd","tag-biblioteca-disney","tag-disney-limited-edition","tag-j-j-castillo","tag-panini-comics","tag-resenas","tag-sd"],"_links":{"self":[{"href":"https:\/\/www.cronicasliterarias.es\/index.php?rest_route=\/wp\/v2\/posts\/17246","targetHints":{"allow":["GET"]}}],"collection":[{"href":"https:\/\/www.cronicasliterarias.es\/index.php?rest_route=\/wp\/v2\/posts"}],"about":[{"href":"https:\/\/www.cronicasliterarias.es\/index.php?rest_route=\/wp\/v2\/types\/post"}],"author":[{"embeddable":true,"href":"https:\/\/www.cronicasliterarias.es\/index.php?rest_route=\/wp\/v2\/users\/4"}],"replies":[{"embeddable":true,"href":"https:\/\/www.cronicasliterarias.es\/index.php?rest_route=%2Fwp%2Fv2%2Fcomments&post=17246"}],"version-history":[{"count":5,"href":"https:\/\/www.cronicasliterarias.es\/index.php?rest_route=\/wp\/v2\/posts\/17246\/revisions"}],"predecessor-version":[{"id":17277,"href":"https:\/\/www.cronicasliterarias.es\/index.php?rest_route=\/wp\/v2\/posts\/17246\/revisions\/17277"}],"wp:attachment":[{"href":"https:\/\/www.cronicasliterarias.es\/index.php?rest_route=%2Fwp%2Fv2%2Fmedia&parent=17246"}],"wp:term":[{"taxonomy":"category","embeddable":true,"href":"https:\/\/www.cronicasliterarias.es\/index.php?rest_route=%2Fwp%2Fv2%2Fcategories&post=17246"},{"taxonomy":"post_tag","embeddable":true,"href":"https:\/\/www.cronicasliterarias.es\/index.php?rest_route=%2Fwp%2Fv2%2Ftags&post=17246"}],"curies":[{"name":"wp","href":"https:\/\/api.w.org\/{rel}","templated":true}]}}