{"id":17364,"date":"2024-10-18T00:05:00","date_gmt":"2024-10-18T00:05:00","guid":{"rendered":"https:\/\/www.cronicasliterarias.es\/?p=17364"},"modified":"2024-10-18T08:11:50","modified_gmt":"2024-10-18T08:11:50","slug":"resena-adios-birkenau-de-jean-david-morvan-y-vvaa","status":"publish","type":"post","link":"https:\/\/www.cronicasliterarias.es\/?p=17364","title":{"rendered":"Rese\u00f1a: Adi\u00f3s, Birkenau, de Jean-David Morvan, Matet, Roger y VVAA"},"content":{"rendered":"<p align=\"JUSTIFY\"><img loading=\"lazy\" decoding=\"async\" class=\"alignleft  wp-image-17367\" src=\"https:\/\/www.cronicasliterarias.es\/wp-content\/uploads\/2024\/10\/adiosbirkenau-221x300.jpg\" alt=\"\" width=\"227\" height=\"308\" srcset=\"https:\/\/www.cronicasliterarias.es\/wp-content\/uploads\/2024\/10\/adiosbirkenau-221x300.jpg 221w, https:\/\/www.cronicasliterarias.es\/wp-content\/uploads\/2024\/10\/adiosbirkenau-753x1024.jpg 753w, https:\/\/www.cronicasliterarias.es\/wp-content\/uploads\/2024\/10\/adiosbirkenau-768x1044.jpg 768w, https:\/\/www.cronicasliterarias.es\/wp-content\/uploads\/2024\/10\/adiosbirkenau.jpg 879w\" sizes=\"auto, (max-width: 227px) 100vw, 227px\" \/>\u00bfOtro testimonio sobre el horror de los campos de concentraci\u00f3n? Si es un c\u00f3mic interesante y est\u00e1 bien hecho: SIEMPRE DIR\u00c9 S\u00cd. Porque con <em>Adi\u00f3s, Birkenau<\/em>, debo admitir que, a fuerza de haberlo le\u00eddo, tengo la impresi\u00f3n de haber creado una especie de caparaz\u00f3n de insensibilidad, de no sentirme particularmente conmovido con una historia m\u00e1s de dolor sobre la IIGM. Pero siempre siendo s\u00faper consciente de que estamos ante una nueva historia que no dejar\u00e1 indiferente a nadie. Y ahora os digo m\u00e1s: <em>Adi\u00f3s, Birkenau<\/em> consigui\u00f3 quebrar ese caparaz\u00f3n. La personalidad de Ginette Kolinka y especialmente la forma tan natural en la que cuenta su historia hacen que los hechos sean tan realistas que a mis ojos se volvieron a\u00fan m\u00e1s impactantes. Destacaron varios puntos que me llamaron la atenci\u00f3n: su descuido antes de darse cuenta de lo que realmente le esperaba, su progresiva deshumanizaci\u00f3n orquestada por los nazis, su necesidad de transmitir despu\u00e9s de un largo per\u00edodo durante el cual nunca quiso hablar de lo que hab\u00eda vivido&#8230; La historia se construye en dos momentos, lo que nos permite seguir a Ginette Kolinka, por un lado, mientras acompa\u00f1a a un grupo de j\u00f3venes estudiantes a Birkenau; y por otro la crudeza de la guerra. Idas y venidas que nos permiten visualizar el horror al tiempo que resaltan la necesidad de transmisi\u00f3n de Ginette. Una forma de proceder que acent\u00faa el aspecto \u201ctestimonio\u201d de la historia al tiempo que arroja luz sobre la personalidad del autor. \u00bfQu\u00e9 ocurre? Que el dibujo no lo vi muy all\u00e1 pero con el paso de las hojas empec\u00e9 a enamorarme de \u00e9l.<\/p>\n<p style=\"text-align: center;\" align=\"JUSTIFY\"><img loading=\"lazy\" decoding=\"async\" class=\"aligncenter  wp-image-17368\" src=\"https:\/\/www.cronicasliterarias.es\/wp-content\/uploads\/2024\/10\/adiosbirkenau01-1024x261.jpg\" alt=\"\" width=\"431\" height=\"110\" srcset=\"https:\/\/www.cronicasliterarias.es\/wp-content\/uploads\/2024\/10\/adiosbirkenau01-1024x261.jpg 1024w, https:\/\/www.cronicasliterarias.es\/wp-content\/uploads\/2024\/10\/adiosbirkenau01-300x76.jpg 300w, https:\/\/www.cronicasliterarias.es\/wp-content\/uploads\/2024\/10\/adiosbirkenau01-768x196.jpg 768w, https:\/\/www.cronicasliterarias.es\/wp-content\/uploads\/2024\/10\/adiosbirkenau01.jpg 1115w\" sizes=\"auto, (max-width: 431px) 100vw, 431px\" \/><\/p>\n<p align=\"JUSTIFY\">Me gusta todo lo relacionado con la representaci\u00f3n de los personajes y tambi\u00e9n me gusta la idea de estas sombras que los ilustradores representan en la oscuridad de los campos de concentraci\u00f3n. Por otro lado, varios de los escenarios me desagradaron mucho porque parec\u00edan retocados a partir de una fotograf\u00eda y esa forma de ilustrar no me mola.<\/p>\n<p align=\"JUSTIFY\">Un tema que no es nuevo y las historias de este tipo son numerosas. Es obvio. Pero os puedo decir que es la primera vez que la historia de Ginette Kolinka se ilustra en un c\u00f3mic y solo por eso, y por las buenas sensaciones, vengo a recomendaros este t\u00edtulo de c\u00f3mic europeo que publica Norma Editorial y que recientemente ha sido anunciado como uno de los nominados al Prix des Lyc\u00e9es 2025 entre los que est\u00e1 <img loading=\"lazy\" decoding=\"async\" class=\"alignright  wp-image-17369\" src=\"https:\/\/www.cronicasliterarias.es\/wp-content\/uploads\/2024\/10\/adiosbirkenau02-300x153.jpg\" alt=\"\" width=\"188\" height=\"96\" srcset=\"https:\/\/www.cronicasliterarias.es\/wp-content\/uploads\/2024\/10\/adiosbirkenau02-300x153.jpg 300w, https:\/\/www.cronicasliterarias.es\/wp-content\/uploads\/2024\/10\/adiosbirkenau02-768x393.jpg 768w, https:\/\/www.cronicasliterarias.es\/wp-content\/uploads\/2024\/10\/adiosbirkenau02.jpg 960w\" sizes=\"auto, (max-width: 188px) 100vw, 188px\" \/>tambi\u00e9n el magnifico <em>El dios salvaje<\/em>, de Fabien Vehlmann y Roger Ib\u00e1\u00f1ez, que os rese\u00f1\u00e9 hace no mucho.<\/p>\n<p align=\"JUSTIFY\">En <em>Adi\u00f3s, Birkenau<\/em> estamos ante un c\u00f3mic que me pareci\u00f3 conmovedor y bien pensado. Una obra que, sin duda, contribuye a preservar la memoria del horror que supusieron los campos de concentraci\u00f3n nazis. El riesgo de los testimonios sobre la deportaci\u00f3n es convertirse en un lector hastiado, volvi\u00e9ndose insensible al horror por haberlos le\u00eddo varias veces. Un sentimiento casi natural contra el que obviamente debemos luchar, ya que este horror es inolvidable y las palabras de los supervivientes pronto necesitar\u00e1n las nuestras para continuar este necesario trabajo de memoria. Sobre todo, cuando vemos a los revisionistas de todas las tendencias y a los fascistas de todo tipo de personas que quisieran empezar de <img loading=\"lazy\" decoding=\"async\" class=\"alignleft  wp-image-17370\" src=\"https:\/\/www.cronicasliterarias.es\/wp-content\/uploads\/2024\/10\/adiosbirkenau03-172x300.jpg\" alt=\"\" width=\"77\" height=\"134\" srcset=\"https:\/\/www.cronicasliterarias.es\/wp-content\/uploads\/2024\/10\/adiosbirkenau03-172x300.jpg 172w, https:\/\/www.cronicasliterarias.es\/wp-content\/uploads\/2024\/10\/adiosbirkenau03.jpg 496w\" sizes=\"auto, (max-width: 77px) 100vw, 77px\" \/>nuevo con este tipo de tragedias.<\/p>\n<p align=\"JUSTIFY\">Aqu\u00ed se exponen dos ideas: saber diferenciar el bien del mal y conocer la vida de Ginette Kolinka. Una persona hermosa, a quien la inmundicia nazi, pese a todo, no logr\u00f3 da\u00f1ar.<\/p>\n","protected":false},"excerpt":{"rendered":"<p>\u00bfOtro testimonio sobre el horror de los campos de concentraci\u00f3n? Si es un c\u00f3mic interesante y est\u00e1 bien hecho: SIEMPRE DIR\u00c9 S\u00cd. Porque con Adi\u00f3s, Birkenau, debo admitir que, a fuerza de haberlo le\u00eddo, tengo la impresi\u00f3n de haber creado una especie de caparaz\u00f3n de insensibilidad, de no sentirme particularmente conmovido con una historia m\u00e1s [&hellip;]<\/p>\n","protected":false},"author":4,"featured_media":0,"comment_status":"closed","ping_status":"closed","sticky":false,"template":"","format":"standard","meta":{"footnotes":""},"categories":[53,44,30,6],"tags":[421,11,22,10],"class_list":["post-17364","post","type-post","status-publish","format-standard","hentry","category-bd","category-comic-europeo","category-norma-editorial","category-resenas","tag-comic-europeo-2024","tag-j-j-castillo","tag-norma-editorial","tag-resenas"],"_links":{"self":[{"href":"https:\/\/www.cronicasliterarias.es\/index.php?rest_route=\/wp\/v2\/posts\/17364","targetHints":{"allow":["GET"]}}],"collection":[{"href":"https:\/\/www.cronicasliterarias.es\/index.php?rest_route=\/wp\/v2\/posts"}],"about":[{"href":"https:\/\/www.cronicasliterarias.es\/index.php?rest_route=\/wp\/v2\/types\/post"}],"author":[{"embeddable":true,"href":"https:\/\/www.cronicasliterarias.es\/index.php?rest_route=\/wp\/v2\/users\/4"}],"replies":[{"embeddable":true,"href":"https:\/\/www.cronicasliterarias.es\/index.php?rest_route=%2Fwp%2Fv2%2Fcomments&post=17364"}],"version-history":[{"count":6,"href":"https:\/\/www.cronicasliterarias.es\/index.php?rest_route=\/wp\/v2\/posts\/17364\/revisions"}],"predecessor-version":[{"id":17376,"href":"https:\/\/www.cronicasliterarias.es\/index.php?rest_route=\/wp\/v2\/posts\/17364\/revisions\/17376"}],"wp:attachment":[{"href":"https:\/\/www.cronicasliterarias.es\/index.php?rest_route=%2Fwp%2Fv2%2Fmedia&parent=17364"}],"wp:term":[{"taxonomy":"category","embeddable":true,"href":"https:\/\/www.cronicasliterarias.es\/index.php?rest_route=%2Fwp%2Fv2%2Fcategories&post=17364"},{"taxonomy":"post_tag","embeddable":true,"href":"https:\/\/www.cronicasliterarias.es\/index.php?rest_route=%2Fwp%2Fv2%2Ftags&post=17364"}],"curies":[{"name":"wp","href":"https:\/\/api.w.org\/{rel}","templated":true}]}}