{"id":17432,"date":"2024-10-30T00:05:00","date_gmt":"2024-10-30T00:05:00","guid":{"rendered":"https:\/\/www.cronicasliterarias.es\/?p=17432"},"modified":"2024-10-30T10:03:42","modified_gmt":"2024-10-30T10:03:42","slug":"resena-howard-el-pato-de-vvaa","status":"publish","type":"post","link":"https:\/\/www.cronicasliterarias.es\/?p=17432","title":{"rendered":"Rese\u00f1a: Howard el Pato, de VVAA"},"content":{"rendered":"<p align=\"JUSTIFY\"><img loading=\"lazy\" decoding=\"async\" class=\"alignleft  wp-image-17434\" src=\"https:\/\/www.cronicasliterarias.es\/wp-content\/uploads\/2024\/10\/howardelpato-196x300.jpg\" alt=\"\" width=\"208\" height=\"318\" srcset=\"https:\/\/www.cronicasliterarias.es\/wp-content\/uploads\/2024\/10\/howardelpato-196x300.jpg 196w, https:\/\/www.cronicasliterarias.es\/wp-content\/uploads\/2024\/10\/howardelpato-668x1024.jpg 668w, https:\/\/www.cronicasliterarias.es\/wp-content\/uploads\/2024\/10\/howardelpato-768x1177.jpg 768w, https:\/\/www.cronicasliterarias.es\/wp-content\/uploads\/2024\/10\/howardelpato-1002x1536.jpg 1002w, https:\/\/www.cronicasliterarias.es\/wp-content\/uploads\/2024\/10\/howardelpato.jpg 1021w\" sizes=\"auto, (max-width: 208px) 100vw, 208px\" \/>He querido degustar con paciencia y felicidad gustosa este maravilloso recopilatorio que Panini C\u00f3mics y SD se acaban de marcar, un tomo donde disfrutar del Pato Howard, Howard el Pato o como se llam\u00f3 originalmente Howard the Duck. Un personaje que comenz\u00f3 a aparecer en los c\u00f3mics de Marvel casi cuando nunca nadie lo esper\u00f3, y el cual cay\u00f3 muy pero que muy bien desde el principio. De hecho, desde que fue creado por el guionista Steve Gerber y el dibujante Val Mayerik para su primera aparici\u00f3n en el <em>Adventures into Fear #19<\/em>. Desde entonces, lo hemos ido encontrando en varias series donde se ha relatado su participaci\u00f3n ya sea como personaje de reparto, secundario o sidekick, pero tambi\u00e9n como personaje principal. Todas las aventuras pero tambi\u00e9n las desventuras de este animal antropom\u00f3rfico del cual decid\u00ed en su d\u00eda hacerme con todas sus aventuras en c\u00f3mics. As\u00ed que entonces, decidme friends de mi alma, c\u00f3mo diablos no iba yo a hacerme con este maravilloso Marvel Limited Edition que acaba de publicarse en librer\u00edas donde se recopila todo-todito-todo de este \u00abt\u00edo\u00bb que tiene casi tan mal genio como yo cuando est\u00e1 rodeado de humanos. Por eso me encanta el eslogan m\u00e1s com\u00fan de sus c\u00f3mics que dice:<em> \u00a1Atrapado en un mundo que no es el suyo!<\/em><\/p>\n<p align=\"JUSTIFY\"><img loading=\"lazy\" decoding=\"async\" class=\"alignright  wp-image-17435\" src=\"https:\/\/www.cronicasliterarias.es\/wp-content\/uploads\/2024\/10\/howardelpato02-300x262.jpg\" alt=\"\" width=\"116\" height=\"101\" srcset=\"https:\/\/www.cronicasliterarias.es\/wp-content\/uploads\/2024\/10\/howardelpato02-300x262.jpg 300w, https:\/\/www.cronicasliterarias.es\/wp-content\/uploads\/2024\/10\/howardelpato02-768x670.jpg 768w, https:\/\/www.cronicasliterarias.es\/wp-content\/uploads\/2024\/10\/howardelpato02.jpg 788w\" sizes=\"auto, (max-width: 116px) 100vw, 116px\" \/>Un buen tomo que contiene por supuesto el A<em>dventure Into Fear #19<\/em> pero otras muchas joyitas como el <em>Man-Thing #1, Giant-Size Man-Thing #4 y #5<\/em> y <em>Howard The Duck #1-#14<\/em> (la \u00fanica serie que tuvo en solitario: JOYITA), as\u00ed como el <em>Annual #1<\/em>, el <em>Marvel Treasury Edition #12<\/em> y el <em>FOOM #15<\/em>. Un buen tomo de buen\u00edsimas lecturas donde encontrar a Howard El Pato desde su primera aparici\u00f3n, en la etapa desarrollada por el genio del c\u00f3mic Steve Gerber, como dice la sinopsis editorial: una mirada l\u00facida, alien\u00edgena y animal de la Am\u00e9rica de los 70 y algo de los 80 donde tuvo su traslado, o lo encontramos reflejado tambi\u00e9n, en el glorioso cine friki que se realiz\u00f3 en aquella gloriosa d\u00e9cada. Un tomo que es una edici\u00f3n limitada y que nadie se deber\u00eda perder si ha le\u00eddo hasta aqu\u00ed.<\/p>\n<p align=\"JUSTIFY\">Y es que las aventuras de <em>Howard el Pato<\/em> suelen inscribirse dentro de los c\u00f3mics dedicados a la s\u00e1tira social. Es decir, dentro de esos c\u00f3mics que cuanto m\u00e1s mayor te <img loading=\"lazy\" decoding=\"async\" class=\"alignleft  wp-image-17437\" src=\"https:\/\/www.cronicasliterarias.es\/wp-content\/uploads\/2024\/10\/howardelpato04-195x300.jpg\" alt=\"\" width=\"103\" height=\"158\" srcset=\"https:\/\/www.cronicasliterarias.es\/wp-content\/uploads\/2024\/10\/howardelpato04-195x300.jpg 195w, https:\/\/www.cronicasliterarias.es\/wp-content\/uploads\/2024\/10\/howardelpato04.jpg 600w\" sizes=\"auto, (max-width: 103px) 100vw, 103px\" \/>haces, mejor entiendes y m\u00e1s sonrisas te sacan. Exempli gratia: <em>Metropolitan<\/em> o las aventuras de <em>Lobo<\/em>. Ese estilo. Aventuras con un gran componente de metaficci\u00f3n. Podr\u00edamos calificarlas incluso de relatos existencialistas donde la broma est\u00e1 muy presente. De hecho, alguien dijo: \u201cUna pel\u00edcula sobre un pato del espacio exterior&#8230; No tiene porque ser ninguna experiencia existencial\u201d.<\/p>\n<p align=\"JUSTIFY\">Y ten\u00eda raz\u00f3n. Puro palomiteo es lo que es.<\/p>\n<p align=\"JUSTIFY\">La primera aparici\u00f3n de Howard en los c\u00f3mics es cuando una fuerza invisible lo secuestra abruptamente de su planeta natal y lo deja caer al azar en los Everglades de Florida. Se encuentra con el Hombre Cosa, que hab\u00eda sido atacado por Korrek de Katharta, y los tres se enfrentan a los guerreros del Congreso de Realidades.<\/p>\n<p align=\"JUSTIFY\">As\u00ed comenz\u00f3 todo. As\u00ed se inici\u00f3 esta leyenda de personaje que llega incluso a debutar <img loading=\"lazy\" decoding=\"async\" class=\"alignright  wp-image-17436\" src=\"https:\/\/www.cronicasliterarias.es\/wp-content\/uploads\/2024\/10\/howardelpato01-300x281.jpg\" alt=\"\" width=\"137\" height=\"128\" srcset=\"https:\/\/www.cronicasliterarias.es\/wp-content\/uploads\/2024\/10\/howardelpato01-300x281.jpg 300w, https:\/\/www.cronicasliterarias.es\/wp-content\/uploads\/2024\/10\/howardelpato01.jpg 737w\" sizes=\"auto, (max-width: 137px) 100vw, 137px\" \/>en el cine moderno en el UCM dentro de la saga de <em>Los Guardianes de la Galaxia.<\/em> Y&#8230; \u00bfHe dicho que se llega a convertir en un detective privado de armas tomar?<\/p>\n<p align=\"JUSTIFY\">Su mejor \u00e9poca.<\/p>\n","protected":false},"excerpt":{"rendered":"<p>He querido degustar con paciencia y felicidad gustosa este maravilloso recopilatorio que Panini C\u00f3mics y SD se acaban de marcar, un tomo donde disfrutar del Pato Howard, Howard el Pato o como se llam\u00f3 originalmente Howard the Duck. Un personaje que comenz\u00f3 a aparecer en los c\u00f3mics de Marvel casi cuando nunca nadie lo esper\u00f3, [&hellip;]<\/p>\n","protected":false},"author":4,"featured_media":0,"comment_status":"closed","ping_status":"closed","sticky":false,"template":"","format":"standard","meta":{"footnotes":""},"categories":[49,382,28,6,87],"tags":[58,11,86,218,10,85],"class_list":["post-17432","post","type-post","status-publish","format-standard","hentry","category-comics","category-marvel","category-panini-comics","category-resenas","category-sd","tag-indispensables-comics","tag-j-j-castillo","tag-marvel-limited-edition","tag-panini-comics-marvel","tag-resenas","tag-sd"],"_links":{"self":[{"href":"https:\/\/www.cronicasliterarias.es\/index.php?rest_route=\/wp\/v2\/posts\/17432","targetHints":{"allow":["GET"]}}],"collection":[{"href":"https:\/\/www.cronicasliterarias.es\/index.php?rest_route=\/wp\/v2\/posts"}],"about":[{"href":"https:\/\/www.cronicasliterarias.es\/index.php?rest_route=\/wp\/v2\/types\/post"}],"author":[{"embeddable":true,"href":"https:\/\/www.cronicasliterarias.es\/index.php?rest_route=\/wp\/v2\/users\/4"}],"replies":[{"embeddable":true,"href":"https:\/\/www.cronicasliterarias.es\/index.php?rest_route=%2Fwp%2Fv2%2Fcomments&post=17432"}],"version-history":[{"count":4,"href":"https:\/\/www.cronicasliterarias.es\/index.php?rest_route=\/wp\/v2\/posts\/17432\/revisions"}],"predecessor-version":[{"id":17440,"href":"https:\/\/www.cronicasliterarias.es\/index.php?rest_route=\/wp\/v2\/posts\/17432\/revisions\/17440"}],"wp:attachment":[{"href":"https:\/\/www.cronicasliterarias.es\/index.php?rest_route=%2Fwp%2Fv2%2Fmedia&parent=17432"}],"wp:term":[{"taxonomy":"category","embeddable":true,"href":"https:\/\/www.cronicasliterarias.es\/index.php?rest_route=%2Fwp%2Fv2%2Fcategories&post=17432"},{"taxonomy":"post_tag","embeddable":true,"href":"https:\/\/www.cronicasliterarias.es\/index.php?rest_route=%2Fwp%2Fv2%2Ftags&post=17432"}],"curies":[{"name":"wp","href":"https:\/\/api.w.org\/{rel}","templated":true}]}}