{"id":17498,"date":"2024-11-10T00:05:00","date_gmt":"2024-11-10T00:05:00","guid":{"rendered":"https:\/\/www.cronicasliterarias.es\/?p=17498"},"modified":"2024-11-09T11:39:23","modified_gmt":"2024-11-09T11:39:23","slug":"resena-gotico-botanico-cuentos-de-un-verdor-perverso-de-vvaa","status":"publish","type":"post","link":"https:\/\/www.cronicasliterarias.es\/?p=17498","title":{"rendered":"Rese\u00f1a: G\u00f3tico Bot\u00e1nico. Cuentos de un Verdor Perverso, de VVAA"},"content":{"rendered":"<p align=\"JUSTIFY\"><img loading=\"lazy\" decoding=\"async\" class=\"alignright  wp-image-17500\" src=\"https:\/\/www.cronicasliterarias.es\/wp-content\/uploads\/2024\/11\/GOTICO_BOTANICO-204x300.jpg\" alt=\"\" width=\"216\" height=\"318\" srcset=\"https:\/\/www.cronicasliterarias.es\/wp-content\/uploads\/2024\/11\/GOTICO_BOTANICO-204x300.jpg 204w, https:\/\/www.cronicasliterarias.es\/wp-content\/uploads\/2024\/11\/GOTICO_BOTANICO.jpg 696w\" sizes=\"auto, (max-width: 216px) 100vw, 216px\" \/>Vides malvadas, orqu\u00eddeas odiosas y \u00e1rboles aterradores se descontrolan en esta colecci\u00f3n espeluznante que reci\u00e9n publica Impedimenta en nuestro pa\u00eds. Otros de esos t\u00edtulos, otra de esas antolog\u00edas indispensables para los amantes del misterio, la ciencia ficci\u00f3n y, por supuesto, el glorioso g\u00e9nero de Terror. Historias casi tan aterradoras como la cantidad de aliteraciones que us\u00e9 en esta primaria introducci\u00f3n. Pero es que el tema&#8230;, su gran t\u00edtulo <em>G\u00f3tico Bot\u00e1nico<\/em>, habla concretamente de eso, plantas aterradoras. Hay dieciocho historias en esta colecci\u00f3n de muy diversos autores. Solo me desagradaron dos de ellas y, por supuesto, no dir\u00e9 cuales. Ya sab\u00e9is, cada uno tiene una raja en el culo, cada uno es de su padre y de su madre, para gusto los colores&#8230; Pero en un porcentaje muy alto esta antolog\u00eda es \u201cganadora\u201d. Me gustaron mucho los diecis\u00e9is restantes, tres de ellos inolvidables y solo hab\u00eda le\u00eddo antes <em>La rosaleda<\/em>, de mi amado M.R. James, <em>El jard\u00edn de Adompha<\/em>, de Clark Ashton Smith y <em>Un lugar en el bosque<\/em>, del maestro August Derleth. Pero relatos que en su mayor\u00eda datan de fines del siglo XIX hasta principios del XX, lo que les da a la mayor\u00eda un aut\u00e9ntico toque g\u00f3tico, ya sab\u00e9is, grandes y agobiantes atm\u00f3sferas con introducciones que encandilan, relatos donde es muy importante el lugar y a la hora qu\u00e9 decid\u00e1is leerlos.<\/p>\n<p align=\"JUSTIFY\">Tengo que advertir que precede a cada relato un muy adecuado avance sobre su autor aunque hay que tener cuidado con algunos de ellos porque aportan mini-spoilers sobre el relato a continuaci\u00f3n. La primera historia es simplemente espectacular y tiene tantas capas que se ha convertido en una de mis favoritas. Os hablo de <em>El experimento de Heidigger<\/em>, del siempre maravilloso Nathaniel Hawthorne, un melodrama de veneno y pasi\u00f3n por las plantas. Otro a destacar es <em>El \u00e1rbol en la colina<\/em>. Un relato de Duane W. Rimel, un cuento creado en 1934 y publicado en 1940 en la revista <em>Polaris.<\/em> Un relato que es habitual verlo atribuido a Lovecraft pero aportar que solamente fue revisado por el maestro de Providence. Una trama que narra el viaje de un fot\u00f3grafo por la Reserva del Monte Azul, al sureste de Hampdon, al cual se le retuerce todo cuando encuentra un \u00e1rbol solitario y decide tumbarse a descansar junto a \u00e9l&#8230; (Este relato alude a la ciudad de Hampdon y al \u00abA\u00f1o de la Cabra Negra\u00bb, posible referencia a Shub-Niggurath. Adem\u00e1s, la entidad oscura, referida como un ser capaz de adoptar m\u00faltiples rostros y enviar sue\u00f1os parece una referencia a Nyarlathotep). Obrita de arte. Y ahora os hablar\u00e9 del \u00faltimo relato de la antolog\u00eda llamado <em>Y una ni\u00f1a<\/em>, el cual deja un malestar incre\u00edble tras su lectura. Un relato fant\u00e1stico de la escritora norteamericana Zenna Henderson (1917-1983), publicado originalmente en la edici\u00f3n de octubre de 1959 de la revista <em>The Magazine of Fantasy and Science Fiction<\/em>, considerado uno de los mejores cuentos de la autora. Cuenta la historia de Liesle, una ni\u00f1a peque\u00f1a que, durante un viaje de campamento, descubre que un grupo de peque\u00f1as colinas cubiertas de hierba son en realidad criaturas de otra dimensi\u00f3n. Magn\u00edfico. De esas historias que proclaman que entre los ni\u00f1os existe otra visi\u00f3n, una visi\u00f3n que va m\u00e1s all\u00e1 del alcance de los ojos adultos.<\/p>\n<p align=\"JUSTIFY\">Y muchas historias m\u00e1s. Una lectura s\u00faper interesante que realmente sorprende. Y es que tengo que decir que mi principal afici\u00f3n lectora son las antolog\u00edas de terror. Con eso \u201cnac\u00ed\u201d en este mundo. Por eso amo t\u00edtulos as\u00ed, donde todas o la mayor\u00eda de las historias son incre\u00edbles y aportan esa atm\u00f3sfera g\u00f3tica, misteriosa y macabra que \u00abremueven\u00bb el coraz\u00f3n. El tema de las plantas asesinas adem\u00e1s mola. Me muero por leer m\u00e1s t\u00edtulos con esta tem\u00e1tica. Me gustan porque soy consciente que las plantas de este mundo tienen mucho que decir a\u00fan en la historia del ser humano (lo que ocurre en el film <em>The Happening<\/em>, de Shyamalan, podr\u00eda pasar). Da miedo y a la vez es incre\u00edble pensar que que estamos rodeados de esa naturaleza viva que, al mismo tiempo que genera vida, tambi\u00e9n mata. La historia de un hongo desencaden\u00f3 una locura sin precedentes en un pueblo de Francia unos siglos atr\u00e1s. Buscad informaci\u00f3n sobre eso y alucinar\u00e9is&#8230; nunca mejor dicho. Y podr\u00eda poneros muchos m\u00e1s ejemplos. Por eso, <em>G\u00f3tico Bot\u00e1nico<\/em> da miedo. No mirar\u00e1s a ciertas plantas de la misma forma despu\u00e9s de leer este tomo.<\/p>\n","protected":false},"excerpt":{"rendered":"<p>Vides malvadas, orqu\u00eddeas odiosas y \u00e1rboles aterradores se descontrolan en esta colecci\u00f3n espeluznante que reci\u00e9n publica Impedimenta en nuestro pa\u00eds. Otros de esos t\u00edtulos, otra de esas antolog\u00edas indispensables para los amantes del misterio, la ciencia ficci\u00f3n y, por supuesto, el glorioso g\u00e9nero de Terror. Historias casi tan aterradoras como la cantidad de aliteraciones que [&hellip;]<\/p>\n","protected":false},"author":4,"featured_media":0,"comment_status":"closed","ping_status":"closed","sticky":false,"template":"","format":"standard","meta":{"footnotes":""},"categories":[55,183,6,8],"tags":[182,423,348,11,10,425],"class_list":["post-17498","post","type-post","status-publish","format-standard","hentry","category-antologia","category-impedimenta","category-resenas","category-terror","tag-editorial-impedimenta","tag-halloween-2024","tag-indispensables-antologias","tag-j-j-castillo","tag-resenas","tag-terror2024"],"_links":{"self":[{"href":"https:\/\/www.cronicasliterarias.es\/index.php?rest_route=\/wp\/v2\/posts\/17498","targetHints":{"allow":["GET"]}}],"collection":[{"href":"https:\/\/www.cronicasliterarias.es\/index.php?rest_route=\/wp\/v2\/posts"}],"about":[{"href":"https:\/\/www.cronicasliterarias.es\/index.php?rest_route=\/wp\/v2\/types\/post"}],"author":[{"embeddable":true,"href":"https:\/\/www.cronicasliterarias.es\/index.php?rest_route=\/wp\/v2\/users\/4"}],"replies":[{"embeddable":true,"href":"https:\/\/www.cronicasliterarias.es\/index.php?rest_route=%2Fwp%2Fv2%2Fcomments&post=17498"}],"version-history":[{"count":3,"href":"https:\/\/www.cronicasliterarias.es\/index.php?rest_route=\/wp\/v2\/posts\/17498\/revisions"}],"predecessor-version":[{"id":17502,"href":"https:\/\/www.cronicasliterarias.es\/index.php?rest_route=\/wp\/v2\/posts\/17498\/revisions\/17502"}],"wp:attachment":[{"href":"https:\/\/www.cronicasliterarias.es\/index.php?rest_route=%2Fwp%2Fv2%2Fmedia&parent=17498"}],"wp:term":[{"taxonomy":"category","embeddable":true,"href":"https:\/\/www.cronicasliterarias.es\/index.php?rest_route=%2Fwp%2Fv2%2Fcategories&post=17498"},{"taxonomy":"post_tag","embeddable":true,"href":"https:\/\/www.cronicasliterarias.es\/index.php?rest_route=%2Fwp%2Fv2%2Ftags&post=17498"}],"curies":[{"name":"wp","href":"https:\/\/api.w.org\/{rel}","templated":true}]}}