{"id":17558,"date":"2024-11-20T00:05:00","date_gmt":"2024-11-20T00:05:00","guid":{"rendered":"https:\/\/www.cronicasliterarias.es\/?p=17558"},"modified":"2024-11-20T09:34:50","modified_gmt":"2024-11-20T09:34:50","slug":"resena-fafhrd-y-el-ratonero-gris-de-leiber-chaykin-mignola-y-vvaa","status":"publish","type":"post","link":"https:\/\/www.cronicasliterarias.es\/?p=17558","title":{"rendered":"Rese\u00f1a: Fafhrd y el Ratonero Gris, de Leiber, Chaykin, Mignola y VVAA"},"content":{"rendered":"<p align=\"JUSTIFY\"><img loading=\"lazy\" decoding=\"async\" class=\"alignleft  wp-image-17560\" src=\"https:\/\/www.cronicasliterarias.es\/wp-content\/uploads\/2024\/11\/fafhrdyelratyonerogris-662x1024.jpg\" alt=\"\" width=\"200\" height=\"309\" srcset=\"https:\/\/www.cronicasliterarias.es\/wp-content\/uploads\/2024\/11\/fafhrdyelratyonerogris-662x1024.jpg 662w, https:\/\/www.cronicasliterarias.es\/wp-content\/uploads\/2024\/11\/fafhrdyelratyonerogris-194x300.jpg 194w, https:\/\/www.cronicasliterarias.es\/wp-content\/uploads\/2024\/11\/fafhrdyelratyonerogris-768x1189.jpg 768w, https:\/\/www.cronicasliterarias.es\/wp-content\/uploads\/2024\/11\/fafhrdyelratyonerogris-993x1536.jpg 993w, https:\/\/www.cronicasliterarias.es\/wp-content\/uploads\/2024\/11\/fafhrdyelratyonerogris.jpg 1103w\" sizes=\"auto, (max-width: 200px) 100vw, 200px\" \/>Puede ser que estemos ante uno de los c\u00f3mics descatalogados m\u00e1s deseado de los \u00faltimos a\u00f1os. Ya s\u00f3lo por eso, es de agradecer el esfuerzo de Norma Editorial de reeditarlo pese a los a\u00f1os que <em>Fafhrd y el Ratonero Gris<\/em> no visita librer\u00edas. Eso sin contar que as\u00ed, por fin, sale del mercado de especulaci\u00f3n que tanto da\u00f1o nos hace a los lectores constantes.<\/p>\n<p align=\"JUSTIFY\">La recuperaci\u00f3n de esta joyita de la fantas\u00eda llevada al c\u00f3mic por otros maestros del noveno arte como son Howard Chaykin, Mike Mignola, Dennis O\u2019Neil, Walter Simonson y Jim Starlin. Madre de dios, \u00bfhe dicho algo? S\u00ed friends, porque <em>Fafhrd y el Ratonero Gris<\/em> es equivalente a una de esas s\u00faper producciones de Hollywood con una gran historia llevada a la pantalla por cantidad de se\u00f1oras y se\u00f1ores famosos. Esa es la sensaci\u00f3n. C\u00f3mic muy, pero que muy divertido, al igual que las historias que lo inspiraron. Esta adaptaci\u00f3n de los personajes creados por Fritz Reuter Leiber Jr. (1910-1992), un novelista y cuentista estadounidense que abord\u00f3 los tres grandes g\u00e9neros con un alto nivel de aceptaci\u00f3n, es una adaptaci\u00f3n que impresiona por su ingenio y estilo. Convertido en novela gr\u00e1fica por Howard Chaikin (guion) y Mike Mignola (dibujos), cautiva desde los primeros fotogramas y la historia te absorbe y no te suelta hasta que lo terminas.<\/p>\n<p align=\"JUSTIFY\"><img loading=\"lazy\" decoding=\"async\" class=\"alignright  wp-image-17564\" src=\"https:\/\/www.cronicasliterarias.es\/wp-content\/uploads\/2024\/11\/fafhrdyelratyonerogris03-205x300.jpg\" alt=\"\" width=\"84\" height=\"123\" srcset=\"https:\/\/www.cronicasliterarias.es\/wp-content\/uploads\/2024\/11\/fafhrdyelratyonerogris03-205x300.jpg 205w, https:\/\/www.cronicasliterarias.es\/wp-content\/uploads\/2024\/11\/fafhrdyelratyonerogris03.jpg 557w\" sizes=\"auto, (max-width: 84px) 100vw, 84px\" \/>Despu\u00e9s de leerlo, ya os aviso, vais a recordar con nostalgia a estos carism\u00e1ticos bastardos, como si t\u00fa mismo hubieras viajado con ellos a trav\u00e9s de los vastos espacios del misterioso mundo de Nehwon y os hubierais metido en problemas junto a ellos en las sucias y oscuras calles de Lankmar. La ciudad m\u00e1s grande, m\u00e1s mala y mejor del mundo. Todo eso a la vez.<\/p>\n<p align=\"JUSTIFY\">Fafhrd es el t\u00edpico \u00abtanque\u00bb, una monta\u00f1a de m\u00fasculos con una espada enorme, un b\u00e1rbaro cl\u00e1sico de los P\u00e1ramos Congelados, esas personas que nacen y crecen en las monta\u00f1as nevadas e inh\u00f3spitas del norte, cual roble sin miramientos por el nindundi que se abre y sobrevive a su alrededor. \u00bfEl Ratonero Gris? Es un oscuro, astuto y yesero&#8230;, de esa gente que probablemente ha nacido en alguna estepa del sur, en el cual la picaresca est\u00e1 muy presente. Se dice que incluso fue aprendiz de brujo, pero de esto casi nadie est\u00e1 seguro. Un c\u00f3mic que os aseguro que sus di\u00e1logos os enamorar\u00e1n. Se pueden releer muchas veces y observar las consecuencias de las acciones y los matices que se incluido en casi cada palabra. Tremendamente interesante la labor que hay detr\u00e1s de este tema del cual incluso aprendes como escritor o guionista. Y aunque el ritmo de Chaykin a veces es <img loading=\"lazy\" decoding=\"async\" class=\"alignleft  wp-image-17562\" src=\"https:\/\/www.cronicasliterarias.es\/wp-content\/uploads\/2024\/11\/fafhrdyelratyonerogris04-300x234.jpg\" alt=\"\" width=\"137\" height=\"107\" srcset=\"https:\/\/www.cronicasliterarias.es\/wp-content\/uploads\/2024\/11\/fafhrdyelratyonerogris04-300x234.jpg 300w, https:\/\/www.cronicasliterarias.es\/wp-content\/uploads\/2024\/11\/fafhrdyelratyonerogris04-768x599.jpg 768w, https:\/\/www.cronicasliterarias.es\/wp-content\/uploads\/2024\/11\/fafhrdyelratyonerogris04.jpg 1021w\" sizes=\"auto, (max-width: 137px) 100vw, 137px\" \/>entrecortado, su uso del lenguaje es deliciosamente acorde con los personajes.<\/p>\n<p align=\"JUSTIFY\">\u00bfEl dibujo? Como de costumbre, Mignola es una delicia, aunque es divertido verlo en una etapa mucho m\u00e1s temprana, donde sus l\u00edneas son m\u00e1s esquem\u00e1ticas y su sombreado angular tiene ese aspecto \u00abatrevido\u00bb de principios de los 90 tan favorecido en los c\u00f3mics y los libros de rol de entonces. Me encanta su habilidad para dibujar, en particular los edificios y las estatuas, que logran ser intrincados y misteriosos sin depender de la miscel\u00e1nea obsesiva de la historia.<\/p>\n<p align=\"JUSTIFY\">Tenemos aqu\u00ed entonces las adaptaciones de siete historias de la serie de Fritz Leiber sobre <em>Fafhrd y el Ratonero Gris.<\/em> Dir\u00eda que es la serie cl\u00e1sica, la segunda m\u00e1s <img loading=\"lazy\" decoding=\"async\" class=\"alignright  wp-image-17563\" src=\"https:\/\/www.cronicasliterarias.es\/wp-content\/uploads\/2024\/11\/fafhrdyelratyonerogris01-156x300.jpg\" alt=\"\" width=\"99\" height=\"191\" srcset=\"https:\/\/www.cronicasliterarias.es\/wp-content\/uploads\/2024\/11\/fafhrdyelratyonerogris01-156x300.jpg 156w, https:\/\/www.cronicasliterarias.es\/wp-content\/uploads\/2024\/11\/fafhrdyelratyonerogris01.jpg 450w\" sizes=\"auto, (max-width: 99px) 100vw, 99px\" \/>influyente en el g\u00e9nero de fantas\u00eda conocido como Espada y Brujer\u00eda (despu\u00e9s de <em>Conan<\/em>, por supuesto). Historias ricas y sutiles, un volumen genial que adem\u00e1s, para los que han le\u00eddo esta saga en formato literario, les ayudar\u00e1 a hacerse una imagen real de la Nehwon de Leiber que tan sutilmente se describe en los libros. Una hermosa encarnaci\u00f3n gr\u00e1fica de una obra que es caprichosa, inteligente, llena de aventuras y emociones e infinitamente ir\u00f3nica.<\/p>\n","protected":false},"excerpt":{"rendered":"<p>Puede ser que estemos ante uno de los c\u00f3mics descatalogados m\u00e1s deseado de los \u00faltimos a\u00f1os. Ya s\u00f3lo por eso, es de agradecer el esfuerzo de Norma Editorial de reeditarlo pese a los a\u00f1os que Fafhrd y el Ratonero Gris no visita librer\u00edas. Eso sin contar que as\u00ed, por fin, sale del mercado de especulaci\u00f3n [&hellip;]<\/p>\n","protected":false},"author":4,"featured_media":0,"comment_status":"closed","ping_status":"closed","sticky":false,"template":"","format":"standard","meta":{"footnotes":""},"categories":[34,30,203,6],"tags":[149,11,22,10],"class_list":["post-17558","post","type-post","status-publish","format-standard","hentry","category-fantasia","category-norma-editorial","category-novela-grafica","category-resenas","tag-indispensables-fantasy","tag-j-j-castillo","tag-norma-editorial","tag-resenas"],"_links":{"self":[{"href":"https:\/\/www.cronicasliterarias.es\/index.php?rest_route=\/wp\/v2\/posts\/17558","targetHints":{"allow":["GET"]}}],"collection":[{"href":"https:\/\/www.cronicasliterarias.es\/index.php?rest_route=\/wp\/v2\/posts"}],"about":[{"href":"https:\/\/www.cronicasliterarias.es\/index.php?rest_route=\/wp\/v2\/types\/post"}],"author":[{"embeddable":true,"href":"https:\/\/www.cronicasliterarias.es\/index.php?rest_route=\/wp\/v2\/users\/4"}],"replies":[{"embeddable":true,"href":"https:\/\/www.cronicasliterarias.es\/index.php?rest_route=%2Fwp%2Fv2%2Fcomments&post=17558"}],"version-history":[{"count":4,"href":"https:\/\/www.cronicasliterarias.es\/index.php?rest_route=\/wp\/v2\/posts\/17558\/revisions"}],"predecessor-version":[{"id":17567,"href":"https:\/\/www.cronicasliterarias.es\/index.php?rest_route=\/wp\/v2\/posts\/17558\/revisions\/17567"}],"wp:attachment":[{"href":"https:\/\/www.cronicasliterarias.es\/index.php?rest_route=%2Fwp%2Fv2%2Fmedia&parent=17558"}],"wp:term":[{"taxonomy":"category","embeddable":true,"href":"https:\/\/www.cronicasliterarias.es\/index.php?rest_route=%2Fwp%2Fv2%2Fcategories&post=17558"},{"taxonomy":"post_tag","embeddable":true,"href":"https:\/\/www.cronicasliterarias.es\/index.php?rest_route=%2Fwp%2Fv2%2Ftags&post=17558"}],"curies":[{"name":"wp","href":"https:\/\/api.w.org\/{rel}","templated":true}]}}