{"id":17935,"date":"2025-01-16T00:05:00","date_gmt":"2025-01-16T00:05:00","guid":{"rendered":"https:\/\/www.cronicasliterarias.es\/?p=17935"},"modified":"2025-01-16T08:19:02","modified_gmt":"2025-01-16T08:19:02","slug":"resena-shazam-conoced-al-capitan-de-mark-waid-y-dan-mora","status":"publish","type":"post","link":"https:\/\/www.cronicasliterarias.es\/?p=17935","title":{"rendered":"Rese\u00f1a: Shazam. \u00a1Conoced al Capit\u00e1n!, de Mark Waid y Dan Mora"},"content":{"rendered":"<p align=\"JUSTIFY\"><img loading=\"lazy\" decoding=\"async\" class=\"alignleft  wp-image-17937\" src=\"https:\/\/www.cronicasliterarias.es\/wp-content\/uploads\/2025\/01\/Shazam_ConocedAlCapitan-195x300.jpg\" alt=\"\" width=\"172\" height=\"265\" srcset=\"https:\/\/www.cronicasliterarias.es\/wp-content\/uploads\/2025\/01\/Shazam_ConocedAlCapitan-195x300.jpg 195w, https:\/\/www.cronicasliterarias.es\/wp-content\/uploads\/2025\/01\/Shazam_ConocedAlCapitan-664x1024.jpg 664w, https:\/\/www.cronicasliterarias.es\/wp-content\/uploads\/2025\/01\/Shazam_ConocedAlCapitan.jpg 756w\" sizes=\"auto, (max-width: 172px) 100vw, 172px\" \/>Siguiendo con m\u00e1s cositas de Mark Waid, decid\u00ed ponerme con este inicio de la nueva cabecera de <em>Shazam!<\/em>, donde Waid junto a Dan Mora, el equipo creativo de <em>Los mejores del mundo (<a href=\"https:\/\/www.eccediciones.com\/comic\/batman-superman-los-mejores-del-mundo-num-01\">https:\/\/www.eccediciones.com\/comic\/batman-superman-los-mejores-del-mundo-num-01<\/a>) <\/em> con la participaci\u00f3n de Goran Sud\u017euka y Emanuela Lupacchino, crean un volumen de inicio muy digno del personaje.<\/p>\n<p align=\"JUSTIFY\">Poderosamente atractivo para todo aquel que nunca ley\u00f3 un c\u00f3mic de<em> \u00a1Shazam!<\/em><\/p>\n<p align=\"JUSTIFY\">Y donde encontr\u00e9 muchas cositas que me gustaron porque se obtienen unos nueve primeros n\u00fameros divertidos y emocionantes, adem\u00e1s de que Waid hace que la serie sea cre\u00edble tanto para j\u00f3venes (que es probablemente la l\u00ednea entre lo que es una historia de <em>Shazam<\/em> y una de<em> Superman<\/em>), al mismo tiempo que complace a los fans algo m\u00e1s mayores de este personaje que empez\u00f3 a petarlo de nuevo tras las geniales pelis que se han hecho recientemente.<\/p>\n<p align=\"JUSTIFY\">Ya sab\u00e9is, bastantes \u00abgags\u00bb profundos (y disparatados) dentro de la tradici\u00f3n de DC Comics. Y es obvio que esto se siente y es recomendable como una introducci\u00f3n, un pr\u00f3logo a la primera historia real. Pues de todos es sabido que todav\u00eda nos cuesta saber a algunos de qu\u00e9 trata realmente <em>Shazam!<\/em><\/p>\n<p align=\"JUSTIFY\">Ahora Waid, propone un conflicto central y&#8230; hay muchos animales parlantes en <em>\u00a1Conoced al Capit\u00e1n! <\/em>que os dejar\u00e1n con el culo torcido: el tigre antropom\u00f3rfico, dinosaurios alien\u00edgenas parlantes y gorilas que charlan m\u00e1s que una cotorra con dos tazas de caf\u00e9 <img loading=\"lazy\" decoding=\"async\" class=\"alignright  wp-image-17938\" src=\"https:\/\/www.cronicasliterarias.es\/wp-content\/uploads\/2025\/01\/Shazam_ConocedAlCapitan02-141x300.jpg\" alt=\"\" width=\"79\" height=\"169\" srcset=\"https:\/\/www.cronicasliterarias.es\/wp-content\/uploads\/2025\/01\/Shazam_ConocedAlCapitan02-141x300.jpg 141w, https:\/\/www.cronicasliterarias.es\/wp-content\/uploads\/2025\/01\/Shazam_ConocedAlCapitan02.jpg 263w\" sizes=\"auto, (max-width: 79px) 100vw, 79px\" \/>encima&#8230; Mark Waid se est\u00e1 inclinando por lo que hace que la franquicia <em>Captain (Marvel)<\/em> sea lo que fue en sus inicios: m\u00e1s ideas fant\u00e1sticas que no son otra cosa que las historias de <em>Superman<\/em> en la actualidad. Hay una l\u00ednea entre lo fant\u00e1stico y lo que se inclina hacia lo juvenil, y esa rayita se ve en cosas como Superman hablando con Krypto, y si Krypto le responde o no. Sin embargo, Shazam tiene su dinosaurio y al gorila Ted y m\u00e1s dinosaurios espaciales en camino, y lo aceptamos e incluso queda bien.<\/p>\n<p align=\"JUSTIFY\">Porque es un personaje que tuvo eso SIEMPRE. Y ahora vuelve a molar porque tenemos de nuevo un icono que est\u00e1 m\u00e1s cerca de las ra\u00edces originales del <em>Capit\u00e1n Marvel<\/em> que cualquier otro <em>Shazam<\/em>.<\/p>\n<p align=\"JUSTIFY\">Y tiene una misi\u00f3n. Que sus hermanos de acogida vuelvan a compartir los poderes que a \u00e9l le confieren los dioses y campeones de la antig\u00fcedad. Sin embargo, estos \u00faltimos han empezado a comportarse de forma extra\u00f1a&#8230; Y ahora, el Mortal m\u00e1s Poderoso del Mundo sufre episodios de furia impropios de su afable car\u00e1cter.<\/p>\n<p align=\"JUSTIFY\">Y Black Adam est\u00e1 a la vuelta de la esquina.<\/p>\n<p align=\"JUSTIFY\"><img loading=\"lazy\" decoding=\"async\" class=\"alignleft  wp-image-17939\" src=\"https:\/\/www.cronicasliterarias.es\/wp-content\/uploads\/2025\/01\/Shazam_ConocedAlCapitan01-300x279.jpg\" alt=\"\" width=\"115\" height=\"107\" srcset=\"https:\/\/www.cronicasliterarias.es\/wp-content\/uploads\/2025\/01\/Shazam_ConocedAlCapitan01-300x279.jpg 300w, https:\/\/www.cronicasliterarias.es\/wp-content\/uploads\/2025\/01\/Shazam_ConocedAlCapitan01.jpg 615w\" sizes=\"auto, (max-width: 115px) 100vw, 115px\" \/>En definitiva, una excelente re-introducci\u00f3n del personaje al Universo DC.<\/p>\n<p align=\"JUSTIFY\">Eso es lo que es.<\/p>\n<p align=\"JUSTIFY\">Vosotros sabr\u00e9is si no quer\u00e9is disfrutarlo.<\/p>\n","protected":false},"excerpt":{"rendered":"<p>Siguiendo con m\u00e1s cositas de Mark Waid, decid\u00ed ponerme con este inicio de la nueva cabecera de Shazam!, donde Waid junto a Dan Mora, el equipo creativo de Los mejores del mundo (https:\/\/www.eccediciones.com\/comic\/batman-superman-los-mejores-del-mundo-num-01) con la participaci\u00f3n de Goran Sud\u017euka y Emanuela Lupacchino, crean un volumen de inicio muy digno del personaje. Poderosamente atractivo para todo [&hellip;]<\/p>\n","protected":false},"author":4,"featured_media":0,"comment_status":"closed","ping_status":"closed","sticky":false,"template":"","format":"standard","meta":{"footnotes":""},"categories":[49,381,29,6],"tags":[73,11,10,473],"class_list":["post-17935","post","type-post","status-publish","format-standard","hentry","category-comics","category-dc","category-ecc-ediciones","category-resenas","tag-ecc-ediciones-dc-comics","tag-j-j-castillo","tag-resenas","tag-saga-shazam"],"_links":{"self":[{"href":"https:\/\/www.cronicasliterarias.es\/index.php?rest_route=\/wp\/v2\/posts\/17935","targetHints":{"allow":["GET"]}}],"collection":[{"href":"https:\/\/www.cronicasliterarias.es\/index.php?rest_route=\/wp\/v2\/posts"}],"about":[{"href":"https:\/\/www.cronicasliterarias.es\/index.php?rest_route=\/wp\/v2\/types\/post"}],"author":[{"embeddable":true,"href":"https:\/\/www.cronicasliterarias.es\/index.php?rest_route=\/wp\/v2\/users\/4"}],"replies":[{"embeddable":true,"href":"https:\/\/www.cronicasliterarias.es\/index.php?rest_route=%2Fwp%2Fv2%2Fcomments&post=17935"}],"version-history":[{"count":4,"href":"https:\/\/www.cronicasliterarias.es\/index.php?rest_route=\/wp\/v2\/posts\/17935\/revisions"}],"predecessor-version":[{"id":17972,"href":"https:\/\/www.cronicasliterarias.es\/index.php?rest_route=\/wp\/v2\/posts\/17935\/revisions\/17972"}],"wp:attachment":[{"href":"https:\/\/www.cronicasliterarias.es\/index.php?rest_route=%2Fwp%2Fv2%2Fmedia&parent=17935"}],"wp:term":[{"taxonomy":"category","embeddable":true,"href":"https:\/\/www.cronicasliterarias.es\/index.php?rest_route=%2Fwp%2Fv2%2Fcategories&post=17935"},{"taxonomy":"post_tag","embeddable":true,"href":"https:\/\/www.cronicasliterarias.es\/index.php?rest_route=%2Fwp%2Fv2%2Ftags&post=17935"}],"curies":[{"name":"wp","href":"https:\/\/api.w.org\/{rel}","templated":true}]}}