{"id":18092,"date":"2025-02-04T00:05:00","date_gmt":"2025-02-04T00:05:00","guid":{"rendered":"https:\/\/www.cronicasliterarias.es\/?p=18092"},"modified":"2025-02-04T10:48:32","modified_gmt":"2025-02-04T10:48:32","slug":"resena-marvels-el-ojo-de-la-camara-de-kurt-busiek-roger-stern-y-jay-anacleto","status":"publish","type":"post","link":"https:\/\/www.cronicasliterarias.es\/?p=18092","title":{"rendered":"Rese\u00f1a: Marvels. El Ojo de la C\u00e1mara, de Busiek, Stern y Anacleto"},"content":{"rendered":"<p align=\"JUSTIFY\"><img loading=\"lazy\" decoding=\"async\" class=\"alignright size-medium wp-image-18095\" src=\"https:\/\/www.cronicasliterarias.es\/wp-content\/uploads\/2025\/02\/elojodelacamara-199x300.jpg\" alt=\"\" width=\"199\" height=\"300\" srcset=\"https:\/\/www.cronicasliterarias.es\/wp-content\/uploads\/2025\/02\/elojodelacamara-199x300.jpg 199w, https:\/\/www.cronicasliterarias.es\/wp-content\/uploads\/2025\/02\/elojodelacamara.jpg 465w\" sizes=\"auto, (max-width: 199px) 100vw, 199px\" \/>\u00bfHay algo m\u00e1s que se pueda decir sobre <em>Marvels<\/em>, la miniserie de mediados de los 90 escrita por Kurt Busiek y dibujada por Alex Ross que realmente mostr\u00f3 c\u00f3mo ser\u00eda vivir en un universo de c\u00f3mics, con detalles impactantes y maravillosos? Pues, por lo visto, hay algo m\u00e1s y yo no lo sab\u00eda. Y cuando me enter\u00e9, no tard\u00e9 mucho en ponerme con este <em>El Ojo de la C\u00e1mara<\/em>, seis numeritos recogidos en un solo tomo por Panini C\u00f3mics, seis n\u00fameros m\u00e1s, hechos para explicar el tema.<\/p>\n<p align=\"JUSTIFY\"><em>Eye of the Camera<\/em> dicen que fue imaginado como una continuaci\u00f3n para capitalizar el d\u00e9cimo aniversario de la obra tan revolucionaria de Busiek y Ross. Cuentan que Busiek hab\u00eda sentido durante mucho tiempo que podr\u00eda haber una historia m\u00e1s que valiera la pena contar sobre Phil Sheldon como prota, el fot\u00f3grafo intr\u00e9pido que captur\u00f3 c\u00f3mo cambi\u00f3 el mundo con la llegada de los superh\u00e9roes a la realidad. El caso es que Busiek se sent\u00eda sepultado de ideas por la continuidad de un c\u00f3mic en la Edad de Plata, por lo que Roger Stern fue contratado para ayudar ya que escribi\u00f3 muchos de los eventos a los que se har\u00eda referencia. Y entre todo eso pasaron ocho a\u00f1os hasta que por fin vio la luz esta miniserie. Pero lo que est\u00e1is pensando es: \u00bfEst\u00e1 a la altura del original? En dibujos ya os adelanto que s\u00ed. Aunque Stern dice que el arte tuvo mucho que ver con eso, al tiempo que elogia los l\u00e1pices \u00abmeticulosos\u00bb de Jay Anacleto y los colores de Brian Haberlin.<\/p>\n<p align=\"JUSTIFY\"><img loading=\"lazy\" decoding=\"async\" class=\"alignleft  wp-image-18096\" src=\"https:\/\/www.cronicasliterarias.es\/wp-content\/uploads\/2025\/02\/elojodelacamara01-300x280.jpg\" alt=\"\" width=\"109\" height=\"102\" srcset=\"https:\/\/www.cronicasliterarias.es\/wp-content\/uploads\/2025\/02\/elojodelacamara01-300x280.jpg 300w, https:\/\/www.cronicasliterarias.es\/wp-content\/uploads\/2025\/02\/elojodelacamara01-768x716.jpg 768w, https:\/\/www.cronicasliterarias.es\/wp-content\/uploads\/2025\/02\/elojodelacamara01.jpg 980w\" sizes=\"auto, (max-width: 109px) 100vw, 109px\" \/>Est\u00e1 claro que el maestro Ross no est\u00e1 aqu\u00ed y&#8230; \u00bfse le echa de menos? Pues no mucho (aunque me duela), la verdad.<\/p>\n<p align=\"JUSTIFY\">En <em>El Ojo de la C\u00e1mara<\/em> vemos la primera aparici\u00f3n de Los 4 Fant\u00e1sticos, aunque lucharon contra Galactus en los <em>Marvels<\/em> originales. La gente de a pie empieza a ser consciente de los X-Men, aunque la histeria mutante ya est\u00e1 desatada de antes. Es posible que ni siquiera est\u00e9s lo suficientemente familiarizado con parte de la continuidad como para cuestionarla, ya que avanzar hacia la publicaci\u00f3n de los a\u00f1os 70 y 80 signifique necesariamente perder los puntos de referencia m\u00e1s familiares de la historia de Marvel, ya que los fans y los intereses cambian. Admito que no entiendo muy bien porqu\u00e9 Sheldon est\u00e1 tan molesto con los \u00abX-Terminators\u00bb.<\/p>\n<p align=\"JUSTIFY\">Tambi\u00e9n tenemos una metanarrativa definida que recorre la historia, ya que Sheldon emite un juicio mordaz sobre los desarrollos m\u00e1s sombr\u00edos de Marvel, como la enfermedad mental de Hank Pym y Spiderman trabajando con \u00abese asesino\u00bb, Y Punisher en su l\u00ednea&#8230; Pero entonces, Sheldon empieza a tener las mismas emociones encontradas con los primeros Marvels, por lo que gran parte de la pregunta empieza a ser: \u00bfQu\u00e9 tan buenas son estas personas? Y, \u00bfson personas? Es un mundo m\u00e1s aterrador en otros sentidos, y no <img loading=\"lazy\" decoding=\"async\" class=\"alignright  wp-image-18102\" src=\"https:\/\/www.cronicasliterarias.es\/wp-content\/uploads\/2025\/02\/elojodelacamara02-194x300.jpg\" alt=\"\" width=\"76\" height=\"118\" srcset=\"https:\/\/www.cronicasliterarias.es\/wp-content\/uploads\/2025\/02\/elojodelacamara02-194x300.jpg 194w, https:\/\/www.cronicasliterarias.es\/wp-content\/uploads\/2025\/02\/elojodelacamara02.jpg 474w\" sizes=\"auto, (max-width: 76px) 100vw, 76px\" \/>creo que est\u00e9 revelando demasiado al decir que Phil Sheldon desarrolla un c\u00e1ncer terminal en esta trama. Un giro interesante en la historia pero (y s\u00ed, esto va a sonar extra\u00f1o) se pone demasiado el foco en el propio protagonista. En el <em>Marvels<\/em> original, Sheldon era nuestros propios ojos en este mundo m\u00e1gico y aterrador; en esta miniserie es dif\u00edcil no priorizar su bienestar por todo lo dem\u00e1s que sucede a su alrededor. No s\u00e9 yo&#8230;<\/p>\n<p align=\"JUSTIFY\">Os voy a decir lo que es para m\u00ed lo bueno y lo malo de esta miniserie:<\/p>\n<p align=\"JUSTIFY\">Aporta m\u00e1s informaci\u00f3n sobre los acontecimientos posteriores del Universo Marvel.<\/p>\n<p align=\"JUSTIFY\">Tiene una escena conmovedora y sorprendente para los fans del original.<\/p>\n<p align=\"JUSTIFY\">El arte es muy bueno, pero nadie reemplazar\u00e1 nunca a Alex Ross.<\/p>\n<p align=\"JUSTIFY\"><img loading=\"lazy\" decoding=\"async\" class=\"alignleft  wp-image-18097\" src=\"https:\/\/www.cronicasliterarias.es\/wp-content\/uploads\/2025\/02\/elojodelacamara03-235x300.jpg\" alt=\"\" width=\"91\" height=\"116\" srcset=\"https:\/\/www.cronicasliterarias.es\/wp-content\/uploads\/2025\/02\/elojodelacamara03-235x300.jpg 235w, https:\/\/www.cronicasliterarias.es\/wp-content\/uploads\/2025\/02\/elojodelacamara03.jpg 768w\" sizes=\"auto, (max-width: 91px) 100vw, 91px\" \/>Por otro lado, demasiado \u00e9nfasis en el personaje principal desde mi punto de vista. Y no tiene el mismo impacto universal que cuando se relatan las primeras historias de Marvel.<\/p>\n<p align=\"JUSTIFY\">A pesar de todo, leerlo y degustarlo es una buena opci\u00f3n.<\/p>\n","protected":false},"excerpt":{"rendered":"<p>\u00bfHay algo m\u00e1s que se pueda decir sobre Marvels, la miniserie de mediados de los 90 escrita por Kurt Busiek y dibujada por Alex Ross que realmente mostr\u00f3 c\u00f3mo ser\u00eda vivir en un universo de c\u00f3mics, con detalles impactantes y maravillosos? Pues, por lo visto, hay algo m\u00e1s y yo no lo sab\u00eda. Y cuando [&hellip;]<\/p>\n","protected":false},"author":4,"featured_media":0,"comment_status":"closed","ping_status":"closed","sticky":false,"template":"","format":"standard","meta":{"footnotes":""},"categories":[49,382,28,6],"tags":[11,218,10],"class_list":["post-18092","post","type-post","status-publish","format-standard","hentry","category-comics","category-marvel","category-panini-comics","category-resenas","tag-j-j-castillo","tag-panini-comics-marvel","tag-resenas"],"_links":{"self":[{"href":"https:\/\/www.cronicasliterarias.es\/index.php?rest_route=\/wp\/v2\/posts\/18092","targetHints":{"allow":["GET"]}}],"collection":[{"href":"https:\/\/www.cronicasliterarias.es\/index.php?rest_route=\/wp\/v2\/posts"}],"about":[{"href":"https:\/\/www.cronicasliterarias.es\/index.php?rest_route=\/wp\/v2\/types\/post"}],"author":[{"embeddable":true,"href":"https:\/\/www.cronicasliterarias.es\/index.php?rest_route=\/wp\/v2\/users\/4"}],"replies":[{"embeddable":true,"href":"https:\/\/www.cronicasliterarias.es\/index.php?rest_route=%2Fwp%2Fv2%2Fcomments&post=18092"}],"version-history":[{"count":6,"href":"https:\/\/www.cronicasliterarias.es\/index.php?rest_route=\/wp\/v2\/posts\/18092\/revisions"}],"predecessor-version":[{"id":18104,"href":"https:\/\/www.cronicasliterarias.es\/index.php?rest_route=\/wp\/v2\/posts\/18092\/revisions\/18104"}],"wp:attachment":[{"href":"https:\/\/www.cronicasliterarias.es\/index.php?rest_route=%2Fwp%2Fv2%2Fmedia&parent=18092"}],"wp:term":[{"taxonomy":"category","embeddable":true,"href":"https:\/\/www.cronicasliterarias.es\/index.php?rest_route=%2Fwp%2Fv2%2Fcategories&post=18092"},{"taxonomy":"post_tag","embeddable":true,"href":"https:\/\/www.cronicasliterarias.es\/index.php?rest_route=%2Fwp%2Fv2%2Ftags&post=18092"}],"curies":[{"name":"wp","href":"https:\/\/api.w.org\/{rel}","templated":true}]}}