{"id":18207,"date":"2025-02-18T00:05:00","date_gmt":"2025-02-18T00:05:00","guid":{"rendered":"https:\/\/www.cronicasliterarias.es\/?p=18207"},"modified":"2025-02-17T11:55:48","modified_gmt":"2025-02-17T11:55:48","slug":"resena-the-cull-el-sacrificio-de-thompson-y-de-iulis","status":"publish","type":"post","link":"https:\/\/www.cronicasliterarias.es\/?p=18207","title":{"rendered":"Rese\u00f1a: The Cull (El Sacrificio), de Kelley Thompson y Mattia De Iulis"},"content":{"rendered":"<p align=\"JUSTIFY\"><img loading=\"lazy\" decoding=\"async\" class=\"alignright  wp-image-18209\" src=\"https:\/\/www.cronicasliterarias.es\/wp-content\/uploads\/2025\/02\/thecull-197x300.jpg\" alt=\"\" width=\"174\" height=\"265\" srcset=\"https:\/\/www.cronicasliterarias.es\/wp-content\/uploads\/2025\/02\/thecull-197x300.jpg 197w, https:\/\/www.cronicasliterarias.es\/wp-content\/uploads\/2025\/02\/thecull-673x1024.jpg 673w, https:\/\/www.cronicasliterarias.es\/wp-content\/uploads\/2025\/02\/thecull-768x1169.jpg 768w, https:\/\/www.cronicasliterarias.es\/wp-content\/uploads\/2025\/02\/thecull.jpg 904w\" sizes=\"auto, (max-width: 174px) 100vw, 174px\" \/>\u00bfM\u00e1s Terror? M\u00e1s terror. Porque s\u00ed. Porque lo pide el cuerpo. Porque es la tem\u00e1tica que te mantiene en vilo, que activa los sentidos&#8230; bueno, ya sab\u00e9is. Porque mola no dejarlo mucho tiempo y mucho menos ahora que vuelve a estar de moda el g\u00e9nero tras tantos buenos t\u00edtulos y tan buenas pelis actuales. El a\u00f1o 2024 ha sido de los mejores que recuerdo.<\/p>\n<p align=\"JUSTIFY\">Y para ello la \u00faltima mejor opci\u00f3n encontrada ha sido de nuevo en Norma Editorial. Se llama <em>The Cull (El Sacrificio)<\/em> y es nueva serie que empieza y se completa en tomos en tapa dura. Y es que de los cinco primeros n\u00fameros que recopila este primer volumen las dos primeras grapas son sencillamente excepcionales. Las mejores de este volumen, sin duda. Un principio inolvidable como hac\u00eda a\u00f1os que no le\u00eda. Kelly Thompson tuvo una idea incre\u00edble para esta serie y la premisa mostrada hasta el momento funciona realmente bien. \u00bfJ\u00f3venes semi-adultos en un pueblo costero? Claro que s\u00ed. \u00bfUno de los adolescentes tiene un motivo oculto? Eso suena divertido. \u00bfMultiversos y planos atemporales? \u00bfMundos alternativos? No me lo esperaba y en realidad me hypea bastante el querer saber que puede venir despu\u00e9s.<\/p>\n<p align=\"JUSTIFY\"><em>The Cull<\/em> se anuncia como una mezcla entre <em>Algo est\u00e1 matando ni\u00f1os (<a href=\"https:\/\/www.planetadelibros.com\/libro-hay-algo-matando-ninos-n-01\/322432\">https:\/\/www.planetadelibros.com\/libro-hay-algo-matando-ninos-n-01\/322432<\/a>)<\/em> y nuestra amada pel\u00edcula de <em>Los Goonies<\/em>. Lo que me parece perfecto. Y puedo decir que se lee, se devora casi como una novela de misterio y terror, de las buenas que se escrib\u00edan en mis queridos a\u00f1os ochenta. Cinco chicas adolescentes salen de sus casas en mitad de la noche para rodar una pel\u00edcula en la playa, pero una de ellos les miente a las dem\u00e1s con lo que, en realidad, va a pasar&#8230;<\/p>\n<p style=\"text-align: center;\" align=\"JUSTIFY\"><img loading=\"lazy\" decoding=\"async\" class=\"aligncenter  wp-image-18210\" src=\"https:\/\/www.cronicasliterarias.es\/wp-content\/uploads\/2025\/02\/thecull02-1024x308.jpg\" alt=\"\" width=\"342\" height=\"103\" srcset=\"https:\/\/www.cronicasliterarias.es\/wp-content\/uploads\/2025\/02\/thecull02-1024x308.jpg 1024w, https:\/\/www.cronicasliterarias.es\/wp-content\/uploads\/2025\/02\/thecull02-300x90.jpg 300w, https:\/\/www.cronicasliterarias.es\/wp-content\/uploads\/2025\/02\/thecull02-768x231.jpg 768w, https:\/\/www.cronicasliterarias.es\/wp-content\/uploads\/2025\/02\/thecull02.jpg 1114w\" sizes=\"auto, (max-width: 342px) 100vw, 342px\" \/><\/p>\n<p align=\"JUSTIFY\">&#8230;, son las 3:34 a. m. Cleo ya se ha levantado de la cama. Ha estado pintando peque\u00f1as caritas tristes en negro sobre peque\u00f1as banderas rojas. Jakey ha desaparecido. (Hay carteles de \u00abDesaparecido\u00bb esparcidos por toda la mesa de la cocina). Cleo se dirige a Black Water Beach con amigas para rodar una pel\u00edcula en una roca prohibida. Ninguno de ellos sabe exactamente qu\u00e9 esperar&#8230; Pues nadie est\u00e1 feliz de ir a la playa tan temprano. Buscan el momento perfecto en el que no quede nadie en la costa antes del amanecer. No quieren a nadie m\u00e1s all\u00ed. Cada uno de los seis est\u00e1 lidiando con alg\u00fan tipo de estr\u00e9s&#8230; y Cleo claramente tiene un plan para preparar su maleta de la forma en que lo hace. Ninguna de los dem\u00e1s sabe necesariamente lo que les espera a medida que se acercan al lugar en el que parece que van a vivir algo inolvidable.<\/p>\n<p style=\"text-align: center;\" align=\"JUSTIFY\"><img loading=\"lazy\" decoding=\"async\" class=\"aligncenter  wp-image-18211\" src=\"https:\/\/www.cronicasliterarias.es\/wp-content\/uploads\/2025\/02\/thecull03-1024x267.jpg\" alt=\"\" width=\"349\" height=\"91\" srcset=\"https:\/\/www.cronicasliterarias.es\/wp-content\/uploads\/2025\/02\/thecull03-1024x267.jpg 1024w, https:\/\/www.cronicasliterarias.es\/wp-content\/uploads\/2025\/02\/thecull03-300x78.jpg 300w, https:\/\/www.cronicasliterarias.es\/wp-content\/uploads\/2025\/02\/thecull03-768x200.jpg 768w, https:\/\/www.cronicasliterarias.es\/wp-content\/uploads\/2025\/02\/thecull03.jpg 1187w\" sizes=\"auto, (max-width: 349px) 100vw, 349px\" \/><\/p>\n<p align=\"JUSTIFY\">Kelly Thompson abre una historia de terror sobrenatural con el artista Mattia De Iulis. Es el comienzo de una pesadilla de ensue\u00f1o. El arte de De Iulis es una especie de revelaci\u00f3n. Hay cantidad de detalles profundamente atmosf\u00e9ricos en cada vi\u00f1eta aparte de su tremendo dibujo superrealista. Thompson ha decidido que ser\u00eda mejor presentar a cada personaje de forma cercana y en sus hogares de toda la vida. Esto le permite a De Iulis tallar realmente personalidades muy cercana, me atrevo a decir que todos conocemos as\u00ed y que reaccionan en muchos casos de la misma forma ante las situaciones que se presentan. Pese a todo, <em>The Cull<\/em> es completamente diferente a todo lo que pod\u00e9is encontrar entre las novedades de c\u00f3mics en este momento. Y a la vez recuerda a tantas cosas buenas del fant\u00e1stico <img loading=\"lazy\" decoding=\"async\" class=\"alignleft  wp-image-18212\" src=\"https:\/\/www.cronicasliterarias.es\/wp-content\/uploads\/2025\/02\/thecull01-300x154.jpg\" alt=\"\" width=\"121\" height=\"62\" srcset=\"https:\/\/www.cronicasliterarias.es\/wp-content\/uploads\/2025\/02\/thecull01-300x154.jpg 300w, https:\/\/www.cronicasliterarias.es\/wp-content\/uploads\/2025\/02\/thecull01-1024x525.jpg 1024w, https:\/\/www.cronicasliterarias.es\/wp-content\/uploads\/2025\/02\/thecull01-768x394.jpg 768w, https:\/\/www.cronicasliterarias.es\/wp-content\/uploads\/2025\/02\/thecull01.jpg 1040w\" sizes=\"auto, (max-width: 121px) 100vw, 121px\" \/>que se hace inevitable no querer saber m\u00e1s sobre esta historia.<\/p>\n<p align=\"JUSTIFY\">Hay un giro de tuerca criminal al final que pone los vellos de punta.<\/p>\n","protected":false},"excerpt":{"rendered":"<p>\u00bfM\u00e1s Terror? M\u00e1s terror. Porque s\u00ed. Porque lo pide el cuerpo. Porque es la tem\u00e1tica que te mantiene en vilo, que activa los sentidos&#8230; bueno, ya sab\u00e9is. Porque mola no dejarlo mucho tiempo y mucho menos ahora que vuelve a estar de moda el g\u00e9nero tras tantos buenos t\u00edtulos y tan buenas pelis actuales. El [&hellip;]<\/p>\n","protected":false},"author":4,"featured_media":0,"comment_status":"closed","ping_status":"closed","sticky":false,"template":"","format":"standard","meta":{"footnotes":""},"categories":[49,30,6,8],"tags":[11,22,10,471],"class_list":["post-18207","post","type-post","status-publish","format-standard","hentry","category-comics","category-norma-editorial","category-resenas","category-terror","tag-j-j-castillo","tag-norma-editorial","tag-resenas","tag-terror2025"],"_links":{"self":[{"href":"https:\/\/www.cronicasliterarias.es\/index.php?rest_route=\/wp\/v2\/posts\/18207","targetHints":{"allow":["GET"]}}],"collection":[{"href":"https:\/\/www.cronicasliterarias.es\/index.php?rest_route=\/wp\/v2\/posts"}],"about":[{"href":"https:\/\/www.cronicasliterarias.es\/index.php?rest_route=\/wp\/v2\/types\/post"}],"author":[{"embeddable":true,"href":"https:\/\/www.cronicasliterarias.es\/index.php?rest_route=\/wp\/v2\/users\/4"}],"replies":[{"embeddable":true,"href":"https:\/\/www.cronicasliterarias.es\/index.php?rest_route=%2Fwp%2Fv2%2Fcomments&post=18207"}],"version-history":[{"count":3,"href":"https:\/\/www.cronicasliterarias.es\/index.php?rest_route=\/wp\/v2\/posts\/18207\/revisions"}],"predecessor-version":[{"id":18215,"href":"https:\/\/www.cronicasliterarias.es\/index.php?rest_route=\/wp\/v2\/posts\/18207\/revisions\/18215"}],"wp:attachment":[{"href":"https:\/\/www.cronicasliterarias.es\/index.php?rest_route=%2Fwp%2Fv2%2Fmedia&parent=18207"}],"wp:term":[{"taxonomy":"category","embeddable":true,"href":"https:\/\/www.cronicasliterarias.es\/index.php?rest_route=%2Fwp%2Fv2%2Fcategories&post=18207"},{"taxonomy":"post_tag","embeddable":true,"href":"https:\/\/www.cronicasliterarias.es\/index.php?rest_route=%2Fwp%2Fv2%2Ftags&post=18207"}],"curies":[{"name":"wp","href":"https:\/\/api.w.org\/{rel}","templated":true}]}}