{"id":18223,"date":"2025-02-19T00:05:00","date_gmt":"2025-02-19T00:05:00","guid":{"rendered":"https:\/\/www.cronicasliterarias.es\/?p=18223"},"modified":"2025-02-18T12:11:30","modified_gmt":"2025-02-18T12:11:30","slug":"resena-contienda-de-campeones-de-gruenwald-grant-mantlo-y-romita-jr","status":"publish","type":"post","link":"https:\/\/www.cronicasliterarias.es\/?p=18223","title":{"rendered":"Rese\u00f1a: Contienda de Campeones"},"content":{"rendered":"<p align=\"JUSTIFY\"><img loading=\"lazy\" decoding=\"async\" class=\"alignleft  wp-image-18225\" src=\"https:\/\/www.cronicasliterarias.es\/wp-content\/uploads\/2025\/02\/contiendadecampeones-198x300.jpg\" alt=\"\" width=\"190\" height=\"288\" srcset=\"https:\/\/www.cronicasliterarias.es\/wp-content\/uploads\/2025\/02\/contiendadecampeones-198x300.jpg 198w, https:\/\/www.cronicasliterarias.es\/wp-content\/uploads\/2025\/02\/contiendadecampeones-676x1024.jpg 676w, https:\/\/www.cronicasliterarias.es\/wp-content\/uploads\/2025\/02\/contiendadecampeones-768x1163.jpg 768w, https:\/\/www.cronicasliterarias.es\/wp-content\/uploads\/2025\/02\/contiendadecampeones.jpg 791w\" sizes=\"auto, (max-width: 190px) 100vw, 190px\" \/><em>Contienda de Campeones<\/em> es de esos t\u00edtulos que debe estar siempre disponible en librer\u00edas. Hablamos de la primera miniserie de La Casa de las Ideas, as\u00ed como el primer gran evento de Marvel que reuni\u00f3 a todos sus h\u00e9roes y eso no es moco de pavo. El primero. Adem\u00e1s, en esta edici\u00f3n dentro de los Must-Have, c\u00f3mics econ\u00f3micos para con su contenido, tambi\u00e9n se incluye la secuela del mismo, en los <em>Annuals<\/em> de <em>Los Vengadores<\/em>; por lo que ya me dir\u00e9is si esto no es un indispensable de todas-todas.<\/p>\n<p align=\"JUSTIFY\">Cuenta como el Gran Maestro quiere que su hermano el Coleccionista vuelva a estar vivo&#8230; y est\u00e1 dispuesto a hacer cualquier cosa para lograrlo. As\u00ed que re\u00fanen a todos los h\u00e9roes de la Tierra en una arena enorme. El Gran Maestro y su oponente est\u00e1n jugando un juego peligroso y los h\u00e9roes de la Tierra son los peones de esta batalla a cara de perro&#8230;<\/p>\n<p align=\"JUSTIFY\"><em>Contienda de Campeones<\/em> representa la primera trama -de dos-, de <em>Avengers: The Contest.<\/em> Ha sido llamado tambi\u00e9n <em>Marvel Super Hero Contest of Champions<\/em>, y fue escrito por Mark Gruenwald, Bill Mantlo y Steven Grant. Como os dec\u00eda antes, es considerada la primera serie limitada importante de c\u00f3mics. Fue entonces que no mucho despu\u00e9s lleg\u00f3 la segunda trama, una continuaci\u00f3n de la historia de la mano de Steve Englehart y Tom DeFalco que se public\u00f3 en 1987.<\/p>\n<p align=\"JUSTIFY\"><img loading=\"lazy\" decoding=\"async\" class=\"alignright  wp-image-18228\" src=\"https:\/\/www.cronicasliterarias.es\/wp-content\/uploads\/2025\/02\/contiendadecampeones03-254x300.jpg\" alt=\"\" width=\"99\" height=\"117\" srcset=\"https:\/\/www.cronicasliterarias.es\/wp-content\/uploads\/2025\/02\/contiendadecampeones03-254x300.jpg 254w, https:\/\/www.cronicasliterarias.es\/wp-content\/uploads\/2025\/02\/contiendadecampeones03.jpg 300w\" sizes=\"auto, (max-width: 99px) 100vw, 99px\" \/>El primer evento gordo de Marvel que recuerdo haber le\u00eddo fueron las <em>Secret Wars<\/em>. Ya sab\u00e9is, un ni\u00f1o de los 80 leyendo c\u00f3mics de superh\u00e9roes, y la idea de que todos se cruzaran y muchos batallaran entre ellos&#8230; era muy emocionante. Pero cuando empec\u00e9 a ir a una tienda de c\u00f3mics de verdad, encontr\u00e9 r\u00e1pidamente <em>Contest of Champions<\/em> y pude ver a todos los h\u00e9roes trabajando juntos en equipos una vez m\u00e1s pero contra unos poderosos semi-dioses, algo que no hab\u00eda visto jam\u00e1s. En aquella edici\u00f3n que encontr\u00e9 en una peque\u00f1a librer\u00eda de Brooklyn, hab\u00eda un gran \u00edndice que enumeraba d\u00f3nde aparec\u00edan los personajes por primera vez (antes de internet y si no ten\u00edas el <em>Manual del Universo Marvel<\/em>, se convert\u00eda en algo muy mol\u00f3n). Pero a lo que vamos, <em>Contienda de Campeones<\/em> es bastante t\u00edpica a d\u00eda de hoy. Al leerlo tienes la sensaci\u00f3n r\u00e1pidamente de que est\u00e1s ante un cl\u00e1sico, una peli de \u00e9poca, una trama buena que engancha con muy poco y que si te pones del lado de cuando se escribi\u00f3, s\u00ed que se puede disfrutar. Juntas a un grupo de h\u00e9roes y los haces \u00abcompetir\u00bb en <img loading=\"lazy\" decoding=\"async\" class=\"alignleft  wp-image-18226\" src=\"https:\/\/www.cronicasliterarias.es\/wp-content\/uploads\/2025\/02\/contiendadecampeones01-153x300.jpg\" alt=\"\" width=\"68\" height=\"133\" srcset=\"https:\/\/www.cronicasliterarias.es\/wp-content\/uploads\/2025\/02\/contiendadecampeones01-153x300.jpg 153w, https:\/\/www.cronicasliterarias.es\/wp-content\/uploads\/2025\/02\/contiendadecampeones01.jpg 459w\" sizes=\"auto, (max-width: 68px) 100vw, 68px\" \/>combates de tres o cuatro p\u00e1ginas contra todo tipo de seres cada uno de su padre y de su madre. Y es que la serie tambi\u00e9n utiliz\u00f3 el c\u00f3mic de manera inteligente para destacar que el Universo Marvel no inclu\u00eda s\u00f3lo a USA y presenta m\u00faltiples personajes de diferentes nacionalidades. La mayor\u00eda de estos personajes nunca despegaron realmente (a\u00fan sigo pregunt\u00e1ndome porqu\u00e9 nunca hubo una serie limitada de la gran Shamrock), pero la serie tambi\u00e9n marc\u00f3 las primeras apariciones de personajes internacionales preexistentes como los S\u00faper Soldados Sovi\u00e9ticos, Alpha Flight, Sabra, Arabian Knight y el Capit\u00e1n Britania.<\/p>\n<p align=\"JUSTIFY\">La segunda historia del anual es m\u00e1s de lo mismo, para qu\u00e9 enga\u00f1arnos pero m\u00ed es m\u00e1s diversi\u00f3n. Adem\u00e1s de que fue una trama que le permiti\u00f3 a Marvel aprovechar a los h\u00e9roes muertos para la batalla, por lo que puedes ver a la Capitana Marvel encontrarse con su hom\u00f3nima en ciertas batallas.<\/p>\n<p align=\"JUSTIFY\">Finiquitando, un buen tomo a tener. Un buen t\u00edtulo retro. Puede que a los lectores modernos no les guste la simplicidad de la historia, pero es una lectura divertida y r\u00e1pida. Eso no se lo quita nadie. As\u00ed como un \u00e9xito comercial que allan\u00f3 el camino para proyectos m\u00e1s <img loading=\"lazy\" decoding=\"async\" class=\"alignright  wp-image-18227\" src=\"https:\/\/www.cronicasliterarias.es\/wp-content\/uploads\/2025\/02\/contiendadecampeones02-233x300.jpg\" alt=\"\" width=\"118\" height=\"152\" srcset=\"https:\/\/www.cronicasliterarias.es\/wp-content\/uploads\/2025\/02\/contiendadecampeones02-233x300.jpg 233w, https:\/\/www.cronicasliterarias.es\/wp-content\/uploads\/2025\/02\/contiendadecampeones02.jpg 698w\" sizes=\"auto, (max-width: 118px) 100vw, 118px\" \/>ambiciosos como las <em>Secret Wars<\/em>. De cuando Marvel empez\u00f3 a gustarle usar signos de exclamaci\u00f3n para todo.<\/p>\n<p align=\"JUSTIFY\">-\u00a1Oh, los 80! \u00a1Cuando era genial que Lobezno encendiera un cigarrillo en medio de una conversaci\u00f3n!<\/p>\n","protected":false},"excerpt":{"rendered":"<p>Contienda de Campeones es de esos t\u00edtulos que debe estar siempre disponible en librer\u00edas. Hablamos de la primera miniserie de La Casa de las Ideas, as\u00ed como el primer gran evento de Marvel que reuni\u00f3 a todos sus h\u00e9roes y eso no es moco de pavo. El primero. Adem\u00e1s, en esta edici\u00f3n dentro de los [&hellip;]<\/p>\n","protected":false},"author":4,"featured_media":0,"comment_status":"closed","ping_status":"closed","sticky":false,"template":"","format":"standard","meta":{"footnotes":""},"categories":[49,382,28,6],"tags":[11,196,218,10],"class_list":["post-18223","post","type-post","status-publish","format-standard","hentry","category-comics","category-marvel","category-panini-comics","category-resenas","tag-j-j-castillo","tag-must-have","tag-panini-comics-marvel","tag-resenas"],"_links":{"self":[{"href":"https:\/\/www.cronicasliterarias.es\/index.php?rest_route=\/wp\/v2\/posts\/18223","targetHints":{"allow":["GET"]}}],"collection":[{"href":"https:\/\/www.cronicasliterarias.es\/index.php?rest_route=\/wp\/v2\/posts"}],"about":[{"href":"https:\/\/www.cronicasliterarias.es\/index.php?rest_route=\/wp\/v2\/types\/post"}],"author":[{"embeddable":true,"href":"https:\/\/www.cronicasliterarias.es\/index.php?rest_route=\/wp\/v2\/users\/4"}],"replies":[{"embeddable":true,"href":"https:\/\/www.cronicasliterarias.es\/index.php?rest_route=%2Fwp%2Fv2%2Fcomments&post=18223"}],"version-history":[{"count":9,"href":"https:\/\/www.cronicasliterarias.es\/index.php?rest_route=\/wp\/v2\/posts\/18223\/revisions"}],"predecessor-version":[{"id":18238,"href":"https:\/\/www.cronicasliterarias.es\/index.php?rest_route=\/wp\/v2\/posts\/18223\/revisions\/18238"}],"wp:attachment":[{"href":"https:\/\/www.cronicasliterarias.es\/index.php?rest_route=%2Fwp%2Fv2%2Fmedia&parent=18223"}],"wp:term":[{"taxonomy":"category","embeddable":true,"href":"https:\/\/www.cronicasliterarias.es\/index.php?rest_route=%2Fwp%2Fv2%2Fcategories&post=18223"},{"taxonomy":"post_tag","embeddable":true,"href":"https:\/\/www.cronicasliterarias.es\/index.php?rest_route=%2Fwp%2Fv2%2Ftags&post=18223"}],"curies":[{"name":"wp","href":"https:\/\/api.w.org\/{rel}","templated":true}]}}