{"id":18252,"date":"2025-02-24T00:05:00","date_gmt":"2025-02-24T00:05:00","guid":{"rendered":"https:\/\/www.cronicasliterarias.es\/?p=18252"},"modified":"2025-02-24T19:59:25","modified_gmt":"2025-02-24T19:59:25","slug":"resena-el-caballero-del-dragon-de-emanuele-arioli-y-emiliano-tanzillo","status":"publish","type":"post","link":"https:\/\/www.cronicasliterarias.es\/?p=18252","title":{"rendered":"Rese\u00f1a: El Caballero del Drag\u00f3n, de Emanuele Arioli y Emiliano Tanzillo"},"content":{"rendered":"<p align=\"JUSTIFY\"><img loading=\"lazy\" decoding=\"async\" class=\"alignleft  wp-image-18255\" src=\"https:\/\/www.cronicasliterarias.es\/wp-content\/uploads\/2025\/02\/elcaballerodeldragon-223x300.jpg\" alt=\"\" width=\"209\" height=\"281\" srcset=\"https:\/\/www.cronicasliterarias.es\/wp-content\/uploads\/2025\/02\/elcaballerodeldragon-223x300.jpg 223w, https:\/\/www.cronicasliterarias.es\/wp-content\/uploads\/2025\/02\/elcaballerodeldragon.jpg 633w\" sizes=\"auto, (max-width: 209px) 100vw, 209px\" \/>Para con este c\u00f3mic fue el nombre de Emiliano Tanzillo lo que me llam\u00f3 la atenci\u00f3n porque realmente apreci\u00e9 el trabajo que hizo en <em>Carambolla<\/em> (la serie que cre\u00f3 con la co-guionista Barbara Baraldi, publicada en el pa\u00eds de la bota por SaldaPress). Y s\u00ed, el dibujo es lo que me enganch\u00f3, lo que me empuj\u00f3 a querer leer y rese\u00f1ar esta obra que publica en nuestro pa\u00eds Norma Editorial porque Tanzillo tiene un estilo \u00fanico, fluido y din\u00e1mico para la Fantas\u00eda, adem\u00e1s de experiencia en maquetaci\u00f3n. Y todo ello hace que la lectura sea muy agradable. Parece que este se\u00f1or siempre-siempre hace hermosos trabajos por el momento&#8230;<\/p>\n<p align=\"JUSTIFY\">Mas , por otra parte, descubr\u00ed a Emanuele Arioli, franco-italiano; actor, escritor, medievalista y tambi\u00e9n profesor en la Universidad Polit\u00e9cnica de Hauts-de-France. Un autor que ha recibido varios premios, en particular por su descubrimiento y reconstrucci\u00f3n de una novela medieval hasta entonces desconocida sobra la famosa Mesa Redonda, titulada <em>S\u00e9gurant ou le chevalier au dragon<\/em> y parece que gracias a eso ha conseguido formar una especie de espejo y trasladar lo que mejor saber a este formato c\u00f3mic europeo que hoy os traigo como rese\u00f1a (se cuenta en el prefacio y ep\u00edlogo).<\/p>\n<p align=\"JUSTIFY\"><img loading=\"lazy\" decoding=\"async\" class=\"alignright  wp-image-18256\" src=\"https:\/\/www.cronicasliterarias.es\/wp-content\/uploads\/2025\/02\/elcaballerodeldragon05-300x199.jpg\" alt=\"\" width=\"137\" height=\"91\" srcset=\"https:\/\/www.cronicasliterarias.es\/wp-content\/uploads\/2025\/02\/elcaballerodeldragon05-300x199.jpg 300w, https:\/\/www.cronicasliterarias.es\/wp-content\/uploads\/2025\/02\/elcaballerodeldragon05.jpg 667w\" sizes=\"auto, (max-width: 137px) 100vw, 137px\" \/>\u00bfY qu\u00e9 tenemos? Dir\u00eda que una historia muy cl\u00e1sica pero con un soplo de aire fresco gracias al humor utilizado (lo comprobar\u00e9is de todas-todas en una de las \u00faltimas p\u00e1ginas donde sale Merl\u00edn). Nuestro joven caballero, Sivar, se embarcar\u00e1 en una b\u00fasqueda para salvar los reinos conocidos, deber\u00e1 encontrar el Grial y parecen querer ayudarlo dos compa\u00f1eros de viaje, el enga\u00f1oso Did\u00e1n y el ingenuo Goli\u00e1n. Personajes de los que me he enamorado, por supuesto. Que gusto da cuando salen\/nacen\/brotan personajes as\u00ed en una historia.<\/p>\n<p align=\"JUSTIFY\">Nos vamos al siglo V, a una Gran Breta\u00f1a devastada por la guerra, donde el Rey Arturo se levanta para unir a los pueblos celtas. \u201c\u00a1Un reino, un rey, una fe!\u201d, proclaman con orgullo los Caballeros de la Mesa Redonda. Sin embargo, esta noble b\u00fasqueda de la paz depara en el destierro de antiguos cultos y tradiciones m\u00e1gicas. Y lejos de los tumultos, en el coraz\u00f3n de las Tierras Libres, un joven celta de enigm\u00e1ticos ojos desviados descubre que es hijo de una poderosa hechicera. Pero, \u00bftendr\u00e1 la audacia de aceptar su destino y lanzarse hacia lo <img loading=\"lazy\" decoding=\"async\" class=\"alignleft  wp-image-18257\" src=\"https:\/\/www.cronicasliterarias.es\/wp-content\/uploads\/2025\/02\/elcaballerodeldragon02-300x136.jpg\" alt=\"\" width=\"218\" height=\"99\" srcset=\"https:\/\/www.cronicasliterarias.es\/wp-content\/uploads\/2025\/02\/elcaballerodeldragon02-300x136.jpg 300w, https:\/\/www.cronicasliterarias.es\/wp-content\/uploads\/2025\/02\/elcaballerodeldragon02-1024x463.jpg 1024w, https:\/\/www.cronicasliterarias.es\/wp-content\/uploads\/2025\/02\/elcaballerodeldragon02-768x347.jpg 768w, https:\/\/www.cronicasliterarias.es\/wp-content\/uploads\/2025\/02\/elcaballerodeldragon02.jpg 1092w\" sizes=\"auto, (max-width: 218px) 100vw, 218px\" \/>desconocido? \u00bfLe toca a \u00e9l buscar el famoso Grial?<\/p>\n<p align=\"JUSTIFY\"><em>El caballero del drag\u00f3n<\/em> es el resultado de un prodigioso descubrimiento hist\u00f3rico realizado por Emanuele Arioli. Despu\u00e9s de una incre\u00edble b\u00fasqueda que dur\u00f3 una d\u00e9cada por toda Europa, logr\u00f3 reconstruir un texto que hab\u00eda estado perdido durante casi 700 a\u00f1os, que relata la leyenda del Rey Arturo. Como un rompecabezas colosal, reuni\u00f3 decenas de manuscritos, revelando as\u00ed, siglos despu\u00e9s de su creaci\u00f3n, el misterioso destino de un h\u00e9roe poco conocido de la Mesa Redonda: \u00a1El Caballero del Drag\u00f3n!<\/p>\n<p align=\"JUSTIFY\">Este universo \u00e9pico y maravilloso ahora cobra vida gracias al talento de Emiliano Tanzillo, quien lo ha ilustrado brillantemente. Una historia -tengo que decir- que, se basa en<span lang=\"es-ES\"> gran medida en el h\u00e9roe alem\u00e1n Siegfried el cual termina luchando contra el drag\u00f3n Fafnir. <\/span><span lang=\"es-ES\">Y aqu\u00ed Arioli lo hace bastante bien para ser su primer c\u00f3mic, pero tiene algunos fallos que podr\u00edan haberse evitado si hubiera estado acompa\u00f1ado por un autor experimentado. Tambi\u00e9n entiendo que \u00e9l quer\u00eda llegar solo hasta el final, fue un trabajo a largo plazo lo <img loading=\"lazy\" decoding=\"async\" class=\"alignright  wp-image-18258\" src=\"https:\/\/www.cronicasliterarias.es\/wp-content\/uploads\/2025\/02\/elcaballerodeldragon03-300x92.jpg\" alt=\"\" width=\"271\" height=\"83\" srcset=\"https:\/\/www.cronicasliterarias.es\/wp-content\/uploads\/2025\/02\/elcaballerodeldragon03-300x92.jpg 300w, https:\/\/www.cronicasliterarias.es\/wp-content\/uploads\/2025\/02\/elcaballerodeldragon03-1024x314.jpg 1024w, https:\/\/www.cronicasliterarias.es\/wp-content\/uploads\/2025\/02\/elcaballerodeldragon03-768x236.jpg 768w, https:\/\/www.cronicasliterarias.es\/wp-content\/uploads\/2025\/02\/elcaballerodeldragon03.jpg 1404w\" sizes=\"auto, (max-width: 271px) 100vw, 271px\" \/>que hizo. No obstante, una <\/span>lectura agradable, un equilibrio perfecto entre acci\u00f3n y momentos de relax donde conocemos m\u00e1s de los personajes y su humor. El mito Art\u00farico desde un nuevo \u00e1ngulo.<\/p>\n","protected":false},"excerpt":{"rendered":"<p>Para con este c\u00f3mic fue el nombre de Emiliano Tanzillo lo que me llam\u00f3 la atenci\u00f3n porque realmente apreci\u00e9 el trabajo que hizo en Carambolla (la serie que cre\u00f3 con la co-guionista Barbara Baraldi, publicada en el pa\u00eds de la bota por SaldaPress). Y s\u00ed, el dibujo es lo que me enganch\u00f3, lo que me [&hellip;]<\/p>\n","protected":false},"author":4,"featured_media":0,"comment_status":"closed","ping_status":"closed","sticky":false,"template":"","format":"standard","meta":{"footnotes":""},"categories":[44,30,6],"tags":[472,11,22,10],"class_list":["post-18252","post","type-post","status-publish","format-standard","hentry","category-comic-europeo","category-norma-editorial","category-resenas","tag-comic-europeo-2025","tag-j-j-castillo","tag-norma-editorial","tag-resenas"],"_links":{"self":[{"href":"https:\/\/www.cronicasliterarias.es\/index.php?rest_route=\/wp\/v2\/posts\/18252","targetHints":{"allow":["GET"]}}],"collection":[{"href":"https:\/\/www.cronicasliterarias.es\/index.php?rest_route=\/wp\/v2\/posts"}],"about":[{"href":"https:\/\/www.cronicasliterarias.es\/index.php?rest_route=\/wp\/v2\/types\/post"}],"author":[{"embeddable":true,"href":"https:\/\/www.cronicasliterarias.es\/index.php?rest_route=\/wp\/v2\/users\/4"}],"replies":[{"embeddable":true,"href":"https:\/\/www.cronicasliterarias.es\/index.php?rest_route=%2Fwp%2Fv2%2Fcomments&post=18252"}],"version-history":[{"count":9,"href":"https:\/\/www.cronicasliterarias.es\/index.php?rest_route=\/wp\/v2\/posts\/18252\/revisions"}],"predecessor-version":[{"id":18268,"href":"https:\/\/www.cronicasliterarias.es\/index.php?rest_route=\/wp\/v2\/posts\/18252\/revisions\/18268"}],"wp:attachment":[{"href":"https:\/\/www.cronicasliterarias.es\/index.php?rest_route=%2Fwp%2Fv2%2Fmedia&parent=18252"}],"wp:term":[{"taxonomy":"category","embeddable":true,"href":"https:\/\/www.cronicasliterarias.es\/index.php?rest_route=%2Fwp%2Fv2%2Fcategories&post=18252"},{"taxonomy":"post_tag","embeddable":true,"href":"https:\/\/www.cronicasliterarias.es\/index.php?rest_route=%2Fwp%2Fv2%2Ftags&post=18252"}],"curies":[{"name":"wp","href":"https:\/\/api.w.org\/{rel}","templated":true}]}}