{"id":18381,"date":"2025-03-17T00:05:00","date_gmt":"2025-03-17T00:05:00","guid":{"rendered":"https:\/\/www.cronicasliterarias.es\/?p=18381"},"modified":"2025-03-17T10:53:24","modified_gmt":"2025-03-17T10:53:24","slug":"resena-strange-tales-la-antorcha-humana-vs-la-cosa","status":"publish","type":"post","link":"https:\/\/www.cronicasliterarias.es\/?p=18381","title":{"rendered":"Rese\u00f1a: Strange Tales. La Antorcha Humana contra La Cosa"},"content":{"rendered":"<p align=\"JUSTIFY\"><img loading=\"lazy\" decoding=\"async\" class=\"alignleft  wp-image-18382\" src=\"https:\/\/www.cronicasliterarias.es\/wp-content\/uploads\/2025\/03\/strangetales_MLE-191x300.jpg\" alt=\"\" width=\"182\" height=\"286\" srcset=\"https:\/\/www.cronicasliterarias.es\/wp-content\/uploads\/2025\/03\/strangetales_MLE-191x300.jpg 191w, https:\/\/www.cronicasliterarias.es\/wp-content\/uploads\/2025\/03\/strangetales_MLE.jpg 637w\" sizes=\"auto, (max-width: 182px) 100vw, 182px\" \/>Fue dentro de la maravillosa revista <em>Strange Tales<\/em> que apareci\u00f3 por primera vez mi amado personaje de La Cosa haciendo t\u00e1ndem con la gloriosa Antorcha Humana. Concretamente fueron treinta y tres n\u00fameros (desde el <em>#101<\/em> al <em>#134<\/em> y el <em>Annual #2<\/em>) donde pudimos vivir sus aventuras juntos tras el debut de estos superh\u00e9roes en <em>Los 4 Fant\u00e1sticos<\/em>. Exactamente, los mismos n\u00fameros que se comprenden en este maravilloso Marvel Limited Edition que Panini C\u00f3mics junto a SD sacan al mercado editorial espa\u00f1ol en estos momentos. Y ahora va cuando os cuento c\u00f3mo se inicia todo. Y es que mientras est\u00e1 en su casa en Glenville, Johnny Storm se topa con un complot para detener la construcci\u00f3n de un parque de atracciones local, perpetrado por alguien que se hace llamar el Destructor. As\u00ed que tras rescatar a unos trabajadores del sabotaje de los Destructores, la Antorcha descubre que hay algo m\u00e1s en la trama&#8230; Y acto seguido, mientras la Antorcha Humana acapara titulares, el Mago lo culpa de su reciente p\u00e9rdida de popularidad. Un Mago celoso enga\u00f1a y atrapa a la Antorcha, y sin embargo, la forma en que la Antorcha resuelve el problema es realmente ingeniosa. Me gust\u00f3. Pero espera&#8230; \u00bfno sab\u00e9is qui\u00e9n es el Mago? Es un brillante inventor, cient\u00edfico y hombre renacentista en todos los sentidos, y est\u00e1 celoso de la atenci\u00f3n que se est\u00e1 centrando en la Antorcha Humana por las haza\u00f1as que va realizando desde su nueva aparici\u00f3n en la Tierra&#8230;<\/p>\n<p align=\"JUSTIFY\"><img loading=\"lazy\" decoding=\"async\" class=\"alignright  wp-image-18383\" src=\"https:\/\/www.cronicasliterarias.es\/wp-content\/uploads\/2025\/03\/strangetales_MLE_02-196x300.jpg\" alt=\"\" width=\"62\" height=\"95\" srcset=\"https:\/\/www.cronicasliterarias.es\/wp-content\/uploads\/2025\/03\/strangetales_MLE_02-196x300.jpg 196w, https:\/\/www.cronicasliterarias.es\/wp-content\/uploads\/2025\/03\/strangetales_MLE_02.jpg 282w\" sizes=\"auto, (max-width: 62px) 100vw, 62px\" \/>Los lectores de Marvel ya habr\u00e9is visto historias as\u00ed. Sobre todo, en <em>Los 4 Fant\u00e1sticos<\/em>, donde alien\u00edgenas, a cada momento, intentan desacreditar o da\u00f1ar de alguna manera la reputaci\u00f3n de todo el equipo, de La Primera Familia, como se les empieza a conocer. Los Skrulls hacen lo mismo una y otra vez a lo largo de la historia. Lo sab\u00e9is de sobra. S\u00e9 que los a\u00f1os 60 estuvieron plagados de mucha agitaci\u00f3n social. La apariencia del Mago, el Destructor y otra muchos que encontrar\u00e9is en este tochal, no es otra cosa que referencias certeras a lo que se sent\u00eda, de lo que muchos sent\u00edamos viviendo en USA en aquella d\u00e9cada. En lugar de monstruos, encontramos un mont\u00f3n de referencias a \u00abcomunistas\u00bb y a la Guerra Fr\u00eda. Y dentro de todo eso mola ver primeras aventuras en solitario de personajes ic\u00f3nicos, y pese a todo, si logr\u00e1is valorar lo que tenemos entre manos, creo que son aventuras que se leen bastante bien. Johnny descubre m\u00e1s sobre sus poderes e intenta mantener una identidad secreta. Veremos m\u00e1s de esto cuando Peter Parker tambi\u00e9n tenga su propia cabecera. No es otra que Stan Lee encamin\u00e1ndose hacia los guiones del\u00a0 s\u00faper <img loading=\"lazy\" decoding=\"async\" class=\"alignleft  wp-image-18386\" src=\"https:\/\/www.cronicasliterarias.es\/wp-content\/uploads\/2025\/03\/strangetales_MLE_01-278x300.jpg\" alt=\"\" width=\"81\" height=\"88\" srcset=\"https:\/\/www.cronicasliterarias.es\/wp-content\/uploads\/2025\/03\/strangetales_MLE_01-278x300.jpg 278w, https:\/\/www.cronicasliterarias.es\/wp-content\/uploads\/2025\/03\/strangetales_MLE_01.jpg 284w\" sizes=\"auto, (max-width: 81px) 100vw, 81px\" \/>adolescente.<\/p>\n<p align=\"JUSTIFY\">Encima tenemos a Kirby que lo hace destacar todo a\u00fan m\u00e1s. Y eso que aqu\u00ed todav\u00eda estaba inici\u00e1ndose en la tremenda evoluci\u00f3n que tendr\u00eda unos a\u00f1os despu\u00e9s. Las secuencias de acci\u00f3n son bastante est\u00e1ndar, poco din\u00e1micas, pero son la fuente de lo que muchos maestros creadores idealizar\u00edan en a\u00f1os venideros. Y sigue siendo arte de Kirby, \u00bfno? Con sinceridad, recordad que estamos hablando de c\u00f3mics viejunos. Decir que obviamente esto no es para todo el mundo. Son historias cl\u00e1sicas solo para amantes del c\u00f3mic de superh\u00e9roes de toda la vida y v\u00edctimas de la nostalgia setentera y ochentera que nos gobierna a muchos. Las d\u00e9cadas en los que muchos de los que andamos por aqu\u00ed los descubrimos en nuestra infancia.<\/p>\n<p align=\"JUSTIFY\">El deseo de los lectores de m\u00e1s aventuras de sus personajes favoritos llev\u00f3 a Stan Lee y Jack Kirby a desarrollar un serial protagonizado por La Antorcha Humana, con frecuentes apariciones de La Cosa, en las p\u00e1ginas de la <em>Strange Tales<\/em>. La Edad de Plata en todo su esplendor. El Mago, El Hombre de Arena, el Hombre Planta o el \u00fanico e inimitable Pete Poste de Pasta, adem\u00e1s de El Hombre de Hielo, <img loading=\"lazy\" decoding=\"async\" class=\"alignright  wp-image-18384\" src=\"https:\/\/www.cronicasliterarias.es\/wp-content\/uploads\/2025\/03\/strangetales_MLE_03-197x300.jpg\" alt=\"\" width=\"49\" height=\"74\" srcset=\"https:\/\/www.cronicasliterarias.es\/wp-content\/uploads\/2025\/03\/strangetales_MLE_03-197x300.jpg 197w, https:\/\/www.cronicasliterarias.es\/wp-content\/uploads\/2025\/03\/strangetales_MLE_03.jpg 283w\" sizes=\"auto, (max-width: 49px) 100vw, 49px\" \/>Spiderman, Mister Fant\u00e1stico y la Chica Invisible.<\/p>\n<p align=\"JUSTIFY\">Joyita renovada.<\/p>\n","protected":false},"excerpt":{"rendered":"<p>Fue dentro de la maravillosa revista Strange Tales que apareci\u00f3 por primera vez mi amado personaje de La Cosa haciendo t\u00e1ndem con la gloriosa Antorcha Humana. Concretamente fueron treinta y tres n\u00fameros (desde el #101 al #134 y el Annual #2) donde pudimos vivir sus aventuras juntos tras el debut de estos superh\u00e9roes en Los [&hellip;]<\/p>\n","protected":false},"author":4,"featured_media":0,"comment_status":"closed","ping_status":"closed","sticky":false,"template":"","format":"standard","meta":{"footnotes":""},"categories":[49,382,28,6,87],"tags":[11,86,218,10],"class_list":["post-18381","post","type-post","status-publish","format-standard","hentry","category-comics","category-marvel","category-panini-comics","category-resenas","category-sd","tag-j-j-castillo","tag-marvel-limited-edition","tag-panini-comics-marvel","tag-resenas"],"_links":{"self":[{"href":"https:\/\/www.cronicasliterarias.es\/index.php?rest_route=\/wp\/v2\/posts\/18381","targetHints":{"allow":["GET"]}}],"collection":[{"href":"https:\/\/www.cronicasliterarias.es\/index.php?rest_route=\/wp\/v2\/posts"}],"about":[{"href":"https:\/\/www.cronicasliterarias.es\/index.php?rest_route=\/wp\/v2\/types\/post"}],"author":[{"embeddable":true,"href":"https:\/\/www.cronicasliterarias.es\/index.php?rest_route=\/wp\/v2\/users\/4"}],"replies":[{"embeddable":true,"href":"https:\/\/www.cronicasliterarias.es\/index.php?rest_route=%2Fwp%2Fv2%2Fcomments&post=18381"}],"version-history":[{"count":6,"href":"https:\/\/www.cronicasliterarias.es\/index.php?rest_route=\/wp\/v2\/posts\/18381\/revisions"}],"predecessor-version":[{"id":18391,"href":"https:\/\/www.cronicasliterarias.es\/index.php?rest_route=\/wp\/v2\/posts\/18381\/revisions\/18391"}],"wp:attachment":[{"href":"https:\/\/www.cronicasliterarias.es\/index.php?rest_route=%2Fwp%2Fv2%2Fmedia&parent=18381"}],"wp:term":[{"taxonomy":"category","embeddable":true,"href":"https:\/\/www.cronicasliterarias.es\/index.php?rest_route=%2Fwp%2Fv2%2Fcategories&post=18381"},{"taxonomy":"post_tag","embeddable":true,"href":"https:\/\/www.cronicasliterarias.es\/index.php?rest_route=%2Fwp%2Fv2%2Ftags&post=18381"}],"curies":[{"name":"wp","href":"https:\/\/api.w.org\/{rel}","templated":true}]}}