{"id":18405,"date":"2025-03-21T00:05:00","date_gmt":"2025-03-21T00:05:00","guid":{"rendered":"https:\/\/www.cronicasliterarias.es\/?p=18405"},"modified":"2025-03-21T10:31:24","modified_gmt":"2025-03-21T10:31:24","slug":"resena-contrapaso-2","status":"publish","type":"post","link":"https:\/\/www.cronicasliterarias.es\/?p=18405","title":{"rendered":"Rese\u00f1a: Contrapaso. Mayores, con Reparos, de Teresa Valero"},"content":{"rendered":"<p align=\"JUSTIFY\"><img loading=\"lazy\" decoding=\"async\" class=\"alignleft  wp-image-18411\" src=\"https:\/\/www.cronicasliterarias.es\/wp-content\/uploads\/2025\/03\/contrapaso_mayores-223x300.jpg\" alt=\"\" width=\"216\" height=\"291\" srcset=\"https:\/\/www.cronicasliterarias.es\/wp-content\/uploads\/2025\/03\/contrapaso_mayores-223x300.jpg 223w, https:\/\/www.cronicasliterarias.es\/wp-content\/uploads\/2025\/03\/contrapaso_mayores-761x1024.jpg 761w, https:\/\/www.cronicasliterarias.es\/wp-content\/uploads\/2025\/03\/contrapaso_mayores-768x1033.jpg 768w, https:\/\/www.cronicasliterarias.es\/wp-content\/uploads\/2025\/03\/contrapaso_mayores.jpg 1020w\" sizes=\"auto, (max-width: 216px) 100vw, 216px\" \/>\u00bfPor d\u00f3nde empezar? Bueno, all\u00e1 voy&#8230; Obra ganadora del premio Bulles de Sang d&#8217;Encre 2022&#8230; y de muchos que est\u00e1n por venir, pero un premio que he seguido de cerca durante los \u00faltimos a\u00f1os ya que entre otras muchas cosas soy aficionado al tema hist\u00f3rico bien trato en novelas y c\u00f3mics. Para colmo, gracias a Norma Editorial he tenido la ocasi\u00f3n de disfrutar en primicia de esta obra que se est\u00e1 promocionando actualmente por todo nuestro pa\u00eds como se merece. Mas, la cuesti\u00f3n es que aqu\u00ed tenemos uno de los mejores c\u00f3mics de Teresa Valero y eso no es decir poco. <em>Contrapaso<\/em> es ya una saga, un c\u00f3mic absolutamente esencial para todos los aficionados a la historia y m\u00e1s si de alguna forma vives o viviste en primera persona a trav\u00e9s de familiares algunos de los hechos que se narran aqu\u00ed. Una lectura que se vuelve apasionada con poco que sepas de ella. Y donde comenz\u00e1bamos inmersos en la Espa\u00f1a franquista de los a\u00f1os 50, donde el periodismo deb\u00eda trabajar para servir al gobierno de un r\u00e9gimen represivo. Pues en <em>Los hijos de los otros (<a href=\"https:\/\/www.normaeditorial.com\/ficha\/comic-europeo\/contrapaso\/contrapaso-los-hijos-de-los-otros\">https:\/\/www.normaeditorial.com\/ficha\/comic-europeo\/contrapaso\/contrapaso-los-hijos-de-los-otros<\/a>)<\/em> conocimos a Emilio Sanz y L\u00e9on Lenoir, dos hombres totalmente opuestos pero que forman un d\u00fao de investigadores entra\u00f1able. Y un dif\u00edcil investigaci\u00f3n. Y el hallazgo del cuerpo sin vida de una mujer cerca de un lago. Y una compleja y apasionante trama que nos sumerg\u00eda en el mundo m\u00e9dico psiqui\u00e1trico y obst\u00e9trico de entonces para pintar una oscura imagen de la Espa\u00f1a de Franco. Un primer volumen que como crimin\u00f3logo os tengo que recomendar de todas-todas. Pero tambi\u00e9n un n\u00famero que no cerraba del todo, ofreciendo <img loading=\"lazy\" decoding=\"async\" class=\"alignright  wp-image-18412\" src=\"https:\/\/www.cronicasliterarias.es\/wp-content\/uploads\/2025\/03\/contrapaso_mayores03-182x300.jpg\" alt=\"\" width=\"70\" height=\"115\" srcset=\"https:\/\/www.cronicasliterarias.es\/wp-content\/uploads\/2025\/03\/contrapaso_mayores03-182x300.jpg 182w, https:\/\/www.cronicasliterarias.es\/wp-content\/uploads\/2025\/03\/contrapaso_mayores03.jpg 464w\" sizes=\"auto, (max-width: 70px) 100vw, 70px\" \/>los inicios de una segunda parte de la serie&#8230; que llega ahora a librer\u00edas. Porque <em>Mayores, con Reparos<\/em> nos lleva de nuevo a Madrid, octubre de 1956, cuando censor eclesi\u00e1stico aparece muerto en la butaca de un cine con un rollo de celuloide en la boca. Y tirando de ese hilo, Le\u00f3n Lenoir, Emilio Sanz y Paloma R\u00edos comienzan a destapar un caso en el que est\u00e1n implicados sujetos de todo tipo: estraperlistas, especuladores, cineastas, afines del r\u00e9gimen y mafiosos de distinto pelaje.<\/p>\n<p align=\"JUSTIFY\"><em>Contrapaso<\/em> es de esos grandes t\u00edtulos que con un solo vistazo huele a obra interesante si no a obra maestra. Muy parecido a lo que uno siente cuando se acerca por primera vez a <em>Blacksad<\/em>. Grande en cuanto a tama\u00f1o porque el \u00e1lbum tiene un buen porte y goza de m\u00e1s de ciento cincuenta p\u00e1ginas para la historia que en momentos es densa como una buena trama de novela negra. Pero genial tambi\u00e9n por la cantidad de trabajo y documentaci\u00f3n cuidado por parte de la autora que se percibe. Si esta pareja de personajes completamente opuestos que finalmente aprender\u00e1n a apreciarse mutuamente tiene un aire de \u00abd\u00e9j\u00e0 vu\u00bb (es f\u00e1cil pensar en el film de <em>Seven<\/em> cuando los conoces por primera vez), apreciamos r\u00e1pidamente las personalidades complejas y profundas de estos dos que est\u00e1n lejos de ser estereotipos y que tienen muchas cosas que hacernos descubrir sobre sus or\u00edgenes y motivaciones. Este es el punto fuerte de <em>Contrapaso.<\/em><\/p>\n<p style=\"text-align: center;\" align=\"JUSTIFY\"><img loading=\"lazy\" decoding=\"async\" class=\"aligncenter  wp-image-18414\" src=\"https:\/\/www.cronicasliterarias.es\/wp-content\/uploads\/2025\/03\/contrapaso_mayores02-1024x295.jpg\" alt=\"\" width=\"453\" height=\"130\" srcset=\"https:\/\/www.cronicasliterarias.es\/wp-content\/uploads\/2025\/03\/contrapaso_mayores02-1024x295.jpg 1024w, https:\/\/www.cronicasliterarias.es\/wp-content\/uploads\/2025\/03\/contrapaso_mayores02-300x86.jpg 300w, https:\/\/www.cronicasliterarias.es\/wp-content\/uploads\/2025\/03\/contrapaso_mayores02-768x221.jpg 768w, https:\/\/www.cronicasliterarias.es\/wp-content\/uploads\/2025\/03\/contrapaso_mayores02-1536x442.jpg 1536w, https:\/\/www.cronicasliterarias.es\/wp-content\/uploads\/2025\/03\/contrapaso_mayores02.jpg 1898w\" sizes=\"auto, (max-width: 453px) 100vw, 453px\" \/><\/p>\n<p align=\"JUSTIFY\">Gr\u00e1ficamente tambi\u00e9n me convenci\u00f3 r\u00e1pidamente. La ambientaci\u00f3n, los decorados detallados, el vestuario, la puesta en escena y los colores recuerdan -insisto- a <em>Blacksad<\/em>, pero con humanos reales. No me atrever\u00eda a compararlas definitivamente porque Teresa Valero no alcanza el virtuosismo de Guarnido, pero s\u00ed es para deciros lo admirable que sigue siendo su dibujo, y sobre todo, agradable de leer. Y mantener este nivel de calidad a lo largo de tantas p\u00e1ginas es digno de valorar. Porque son dos tomos ya, dos historias complejas y maduras cual mejor historia detectivesca que se precie, dos thrillers oscuros, con bastante entresijo de por medio. Y otra cosa que maneja bastante bien Teresa Valero es el arte de entrelazar varios hilos narrativos, al mismo tiempo que aprendemos m\u00e1s sobre el pasado de nuestros h\u00e9roes, incluidas las relaciones familiares del m\u00e1s joven de los dos, as\u00ed como una antigua relaci\u00f3n tristemente abortada.<\/p>\n<p align=\"JUSTIFY\"><img loading=\"lazy\" decoding=\"async\" class=\"alignleft  wp-image-18413\" src=\"https:\/\/www.cronicasliterarias.es\/wp-content\/uploads\/2025\/03\/contrapaso_mayores04-226x300.jpg\" alt=\"\" width=\"84\" height=\"112\" srcset=\"https:\/\/www.cronicasliterarias.es\/wp-content\/uploads\/2025\/03\/contrapaso_mayores04-226x300.jpg 226w, https:\/\/www.cronicasliterarias.es\/wp-content\/uploads\/2025\/03\/contrapaso_mayores04.jpg 726w\" sizes=\"auto, (max-width: 84px) 100vw, 84px\" \/>Y una Espa\u00f1a cansada de su dictadura donde sentimos que la \u00e9lite gubernamental est\u00e1 perdiendo el rumbo.<\/p>\n<p align=\"JUSTIFY\">Sumamente interesante otra vez. Autora indispensable de seguir.<\/p>\n","protected":false},"excerpt":{"rendered":"<p>\u00bfPor d\u00f3nde empezar? Bueno, all\u00e1 voy&#8230; Obra ganadora del premio Bulles de Sang d&#8217;Encre 2022&#8230; y de muchos que est\u00e1n por venir, pero un premio que he seguido de cerca durante los \u00faltimos a\u00f1os ya que entre otras muchas cosas soy aficionado al tema hist\u00f3rico bien trato en novelas y c\u00f3mics. Para colmo, gracias a [&hellip;]<\/p>\n","protected":false},"author":4,"featured_media":0,"comment_status":"closed","ping_status":"closed","sticky":false,"template":"","format":"standard","meta":{"footnotes":""},"categories":[44,30,37,6,46],"tags":[472,11,22,10],"class_list":["post-18405","post","type-post","status-publish","format-standard","hentry","category-comic-europeo","category-norma-editorial","category-novela-negra","category-resenas","category-thriller","tag-comic-europeo-2025","tag-j-j-castillo","tag-norma-editorial","tag-resenas"],"_links":{"self":[{"href":"https:\/\/www.cronicasliterarias.es\/index.php?rest_route=\/wp\/v2\/posts\/18405","targetHints":{"allow":["GET"]}}],"collection":[{"href":"https:\/\/www.cronicasliterarias.es\/index.php?rest_route=\/wp\/v2\/posts"}],"about":[{"href":"https:\/\/www.cronicasliterarias.es\/index.php?rest_route=\/wp\/v2\/types\/post"}],"author":[{"embeddable":true,"href":"https:\/\/www.cronicasliterarias.es\/index.php?rest_route=\/wp\/v2\/users\/4"}],"replies":[{"embeddable":true,"href":"https:\/\/www.cronicasliterarias.es\/index.php?rest_route=%2Fwp%2Fv2%2Fcomments&post=18405"}],"version-history":[{"count":6,"href":"https:\/\/www.cronicasliterarias.es\/index.php?rest_route=\/wp\/v2\/posts\/18405\/revisions"}],"predecessor-version":[{"id":18418,"href":"https:\/\/www.cronicasliterarias.es\/index.php?rest_route=\/wp\/v2\/posts\/18405\/revisions\/18418"}],"wp:attachment":[{"href":"https:\/\/www.cronicasliterarias.es\/index.php?rest_route=%2Fwp%2Fv2%2Fmedia&parent=18405"}],"wp:term":[{"taxonomy":"category","embeddable":true,"href":"https:\/\/www.cronicasliterarias.es\/index.php?rest_route=%2Fwp%2Fv2%2Fcategories&post=18405"},{"taxonomy":"post_tag","embeddable":true,"href":"https:\/\/www.cronicasliterarias.es\/index.php?rest_route=%2Fwp%2Fv2%2Ftags&post=18405"}],"curies":[{"name":"wp","href":"https:\/\/api.w.org\/{rel}","templated":true}]}}