{"id":18470,"date":"2025-04-01T00:05:00","date_gmt":"2025-04-01T00:05:00","guid":{"rendered":"https:\/\/www.cronicasliterarias.es\/?p=18470"},"modified":"2025-04-01T09:26:14","modified_gmt":"2025-04-01T09:26:14","slug":"resena-la-conspiracion-de-will-eisner","status":"publish","type":"post","link":"https:\/\/www.cronicasliterarias.es\/?p=18470","title":{"rendered":"Rese\u00f1a: La Conspiraci\u00f3n, de Will Eisner"},"content":{"rendered":"<p align=\"JUSTIFY\"><img loading=\"lazy\" decoding=\"async\" class=\"alignright size-medium wp-image-18472\" src=\"https:\/\/www.cronicasliterarias.es\/wp-content\/uploads\/2025\/04\/laconspiracion-197x300.jpg\" alt=\"\" width=\"197\" height=\"300\" srcset=\"https:\/\/www.cronicasliterarias.es\/wp-content\/uploads\/2025\/04\/laconspiracion-197x300.jpg 197w, https:\/\/www.cronicasliterarias.es\/wp-content\/uploads\/2025\/04\/laconspiracion-674x1024.jpg 674w, https:\/\/www.cronicasliterarias.es\/wp-content\/uploads\/2025\/04\/laconspiracion-768x1167.jpg 768w, https:\/\/www.cronicasliterarias.es\/wp-content\/uploads\/2025\/04\/laconspiracion.jpg 786w\" sizes=\"auto, (max-width: 197px) 100vw, 197px\" \/>En <em>La conspiraci\u00f3n<\/em>, el dios del noveno arte Will Eisner se enfrenta a una de esas falsificaciones dif\u00edciles de atrapar que persisten incluso despu\u00e9s de que los hechos que lo hacen parecer irreal, terminan por establecerse. Pero tenemos que creer que funciona, y que la falta de cultura \u2013o ceguera\u2013 de muchos facilita la reutilizaci\u00f3n hasta la saciedad de este tipo de propaganda manida. Norma Editorial vuelve a poner en librer\u00edas esta novela gr\u00e1fica del maestro, una lectura seria e interesante pero no emocionante. Dicen que \u201ctodav\u00eda\u201d no es necesario desmontar esta nauseabunda idea sobre la supuesta conspiraci\u00f3n del \u201cjuda\u00edsmo internacional\u201d, pero Eisner lo muestra aqu\u00ed para ver si las mentes inteligentes saben diferenciar lo real del sinsentido. Restaurando la verdad hist\u00f3rica: esta es una historia completa de un solo volumen, publicada por primera vez en 2005 que cuenta con una magn\u00edfica introducci\u00f3n de Umberto Eco. Y es que en 1864, Maurice Joly (1829-1878), ciudadano franc\u00e9s pol\u00edticamente consciente, escribi\u00f3 un libro titulado <em>Di\u00e1logo en el infierno entre Maquiavelo y Montesquieu<\/em>, un libro dirigido contra las pol\u00edticas de Napole\u00f3n III que denunciaba los efectos nocivos del poder de las finanzas en la sociedad francesa de la \u00e9poca. Pero unos a\u00f1os m\u00e1s tarde, Mathieu Golovinski (un ruso exiliado en Par\u00eds) escribi\u00f3, a petici\u00f3n de sus superiores de la Okhrana (la polic\u00eda secreta zarista), una obra destinada a convencer al zar de que abandonara su pol\u00edtica liberal.<\/p>\n<p align=\"JUSTIFY\"><img loading=\"lazy\" decoding=\"async\" class=\"alignleft  wp-image-18473\" src=\"https:\/\/www.cronicasliterarias.es\/wp-content\/uploads\/2025\/04\/laconspiracion01-300x244.jpg\" alt=\"\" width=\"108\" height=\"88\" srcset=\"https:\/\/www.cronicasliterarias.es\/wp-content\/uploads\/2025\/04\/laconspiracion01-300x244.jpg 300w, https:\/\/www.cronicasliterarias.es\/wp-content\/uploads\/2025\/04\/laconspiracion01-768x624.jpg 768w, https:\/\/www.cronicasliterarias.es\/wp-content\/uploads\/2025\/04\/laconspiracion01.jpg 978w\" sizes=\"auto, (max-width: 108px) 100vw, 108px\" \/>Este c\u00f3mic lleva como titulillo <em>Los protocolos de los sabios de Sion<\/em> y se presenta como si contuviera los secretos de una reuni\u00f3n de l\u00edderes jud\u00edos para subvertir los poderes establecidos en cada estado y gobernar el mundo. Hay que tener en cuenta que es ficci\u00f3n de un tema cuya verdadera naturaleza fue expuesta ya en 1921 por el diario ingl\u00e9s <em>The Times,<\/em> pero que sigue utiliz\u00e1ndose hoy en d\u00eda como herramienta de propaganda antisemita. En su prefacio, Will Eisner afirma que estaba buscando ejemplos de falsificaciones para preparar una tira c\u00f3mica sobre el tema cuando descubri\u00f3 este texto y decidi\u00f3 convertirlo en el tema de su historia. Eisner explica que quiere contribuir a desenmascarar este enga\u00f1o en forma de tira c\u00f3mica, una obra f\u00e1cil de leer y entretenida gracias a las im\u00e1genes&#8230;, pero que tiene un poderoso mensaje detr\u00e1s.<\/p>\n<p align=\"JUSTIFY\">Hay que decir que Eisner es un ilustrador excepcional, que sabe retratar cada personaje con pocos trazos de l\u00e1piz que parecen casi un simple boceto y, sin embargo, hacen que cada individuo sea \u00fanico. El lector puede observar a cualquier individuo y deducir de su <img loading=\"lazy\" decoding=\"async\" class=\"alignright  wp-image-18475\" src=\"https:\/\/www.cronicasliterarias.es\/wp-content\/uploads\/2025\/04\/laconspiracion02-300x150.jpg\" alt=\"\" width=\"178\" height=\"89\" srcset=\"https:\/\/www.cronicasliterarias.es\/wp-content\/uploads\/2025\/04\/laconspiracion02-300x150.jpg 300w, https:\/\/www.cronicasliterarias.es\/wp-content\/uploads\/2025\/04\/laconspiracion02-1024x513.jpg 1024w, https:\/\/www.cronicasliterarias.es\/wp-content\/uploads\/2025\/04\/laconspiracion02-768x385.jpg 768w, https:\/\/www.cronicasliterarias.es\/wp-content\/uploads\/2025\/04\/laconspiracion02-1536x769.jpg 1536w, https:\/\/www.cronicasliterarias.es\/wp-content\/uploads\/2025\/04\/laconspiracion02.jpg 1727w\" sizes=\"auto, (max-width: 178px) 100vw, 178px\" \/>vestimenta, postura y expresi\u00f3n facial una gran cantidad de informaci\u00f3n sobre su posici\u00f3n social y personalidad. Para esta tira c\u00f3mica tan particular, eligi\u00f3 una puesta en escena teatral en la que los personajes a menudo parecen moverse en un escenario y exageran ligeramente sus emociones para transmitirlas mejor. Hay que decir que Will Eisner construy\u00f3 su relato como un historiador que quisiera dar un punto de vista bastante amplio sobre los Protocolos. La narraci\u00f3n de Eisner \u2013y sus dibujos\u2013 son fluidos, din\u00e1micos y muy claros. Podemos seguir f\u00e1cilmente la construcci\u00f3n de la falsificaci\u00f3n, las razones de su uso y los numerosos resurgimientos de este texto que, si lo pensamos aunque sea un momento, es de un absurdo indescriptible. Pero las teor\u00edas de conspiraci\u00f3n (y el antisemitismo) no son nuevas, \u00a1y lamentablemente tienen un futuro brillante por delante!<\/p>\n<p align=\"JUSTIFY\">Dicho esto, es ante todo un documental, sencillo y bien hecho, y claramente no es una novela gr\u00e1fica que busque emocionar sino m\u00e1s bien mostrar de lo que es capaz el ser humano a trav\u00e9s de la cada vez m\u00e1s poderosa desinformaci\u00f3n. Una lectura no dif\u00edcil pero <img loading=\"lazy\" decoding=\"async\" class=\"alignleft  wp-image-18474\" src=\"https:\/\/www.cronicasliterarias.es\/wp-content\/uploads\/2025\/04\/laconspiracion03-300x171.jpg\" alt=\"\" width=\"147\" height=\"84\" srcset=\"https:\/\/www.cronicasliterarias.es\/wp-content\/uploads\/2025\/04\/laconspiracion03-300x171.jpg 300w, https:\/\/www.cronicasliterarias.es\/wp-content\/uploads\/2025\/04\/laconspiracion03-1024x585.jpg 1024w, https:\/\/www.cronicasliterarias.es\/wp-content\/uploads\/2025\/04\/laconspiracion03-768x439.jpg 768w, https:\/\/www.cronicasliterarias.es\/wp-content\/uploads\/2025\/04\/laconspiracion03-1536x877.jpg 1536w, https:\/\/www.cronicasliterarias.es\/wp-content\/uploads\/2025\/04\/laconspiracion03.jpg 1739w\" sizes=\"auto, (max-width: 147px) 100vw, 147px\" \/>diferente. Debe ser le\u00edda con mucho ojo, especialmente en el caso de j\u00f3venes lectores.<\/p>\n","protected":false},"excerpt":{"rendered":"<p>En La conspiraci\u00f3n, el dios del noveno arte Will Eisner se enfrenta a una de esas falsificaciones dif\u00edciles de atrapar que persisten incluso despu\u00e9s de que los hechos que lo hacen parecer irreal, terminan por establecerse. Pero tenemos que creer que funciona, y que la falta de cultura \u2013o ceguera\u2013 de muchos facilita la reutilizaci\u00f3n [&hellip;]<\/p>\n","protected":false},"author":4,"featured_media":0,"comment_status":"closed","ping_status":"closed","sticky":false,"template":"","format":"standard","meta":{"footnotes":""},"categories":[30,203,6],"tags":[479,11,22,10],"class_list":["post-18470","post","type-post","status-publish","format-standard","hentry","category-norma-editorial","category-novela-grafica","category-resenas","tag-biblioteca-eisner","tag-j-j-castillo","tag-norma-editorial","tag-resenas"],"_links":{"self":[{"href":"https:\/\/www.cronicasliterarias.es\/index.php?rest_route=\/wp\/v2\/posts\/18470","targetHints":{"allow":["GET"]}}],"collection":[{"href":"https:\/\/www.cronicasliterarias.es\/index.php?rest_route=\/wp\/v2\/posts"}],"about":[{"href":"https:\/\/www.cronicasliterarias.es\/index.php?rest_route=\/wp\/v2\/types\/post"}],"author":[{"embeddable":true,"href":"https:\/\/www.cronicasliterarias.es\/index.php?rest_route=\/wp\/v2\/users\/4"}],"replies":[{"embeddable":true,"href":"https:\/\/www.cronicasliterarias.es\/index.php?rest_route=%2Fwp%2Fv2%2Fcomments&post=18470"}],"version-history":[{"count":5,"href":"https:\/\/www.cronicasliterarias.es\/index.php?rest_route=\/wp\/v2\/posts\/18470\/revisions"}],"predecessor-version":[{"id":18479,"href":"https:\/\/www.cronicasliterarias.es\/index.php?rest_route=\/wp\/v2\/posts\/18470\/revisions\/18479"}],"wp:attachment":[{"href":"https:\/\/www.cronicasliterarias.es\/index.php?rest_route=%2Fwp%2Fv2%2Fmedia&parent=18470"}],"wp:term":[{"taxonomy":"category","embeddable":true,"href":"https:\/\/www.cronicasliterarias.es\/index.php?rest_route=%2Fwp%2Fv2%2Fcategories&post=18470"},{"taxonomy":"post_tag","embeddable":true,"href":"https:\/\/www.cronicasliterarias.es\/index.php?rest_route=%2Fwp%2Fv2%2Ftags&post=18470"}],"curies":[{"name":"wp","href":"https:\/\/api.w.org\/{rel}","templated":true}]}}