{"id":18524,"date":"2025-04-11T00:05:00","date_gmt":"2025-04-11T00:05:00","guid":{"rendered":"https:\/\/www.cronicasliterarias.es\/?p=18524"},"modified":"2025-04-11T08:09:31","modified_gmt":"2025-04-11T08:09:31","slug":"resena-nobody-temporada-1-de-christian-de-metter","status":"publish","type":"post","link":"https:\/\/www.cronicasliterarias.es\/?p=18524","title":{"rendered":"Rese\u00f1a: Nobody. Temporada 1, de Christian De Metter"},"content":{"rendered":"<p align=\"JUSTIFY\"><img loading=\"lazy\" decoding=\"async\" class=\"alignleft  wp-image-18526\" src=\"https:\/\/www.cronicasliterarias.es\/wp-content\/uploads\/2025\/04\/nobody-216x300.jpg\" alt=\"\" width=\"206\" height=\"286\" srcset=\"https:\/\/www.cronicasliterarias.es\/wp-content\/uploads\/2025\/04\/nobody-216x300.jpg 216w, https:\/\/www.cronicasliterarias.es\/wp-content\/uploads\/2025\/04\/nobody-737x1024.jpg 737w, https:\/\/www.cronicasliterarias.es\/wp-content\/uploads\/2025\/04\/nobody-768x1067.jpg 768w, https:\/\/www.cronicasliterarias.es\/wp-content\/uploads\/2025\/04\/nobody.jpg 884w\" sizes=\"auto, (max-width: 206px) 100vw, 206px\" \/><em>Nobody: Temporada 1,<\/em> no es otra que un puro thriller de los que realmente enganchan. Y es que desde el principio qued\u00e9 impresionado porque es un c\u00f3mic, una historia que no pod\u00eda dejar de leer, y menos en este genial tomo en tapa dura que ha recorrido a mi lado unos cuantos viajes en metro. Una trama realmente bien hecha porque De Metter nos sumerge r\u00e1pidamente en una trama construida como si fuera una serie actual de televisi\u00f3n. De hecho, el t\u00edtulo de la portada nos indica que planea hacer varias temporadas y con distintos personajes e indagando, es cierto que a este primer volumen le seguir\u00e1n otros tres para completar la primera temporada. Y s\u00ed, os alegrar\u00e1 saber (sobre todo, cuando lo le\u00e1is y lo acab\u00e9is) que eso es bien, que mola que queden por llegar tres temporadas m\u00e1s con ambientaciones y protagonistas completamente diferentes. Porque esto tienen un aire a <em>True Detective<\/em> que flipas. As\u00ed que espero que Yermo Ediciones siga al quite tray\u00e9ndonos m\u00e1s joyitas as\u00ed.<\/p>\n<p align=\"JUSTIFY\">Aqu\u00ed desde el principio, nos vemos inmediatamente atrapados por el retroceso gracias a un personaje principal que tiene mucha personalidad, y un psic\u00f3logo que me record\u00f3 suavemente a la joven Clarice Starling de <em>El silencio de los corderos<\/em> sum\u00e1ndole a todo un flashback sucedido en la USA de finales de los a\u00f1os 60. Todo esto fluye a la <img loading=\"lazy\" decoding=\"async\" class=\"alignright  wp-image-18527\" src=\"https:\/\/www.cronicasliterarias.es\/wp-content\/uploads\/2025\/04\/nobody02-208x300.jpg\" alt=\"\" width=\"72\" height=\"104\" srcset=\"https:\/\/www.cronicasliterarias.es\/wp-content\/uploads\/2025\/04\/nobody02-208x300.jpg 208w, https:\/\/www.cronicasliterarias.es\/wp-content\/uploads\/2025\/04\/nobody02-710x1024.jpg 710w, https:\/\/www.cronicasliterarias.es\/wp-content\/uploads\/2025\/04\/nobody02-768x1107.jpg 768w, https:\/\/www.cronicasliterarias.es\/wp-content\/uploads\/2025\/04\/nobody02.jpg 800w\" sizes=\"auto, (max-width: 72px) 100vw, 72px\" \/>perfecci\u00f3n y muy r\u00e1pidamente nos sumergimos en esta historia donde todo parece construirse y gira en torno a la identidad, las apariencias, la confianza, la traici\u00f3n y la desaparici\u00f3n. Y no mucho despu\u00e9s (en el <em>Episodio 2<\/em>), De Metter vuelve a centrar la acci\u00f3n en el pasado de nuestro personaje principal y se centra aqu\u00ed en una de sus misiones de infiltraci\u00f3n dentro de una banda de moteros fascistas sospechosos de robos a bancos. Despu\u00e9s, seguimos navegando por el filo de la navaja con la omnipresencia de preguntas sobre la verdad y la confianza. Por un lado, a trav\u00e9s de la historia que nuestro acusado le est\u00e1 contando a su psic\u00f3logo, el cual, intenta comprender qui\u00e9n es realmente su paciente, y por otro, a trav\u00e9s de esta pandilla de moteros que son m\u00e1s desconfiados que cualquier otra cosa y que est\u00e1n sumidos en la paranoia.<\/p>\n<p align=\"JUSTIFY\">Y despu\u00e9s de dos episodios s\u00faper chulos, Christian De Metter contin\u00faa dando lo mejor de s\u00ed sin desanimarse. Encontramos a nuestra \u201cpareja\u201d del tolardo\/psic\u00f3logo quienes, a trav\u00e9s de sus encuentros, reconstruyen para nosotros el convulso y complicado pasado de <img loading=\"lazy\" decoding=\"async\" class=\"alignleft  wp-image-18529\" src=\"https:\/\/www.cronicasliterarias.es\/wp-content\/uploads\/2025\/04\/nobody03-300x223.jpg\" alt=\"\" width=\"118\" height=\"88\" srcset=\"https:\/\/www.cronicasliterarias.es\/wp-content\/uploads\/2025\/04\/nobody03-300x223.jpg 300w, https:\/\/www.cronicasliterarias.es\/wp-content\/uploads\/2025\/04\/nobody03.jpg 601w\" sizes=\"auto, (max-width: 118px) 100vw, 118px\" \/>nuestro ex-polic\u00eda, ahora en la c\u00e1rcel por un delito del que se le acusa. Retomamos entonces as\u00ed el hilo de su vida cuando, de pronto, en un pueblo llamado Springboro, se da un doble asesinato de ni\u00f1os con tres meses de diferencia que hiede fuertemente a asesino en serie.<\/p>\n<p align=\"JUSTIFY\">Una trama muy lograda pues en el cuarto episodio encontramos a nuestro prisionero, que va entreg\u00e1ndose poco a poco a este joven psic\u00f3logo, y conocemos un poco m\u00e1s sobre el resto de su vida tras la resoluci\u00f3n de los asesinatos de aquellos ni\u00f1os. Se reencuentra con la polic\u00eda que sobrevivi\u00f3 a la operaci\u00f3n y que llev\u00f3 a la detenci\u00f3n del culpable, pero el susodicho ha sufrido secuelas irreversibles: pues ahora est\u00e1 discapacitada f\u00edsicamente y tiene secuelas y m\u00e1s cosas que contar&#8230;<\/p>\n<p align=\"JUSTIFY\">Si a todo esto le sumamos un dibujo cada vez m\u00e1s dominado y personal que le da al conjunto a toda la atm\u00f3sfera necesaria para <img loading=\"lazy\" decoding=\"async\" class=\"alignright  wp-image-18528\" src=\"https:\/\/www.cronicasliterarias.es\/wp-content\/uploads\/2025\/04\/nobody01-300x169.jpg\" alt=\"\" width=\"124\" height=\"70\" srcset=\"https:\/\/www.cronicasliterarias.es\/wp-content\/uploads\/2025\/04\/nobody01-300x169.jpg 300w, https:\/\/www.cronicasliterarias.es\/wp-content\/uploads\/2025\/04\/nobody01.jpg 680w\" sizes=\"auto, (max-width: 124px) 100vw, 124px\" \/>mantenernos en suspense, tenemos en mi opini\u00f3n una de las mejores series de g\u00e9nero negro en formato c\u00f3mic del momento.<\/p>\n<p align=\"JUSTIFY\">Y una necesidad por ahora.<\/p>\n","protected":false},"excerpt":{"rendered":"<p>Nobody: Temporada 1, no es otra que un puro thriller de los que realmente enganchan. Y es que desde el principio qued\u00e9 impresionado porque es un c\u00f3mic, una historia que no pod\u00eda dejar de leer, y menos en este genial tomo en tapa dura que ha recorrido a mi lado unos cuantos viajes en metro. [&hellip;]<\/p>\n","protected":false},"author":4,"featured_media":0,"comment_status":"closed","ping_status":"closed","sticky":false,"template":"","format":"standard","meta":{"footnotes":""},"categories":[53,44,6,46,104],"tags":[472,11,10,105],"class_list":["post-18524","post","type-post","status-publish","format-standard","hentry","category-bd","category-comic-europeo","category-resenas","category-thriller","category-yermo-ediciones","tag-comic-europeo-2025","tag-j-j-castillo","tag-resenas","tag-yermo-ediciones"],"_links":{"self":[{"href":"https:\/\/www.cronicasliterarias.es\/index.php?rest_route=\/wp\/v2\/posts\/18524","targetHints":{"allow":["GET"]}}],"collection":[{"href":"https:\/\/www.cronicasliterarias.es\/index.php?rest_route=\/wp\/v2\/posts"}],"about":[{"href":"https:\/\/www.cronicasliterarias.es\/index.php?rest_route=\/wp\/v2\/types\/post"}],"author":[{"embeddable":true,"href":"https:\/\/www.cronicasliterarias.es\/index.php?rest_route=\/wp\/v2\/users\/4"}],"replies":[{"embeddable":true,"href":"https:\/\/www.cronicasliterarias.es\/index.php?rest_route=%2Fwp%2Fv2%2Fcomments&post=18524"}],"version-history":[{"count":5,"href":"https:\/\/www.cronicasliterarias.es\/index.php?rest_route=\/wp\/v2\/posts\/18524\/revisions"}],"predecessor-version":[{"id":18533,"href":"https:\/\/www.cronicasliterarias.es\/index.php?rest_route=\/wp\/v2\/posts\/18524\/revisions\/18533"}],"wp:attachment":[{"href":"https:\/\/www.cronicasliterarias.es\/index.php?rest_route=%2Fwp%2Fv2%2Fmedia&parent=18524"}],"wp:term":[{"taxonomy":"category","embeddable":true,"href":"https:\/\/www.cronicasliterarias.es\/index.php?rest_route=%2Fwp%2Fv2%2Fcategories&post=18524"},{"taxonomy":"post_tag","embeddable":true,"href":"https:\/\/www.cronicasliterarias.es\/index.php?rest_route=%2Fwp%2Fv2%2Ftags&post=18524"}],"curies":[{"name":"wp","href":"https:\/\/api.w.org\/{rel}","templated":true}]}}