{"id":18546,"date":"2025-04-14T00:05:00","date_gmt":"2025-04-14T00:05:00","guid":{"rendered":"https:\/\/www.cronicasliterarias.es\/?p=18546"},"modified":"2025-04-14T08:13:59","modified_gmt":"2025-04-14T08:13:59","slug":"resena-nellie-bly-de-virginie-ollagnier-y-carole-maurele","status":"publish","type":"post","link":"https:\/\/www.cronicasliterarias.es\/?p=18546","title":{"rendered":"Rese\u00f1a: Nellie Bly, de Virginie Ollagnier y Carole Maurele"},"content":{"rendered":"<p align=\"JUSTIFY\"><img loading=\"lazy\" decoding=\"async\" class=\"alignleft  wp-image-18547\" src=\"https:\/\/www.cronicasliterarias.es\/wp-content\/uploads\/2025\/04\/nellie-bly-224x300.jpg\" alt=\"\" width=\"216\" height=\"289\" srcset=\"https:\/\/www.cronicasliterarias.es\/wp-content\/uploads\/2025\/04\/nellie-bly-224x300.jpg 224w, https:\/\/www.cronicasliterarias.es\/wp-content\/uploads\/2025\/04\/nellie-bly-764x1024.jpg 764w, https:\/\/www.cronicasliterarias.es\/wp-content\/uploads\/2025\/04\/nellie-bly-768x1030.jpg 768w, https:\/\/www.cronicasliterarias.es\/wp-content\/uploads\/2025\/04\/nellie-bly.jpg 1016w\" sizes=\"auto, (max-width: 216px) 100vw, 216px\" \/>Hab\u00eda o\u00eddo hablar vagamente de Nellie Bly, pero en realidad fue de esos casos que pas\u00e9 por alto y no llegu\u00e9 a indagar mucho sobre este personaje o persona. Una dama. Y es una pena, porque ahora que he disfrutado de este \u00e1lbum que ha publicado Norma Editorial, result\u00f3 ser alguien extraordinario (en el verdadero sentido de la palabra). En cualquier caso, el asunto queda saldado de momento porque este t\u00edtulo me permiti\u00f3 llenar un vac\u00edo perjudicial (al menos otros tres c\u00f3mics tratan del personaje por lo que he descubierto por ah\u00ed, y sin duda, los leer\u00e9 en alguna ocasi\u00f3n para comparar y completar mis conocimientos).<\/p>\n<p align=\"JUSTIFY\"><em>Nellie Bly: En la guarida de la locura<\/em>, cuenta la historia de esta famosa se\u00f1orita que fue una periodista del siglo XIX que en un principio sali\u00f3 a la palestra por denunciar los malos tratos y abusos que sufri\u00f3 en un manicomio de Nueva York. Privaciones, torturas, tocamientos, condiciones insalubres, robo y ocultaci\u00f3n de beb\u00e9s&#8230; Las peores atrocidades las sufrieron los pobres habitantes de Blackwell. Y es que tenemos que recordar que muchas personas perfectamente cuerdas acabaron en estos manicomios, a menudo por pobreza o abandono familiar, y el trato abominable que sufrieron all\u00ed <img loading=\"lazy\" decoding=\"async\" class=\"alignright  wp-image-18548\" src=\"https:\/\/www.cronicasliterarias.es\/wp-content\/uploads\/2025\/04\/nellie-bly03-300x181.jpg\" alt=\"\" width=\"133\" height=\"80\" srcset=\"https:\/\/www.cronicasliterarias.es\/wp-content\/uploads\/2025\/04\/nellie-bly03-300x181.jpg 300w, https:\/\/www.cronicasliterarias.es\/wp-content\/uploads\/2025\/04\/nellie-bly03.jpg 600w\" sizes=\"auto, (max-width: 133px) 100vw, 133px\" \/>lleg\u00f3 incluso a volverlos locos de verdad. Tenemos por tanto un buen c\u00f3mic de \u00e1lbum europeo en cuanto a trama y dibujo. Donde se destaca a una mujer que no podr\u00eda ser m\u00e1s interesante, recontextualiza su vida a trav\u00e9s de peque\u00f1os flashbacks para ayudarnos a comprender plenamente lo que la llev\u00f3 a hacer esta investigaci\u00f3n, a querer se\u00f1alar estas injusticias. La puesta en escena es apasionante, contrastando la ciudad, el exterior, con sus colores brillantes y relucientes, y el asilo con sus colores oscuros y apagados. Me gust\u00f3 mucho la idea de representar la locura y la infelicidad como una especie de kraken, un monstruo espantoso cuyos tent\u00e1culos serpentean a trav\u00e9s de los dibujos a veces.<\/p>\n<p align=\"JUSTIFY\">El estilo de Carole Maurel sigue siendo tan bueno como siempre, con ese estilo muy \u00aba l\u00e1piz\u00bb y esos personajes de rasgos crudos.<\/p>\n<p align=\"JUSTIFY\">Me gust\u00f3 mucho este \u00e1lbum, por la forma en que presenta el tema, pero tambi\u00e9n por la personalidad descubierta. Porque Nellie Bly parece ser pionera en muchos campos y demuestra coraje, tenacidad e inteligencia en cada uno de ellos. El \u00e1lbum destaca su investigaci\u00f3n inmersiva en un manicomio de la ciudad de Nueva York, donde finge estar loca para llevar a cabo una investigaci\u00f3n digna <img loading=\"lazy\" decoding=\"async\" class=\"alignleft  wp-image-18550\" src=\"https:\/\/www.cronicasliterarias.es\/wp-content\/uploads\/2025\/04\/nellie-bly04-300x100.jpg\" alt=\"\" width=\"228\" height=\"76\" srcset=\"https:\/\/www.cronicasliterarias.es\/wp-content\/uploads\/2025\/04\/nellie-bly04-300x100.jpg 300w, https:\/\/www.cronicasliterarias.es\/wp-content\/uploads\/2025\/04\/nellie-bly04-768x256.jpg 768w, https:\/\/www.cronicasliterarias.es\/wp-content\/uploads\/2025\/04\/nellie-bly04.jpg 779w\" sizes=\"auto, (max-width: 228px) 100vw, 228px\" \/>del mejor periodismo de investigaci\u00f3n (\u00a1antes de tiempo!). A trav\u00e9s de flashbacks, vemos la vida completa y el compromiso de Bly, y una personalidad realmente fuerte y progresista, por la igualdad entre hombres y mujeres, pero tambi\u00e9n por la falta de libertades. Pero su discurso sobre las desigualdades sociales, evidente en su investigaci\u00f3n en el manicomio (ninguna mujer rica sufre ese encierro y esa tortura injusta), es m\u00e1s que palpable cuando denuncia los bajos salarios, las miserables condiciones de trabajo, etc.<\/p>\n<p align=\"JUSTIFY\">Un c\u00f3mic de narraci\u00f3n fluida, dibujo y el colorido son sencillos, pero muy agradables. Una lectura agradable e interesante.<\/p>\n<p align=\"JUSTIFY\">Para todos aquellos que no lo sepan, quiero aprovechar para recordar que estudios y testimonios recientes revelan que muchos de nuestros hospitales psiqui\u00e1tricos (ahora llamados Centros de Salud Mental) maltratan a sus pacientes. Sin llegar necesariamente a los niveles de tortura presentados en el \u00e1lbum, es bueno tener presente que la seguridad y la buena salud de los miembros m\u00e1s vulnerables <img loading=\"lazy\" decoding=\"async\" class=\"alignright  wp-image-18549\" src=\"https:\/\/www.cronicasliterarias.es\/wp-content\/uploads\/2025\/04\/nellie-bly02-300x206.jpg\" alt=\"\" width=\"126\" height=\"87\" srcset=\"https:\/\/www.cronicasliterarias.es\/wp-content\/uploads\/2025\/04\/nellie-bly02-300x206.jpg 300w, https:\/\/www.cronicasliterarias.es\/wp-content\/uploads\/2025\/04\/nellie-bly02.jpg 546w\" sizes=\"auto, (max-width: 126px) 100vw, 126px\" \/>y aislados de nuestra sociedad lamentablemente a\u00fan no est\u00e1n aseguradas.<\/p>\n<p align=\"JUSTIFY\">Y el d\u00eda menos pensado podemos acabar all\u00ed.<\/p>\n","protected":false},"excerpt":{"rendered":"<p>Hab\u00eda o\u00eddo hablar vagamente de Nellie Bly, pero en realidad fue de esos casos que pas\u00e9 por alto y no llegu\u00e9 a indagar mucho sobre este personaje o persona. Una dama. Y es una pena, porque ahora que he disfrutado de este \u00e1lbum que ha publicado Norma Editorial, result\u00f3 ser alguien extraordinario (en el verdadero [&hellip;]<\/p>\n","protected":false},"author":4,"featured_media":0,"comment_status":"closed","ping_status":"closed","sticky":false,"template":"","format":"standard","meta":{"footnotes":""},"categories":[53,44,30,6],"tags":[472,11,22,10],"class_list":["post-18546","post","type-post","status-publish","format-standard","hentry","category-bd","category-comic-europeo","category-norma-editorial","category-resenas","tag-comic-europeo-2025","tag-j-j-castillo","tag-norma-editorial","tag-resenas"],"_links":{"self":[{"href":"https:\/\/www.cronicasliterarias.es\/index.php?rest_route=\/wp\/v2\/posts\/18546","targetHints":{"allow":["GET"]}}],"collection":[{"href":"https:\/\/www.cronicasliterarias.es\/index.php?rest_route=\/wp\/v2\/posts"}],"about":[{"href":"https:\/\/www.cronicasliterarias.es\/index.php?rest_route=\/wp\/v2\/types\/post"}],"author":[{"embeddable":true,"href":"https:\/\/www.cronicasliterarias.es\/index.php?rest_route=\/wp\/v2\/users\/4"}],"replies":[{"embeddable":true,"href":"https:\/\/www.cronicasliterarias.es\/index.php?rest_route=%2Fwp%2Fv2%2Fcomments&post=18546"}],"version-history":[{"count":4,"href":"https:\/\/www.cronicasliterarias.es\/index.php?rest_route=\/wp\/v2\/posts\/18546\/revisions"}],"predecessor-version":[{"id":18554,"href":"https:\/\/www.cronicasliterarias.es\/index.php?rest_route=\/wp\/v2\/posts\/18546\/revisions\/18554"}],"wp:attachment":[{"href":"https:\/\/www.cronicasliterarias.es\/index.php?rest_route=%2Fwp%2Fv2%2Fmedia&parent=18546"}],"wp:term":[{"taxonomy":"category","embeddable":true,"href":"https:\/\/www.cronicasliterarias.es\/index.php?rest_route=%2Fwp%2Fv2%2Fcategories&post=18546"},{"taxonomy":"post_tag","embeddable":true,"href":"https:\/\/www.cronicasliterarias.es\/index.php?rest_route=%2Fwp%2Fv2%2Ftags&post=18546"}],"curies":[{"name":"wp","href":"https:\/\/api.w.org\/{rel}","templated":true}]}}