{"id":18556,"date":"2025-04-16T00:05:00","date_gmt":"2025-04-16T00:05:00","guid":{"rendered":"https:\/\/www.cronicasliterarias.es\/?p=18556"},"modified":"2025-04-16T09:08:28","modified_gmt":"2025-04-16T09:08:28","slug":"resena-west-fantasy-de-j-l-istin-bertrand-benoit-y-marco-itri","status":"publish","type":"post","link":"https:\/\/www.cronicasliterarias.es\/?p=18556","title":{"rendered":"Rese\u00f1a: West Fantasy, de J. L. Istin, Bertrand Benoit y Marco Itri"},"content":{"rendered":"<p align=\"JUSTIFY\"><img loading=\"lazy\" decoding=\"async\" class=\"alignleft size-medium wp-image-18558\" src=\"https:\/\/www.cronicasliterarias.es\/wp-content\/uploads\/2025\/04\/West-Fantasy-214x300.jpg\" alt=\"\" width=\"214\" height=\"300\" srcset=\"https:\/\/www.cronicasliterarias.es\/wp-content\/uploads\/2025\/04\/West-Fantasy-214x300.jpg 214w, https:\/\/www.cronicasliterarias.es\/wp-content\/uploads\/2025\/04\/West-Fantasy.jpg 670w\" sizes=\"auto, (max-width: 214px) 100vw, 214px\" \/><em>West Fantasy<\/em>, dentro de la extensa colecci\u00f3n de t\u00edtulos de J. L. Istin sobre su mundo fant\u00e1stico, es un concepto interesante, una especie de mezcla entre fantas\u00eda heroica y western, que deber\u00eda atraer a los fans del mundo de <em>Aquilon<\/em> o <em>Undertaker<\/em>. Pero como las comparaciones siempre fueron odiosas quiz\u00e1s por eso ha recibido tantas quejas de los aficionados al c\u00f3mic europeo desde el otro lado de los Pirineos. Es una mezcla de g\u00e9neros para la que no todo el mundo est\u00e1 preparado. Yermo Ediciones publica este mes este volumen que contiene los dos primeros \u00e1lbumes de la serie, el mismo formato que se ha seguido con las geniales <em>Conquistas, Elfos, Enanos, Las Tierras de Ogon (<a href=\"https:\/\/www.cronicasliterarias.es\/?p=15535\">https:\/\/www.cronicasliterarias.es\/?p=15535<\/a>), Orgos &amp; Goblins<\/em>&#8230; etc. Adem\u00e1s, si est\u00e1s familiarizado con los Mundos de Aquilon, los Maestros Inquisidores o este tipo de serie conceptual, permanecer\u00e1s en terreno familiar. Y adem\u00e1s, para este titulo se re\u00fanen los mismos equipos de artistas, el mismo dise\u00f1o gr\u00e1fico&#8230;, es decir, que queda genial en tu c\u00f3micteca junto a todos los anteriores tomos.<\/p>\n<p align=\"JUSTIFY\">Primero, lo positivo. El dibujo de Beno\u00eet. La calidad del papel y del \u00e1lbum. Cap\u00edtulo 1. En cuanto al resto de la historia de Istin&#8230; De cualquier manera, el talento de Istin se muestra aqu\u00ed, de momento, en muy concretas escenas. La historia est\u00e1 escrita como una novela, pero solo funciona a medias. Esta serie es \u00fanica porque incluye p\u00e1ginas en blanco compuestas \u00fanicamente de texto, insisto, como una novela. Adem\u00e1s, me molest\u00f3 de alg\u00fan&#8230;<\/p>\n<p style=\"text-align: center;\" align=\"JUSTIFY\"><img loading=\"lazy\" decoding=\"async\" class=\"aligncenter  wp-image-18559\" src=\"https:\/\/www.cronicasliterarias.es\/wp-content\/uploads\/2025\/04\/West-Fantasy02.jpg\" alt=\"\" width=\"395\" height=\"113\" srcset=\"https:\/\/www.cronicasliterarias.es\/wp-content\/uploads\/2025\/04\/West-Fantasy02.jpg 893w, https:\/\/www.cronicasliterarias.es\/wp-content\/uploads\/2025\/04\/West-Fantasy02-300x86.jpg 300w, https:\/\/www.cronicasliterarias.es\/wp-content\/uploads\/2025\/04\/West-Fantasy02-768x220.jpg 768w\" sizes=\"auto, (max-width: 395px) 100vw, 395px\" \/><\/p>\n<p align=\"JUSTIFY\">&#8230; modo el personaje del sacerdote. T\u00edpico de Istin, por cierto. \u201cSin embargo, tu hermano se suicid\u00f3 y la ley de Dios es muy clara al respecto\u201d. \u00bfAh, bien? \u00bfQu\u00e9 ley? De hecho, esto es completamente falso. El sacerdote act\u00faa de manera acorde con su \u00e9poca (aunque en USA fu\u00e9ramos m\u00e1s bien protestantes que cat\u00f3licos). De forma m\u00e1s breve me gust\u00f3 el enano Okaar. Esconde un triste pasado, pero su estoicismo implacable no le permite sobresalir. Y por \u00faltimo, el empresario de pompas f\u00fanebres es probablemente el personaje mejor escrito.<\/p>\n<p align=\"JUSTIFY\"><em>West Fantasy<\/em> es un c\u00f3mic que combina h\u00e1bilmente el western y la fantas\u00eda. Este primer volumen nos presenta al Duende, al Enano, al Vaquero y al No Muerto, todo en un <img loading=\"lazy\" decoding=\"async\" class=\"alignright  wp-image-18560\" src=\"https:\/\/www.cronicasliterarias.es\/wp-content\/uploads\/2025\/04\/West-Fantasy00.jpg\" alt=\"\" width=\"105\" height=\"112\" \/>escenario s\u00f3lido que no te deja indiferente. Sinceramente, es una pena que el final llegara tan r\u00e1pido porque s\u00e9 que a\u00fan queda para que Yermo publique el siguiente volumen.<\/p>\n<p align=\"JUSTIFY\">Los gr\u00e1ficos son excelentes. Los rostros est\u00e1n magn\u00edficamente hechos, todos realzados por los magn\u00edficos colores de Nanjan. Me gust\u00f3 mucho este primer volumen. Hay suspense, acci\u00f3n y escenas de violencia. El g\u00e9nero western que nos encanta a muchos pero al estilo Fantasy. No obstante, la sensaci\u00f3n para muchos, imagino, es que tras <em>Elfos, Enanos, Magos&#8230;<\/em> y todo eso, se piense que Istin solo quiere encontrar otra forma de quedarse con nuestro dinero. Western y Fantas\u00eda, los dos estilos m\u00e1s punteros del c\u00f3mic europeo juntos. Es un riesgo atrevido pero llama la atenci\u00f3n, eso no se lo quita nadie. Y viendo el mapa de Estados Unidos remodelado en salsa de goblins y orcos, para muchos empez\u00f3 mal pero a m\u00ed me hizo gracia. J.L. Istin se beneficia de varios giros y vueltas para crear una nueva historia que cuanto menos es atractiva. Aunque no me encari\u00f1\u00e9 con los personajes principales, reconozco que es complicado presentar, desarrollar y hacer entra\u00f1ables a tres <img loading=\"lazy\" decoding=\"async\" class=\"alignleft  wp-image-18561\" src=\"https:\/\/www.cronicasliterarias.es\/wp-content\/uploads\/2025\/04\/West-Fantasy01-300x260.jpg\" alt=\"\" width=\"187\" height=\"162\" srcset=\"https:\/\/www.cronicasliterarias.es\/wp-content\/uploads\/2025\/04\/West-Fantasy01-300x260.jpg 300w, https:\/\/www.cronicasliterarias.es\/wp-content\/uploads\/2025\/04\/West-Fantasy01-1024x886.jpg 1024w, https:\/\/www.cronicasliterarias.es\/wp-content\/uploads\/2025\/04\/West-Fantasy01-768x664.jpg 768w, https:\/\/www.cronicasliterarias.es\/wp-content\/uploads\/2025\/04\/West-Fantasy01.jpg 1112w\" sizes=\"auto, (max-width: 187px) 100vw, 187px\" \/>protagonistas en un solo n\u00famero. As\u00ed que me espero al segundo para ver y refrendar que los c\u00f3digos de ambos g\u00e9neros se llevan bien a cabo, y al final, s\u00ed que estamos ante una serie inolvidable.<\/p>\n<p align=\"JUSTIFY\">Oye, como en la historia, todo podr\u00eda ser una met\u00e1fora.<\/p>\n","protected":false},"excerpt":{"rendered":"<p>West Fantasy, dentro de la extensa colecci\u00f3n de t\u00edtulos de J. L. Istin sobre su mundo fant\u00e1stico, es un concepto interesante, una especie de mezcla entre fantas\u00eda heroica y western, que deber\u00eda atraer a los fans del mundo de Aquilon o Undertaker. Pero como las comparaciones siempre fueron odiosas quiz\u00e1s por eso ha recibido tantas [&hellip;]<\/p>\n","protected":false},"author":4,"featured_media":0,"comment_status":"closed","ping_status":"closed","sticky":false,"template":"","format":"standard","meta":{"footnotes":""},"categories":[53,44,34,6,95,104],"tags":[472,11,10,105],"class_list":["post-18556","post","type-post","status-publish","format-standard","hentry","category-bd","category-comic-europeo","category-fantasia","category-resenas","category-western","category-yermo-ediciones","tag-comic-europeo-2025","tag-j-j-castillo","tag-resenas","tag-yermo-ediciones"],"_links":{"self":[{"href":"https:\/\/www.cronicasliterarias.es\/index.php?rest_route=\/wp\/v2\/posts\/18556","targetHints":{"allow":["GET"]}}],"collection":[{"href":"https:\/\/www.cronicasliterarias.es\/index.php?rest_route=\/wp\/v2\/posts"}],"about":[{"href":"https:\/\/www.cronicasliterarias.es\/index.php?rest_route=\/wp\/v2\/types\/post"}],"author":[{"embeddable":true,"href":"https:\/\/www.cronicasliterarias.es\/index.php?rest_route=\/wp\/v2\/users\/4"}],"replies":[{"embeddable":true,"href":"https:\/\/www.cronicasliterarias.es\/index.php?rest_route=%2Fwp%2Fv2%2Fcomments&post=18556"}],"version-history":[{"count":7,"href":"https:\/\/www.cronicasliterarias.es\/index.php?rest_route=\/wp\/v2\/posts\/18556\/revisions"}],"predecessor-version":[{"id":18567,"href":"https:\/\/www.cronicasliterarias.es\/index.php?rest_route=\/wp\/v2\/posts\/18556\/revisions\/18567"}],"wp:attachment":[{"href":"https:\/\/www.cronicasliterarias.es\/index.php?rest_route=%2Fwp%2Fv2%2Fmedia&parent=18556"}],"wp:term":[{"taxonomy":"category","embeddable":true,"href":"https:\/\/www.cronicasliterarias.es\/index.php?rest_route=%2Fwp%2Fv2%2Fcategories&post=18556"},{"taxonomy":"post_tag","embeddable":true,"href":"https:\/\/www.cronicasliterarias.es\/index.php?rest_route=%2Fwp%2Fv2%2Ftags&post=18556"}],"curies":[{"name":"wp","href":"https:\/\/api.w.org\/{rel}","templated":true}]}}