{"id":18578,"date":"2025-04-24T00:05:00","date_gmt":"2025-04-24T00:05:00","guid":{"rendered":"https:\/\/www.cronicasliterarias.es\/?p=18578"},"modified":"2025-04-24T16:56:47","modified_gmt":"2025-04-24T16:56:47","slug":"resena-los-4-fantasticos-de-john-byrne","status":"publish","type":"post","link":"https:\/\/www.cronicasliterarias.es\/?p=18578","title":{"rendered":"Rese\u00f1a: Los 4 Fant\u00e1sticos, de John Byrne y VVAA"},"content":{"rendered":"<p align=\"JUSTIFY\"><img loading=\"lazy\" decoding=\"async\" class=\"alignleft size-medium wp-image-18581\" src=\"https:\/\/www.cronicasliterarias.es\/wp-content\/uploads\/2025\/04\/byrnefantasticfour00-194x300.jpg\" alt=\"\" width=\"194\" height=\"300\" srcset=\"https:\/\/www.cronicasliterarias.es\/wp-content\/uploads\/2025\/04\/byrnefantasticfour00-194x300.jpg 194w, https:\/\/www.cronicasliterarias.es\/wp-content\/uploads\/2025\/04\/byrnefantasticfour00.jpg 621w\" sizes=\"auto, (max-width: 194px) 100vw, 194px\" \/>Como dice la canci\u00f3n: <em>Ahora es el momento<\/em>. Y m\u00e1s a\u00fan tras hacersae viral el tr\u00e1iler del nuevo film de <em>Los 4 Fant\u00e1sticos<\/em> que se viene en julio de este a\u00f1o. S\u00ed friends, ahora, sin duda, es el momento de ponerse si a\u00fan sois tas ilusos como para no haberlo disfrutado ya de este tomo de Obras Maestras Marvel, la que es para m\u00ed la mejor \u00e9poca en cuanto a autores de<em> Los 4 Fant\u00e1sticos<\/em>; Jack Kirby, Steve Ditko, John Byrne, Stan Lee, Ed Hannigan, d\u00e1ndolo todo para una \u00e9poca y personajes m\u00edticos que pegaron aqu\u00ed un auge como antes nunca se hab\u00eda visto. Como bien dice su sinopsis editorial, Los 4F volviendo a sus esencias de la mano de John Byrne. Una de las m\u00e1s celebradas etapas de la historia de Marvel.<\/p>\n<p align=\"JUSTIFY\">La etapa de John Byrne en <em>Los 4F<\/em> es bastante importante en lo que a c\u00f3mics de Marvel se refiere. Generalmente se considera una de las mejores etapas de los 80, junto con el <em>Daredevil<\/em> de Frank Miller y el <em>Thor<\/em> de Walter Simonson. Pero tambi\u00e9n es ampliamente considerada como la mejor etapa de la emblem\u00e1tica familia de c\u00f3mics de Marvel desde que Stan Lee y Jack Kirby finalizaran su trayectoria r\u00e9cord (la duraci\u00f3n de una sola etapa ha sido superada ahora por Brian Michael Bendis y Mark <img loading=\"lazy\" decoding=\"async\" class=\"alignright  wp-image-18582\" src=\"https:\/\/www.cronicasliterarias.es\/wp-content\/uploads\/2025\/04\/byrnefantasticfour01-300x265.jpg\" alt=\"\" width=\"119\" height=\"105\" srcset=\"https:\/\/www.cronicasliterarias.es\/wp-content\/uploads\/2025\/04\/byrnefantasticfour01-300x265.jpg 300w, https:\/\/www.cronicasliterarias.es\/wp-content\/uploads\/2025\/04\/byrnefantasticfour01.jpg 682w\" sizes=\"auto, (max-width: 119px) 100vw, 119px\" \/>Bagley en <em>Ultimate Spider-Man<\/em>). Es una de las pocas obras de c\u00f3mics donde se nota a leguas el notable amor que el autor siente por lo que est\u00e1 haciendo. La maestr\u00eda que Byrne le dedic\u00f3 no la clasificar\u00eda como ic\u00f3nica ni definitoria del g\u00e9nero, pero es un an\u00e1lisis notablemente s\u00f3lido de la franquicia que dio origen al Universo Marvel actual. Pues\u00a0Byrne lleg\u00f3 a la serie tras una larga y distinguida colaboraci\u00f3n con Chris Claremont en <em>Uncanny X-Men<\/em>. Y si bien Byrne se uni\u00f3 a la serie despu\u00e9s de que Claremont estableciera su nuevo modelo para los alegres mutantes de Marvel, podr\u00eda decirse que fue con Byrne que el t\u00edtulo realmente cobr\u00f3 fuerza: ambos colaboraron en la ic\u00f3nica <em>Saga de F\u00e9nix Oscura<\/em>, que sigue siendo uno de los arcos argumentales m\u00e1s queridos de Marvel. Esta conexi\u00f3n con los <em>X-Men<\/em> me ha fascinado, porque siempre he pensado que <em>Los 4F<\/em> y <em>La Patrulla-X<\/em> sirvieron como contrapuntos interesantes entre s\u00ed, como las dos caras de dos versiones muy diferentes de Marvel.<\/p>\n<p align=\"JUSTIFY\">Lo que me gusta, sobre todo, de esta etapa es que Byrne sugiere que <em>Los 4F<\/em> no son la <img loading=\"lazy\" decoding=\"async\" class=\"alignleft  wp-image-18584\" src=\"https:\/\/www.cronicasliterarias.es\/wp-content\/uploads\/2025\/04\/byrnefantasticfour4-300x198.jpg\" alt=\"\" width=\"233\" height=\"154\" srcset=\"https:\/\/www.cronicasliterarias.es\/wp-content\/uploads\/2025\/04\/byrnefantasticfour4-300x198.jpg 300w, https:\/\/www.cronicasliterarias.es\/wp-content\/uploads\/2025\/04\/byrnefantasticfour4.jpg 400w\" sizes=\"auto, (max-width: 233px) 100vw, 233px\" \/>familia idealizada que solemos imaginar. A pesar de su impecable imagen p\u00fablica, su ostentosa sede en el centro de Manhattan y la maravillosa tecnolog\u00eda que ofrece, Byrne deja claro que no viven una vida f\u00e1cil. Hay una secuencia maravillosa al principio de su etapa, una que Mark Waid tomar\u00eda prestada para su propia etapa en <em>Los Cuatro Fant\u00e1sticos<\/em>, donde un sacerdote es invitado a la sede. Byrne aprovecha h\u00e1bilmente la oportunidad para demostrar lo \u00abextra\u00f1a\u00bb que debe parecer la Primera Familia de Marvel a cualquier humano normal, como si argumentara que son tan \u00abraros\u00bb como los alegres mutantes. Y es que Los 4F est\u00e1n tan c\u00f3modos consigo mismos que ni siquiera se dan cuenta de lo surrealistas que deben parecer. Quiz\u00e1s Byrne comenta la facilidad con la que lo \u00abfant\u00e1stico\u00bb puede volverse \u00abmundano\u00bb con la mera exposici\u00f3n. Y despu\u00e9s est\u00e1 lo que representa para la humanidad el encuentro con Galactus (algo que estoy loco por ver en cine).<\/p>\n<p align=\"JUSTIFY\"><img loading=\"lazy\" decoding=\"async\" class=\"alignright  wp-image-18583\" src=\"https:\/\/www.cronicasliterarias.es\/wp-content\/uploads\/2025\/04\/byrnefantasticfour5-256x300.jpg\" alt=\"\" width=\"100\" height=\"117\" srcset=\"https:\/\/www.cronicasliterarias.es\/wp-content\/uploads\/2025\/04\/byrnefantasticfour5-256x300.jpg 256w, https:\/\/www.cronicasliterarias.es\/wp-content\/uploads\/2025\/04\/byrnefantasticfour5.jpg 400w\" sizes=\"auto, (max-width: 100px) 100vw, 100px\" \/>Byrne renov\u00f3 el n\u00facleo de los personajes, revitaliz\u00f3 viejos enemigos, introdujo nuevos conceptos y dio a <em>Los 4 Fant\u00e1sticos<\/em> una vitalidad incre\u00edble. La Primera Familia regresa a la grandeza de sus primeros tiempos, en una colecci\u00f3n totalmente indispensable para cualquier marvelita de pro. La edici\u00f3n definitiva de uno de los verdaderos cl\u00e1sicos de Marvel.<\/p>\n","protected":false},"excerpt":{"rendered":"<p>Como dice la canci\u00f3n: Ahora es el momento. Y m\u00e1s a\u00fan tras hacersae viral el tr\u00e1iler del nuevo film de Los 4 Fant\u00e1sticos que se viene en julio de este a\u00f1o. S\u00ed friends, ahora, sin duda, es el momento de ponerse si a\u00fan sois tas ilusos como para no haberlo disfrutado ya de este tomo [&hellip;]<\/p>\n","protected":false},"author":4,"featured_media":0,"comment_status":"closed","ping_status":"closed","sticky":false,"template":"","format":"standard","meta":{"footnotes":""},"categories":[382,28,6],"tags":[58,11,485,218,10],"class_list":["post-18578","post","type-post","status-publish","format-standard","hentry","category-marvel","category-panini-comics","category-resenas","tag-indispensables-comics","tag-j-j-castillo","tag-obras-maestras-marvel","tag-panini-comics-marvel","tag-resenas"],"_links":{"self":[{"href":"https:\/\/www.cronicasliterarias.es\/index.php?rest_route=\/wp\/v2\/posts\/18578","targetHints":{"allow":["GET"]}}],"collection":[{"href":"https:\/\/www.cronicasliterarias.es\/index.php?rest_route=\/wp\/v2\/posts"}],"about":[{"href":"https:\/\/www.cronicasliterarias.es\/index.php?rest_route=\/wp\/v2\/types\/post"}],"author":[{"embeddable":true,"href":"https:\/\/www.cronicasliterarias.es\/index.php?rest_route=\/wp\/v2\/users\/4"}],"replies":[{"embeddable":true,"href":"https:\/\/www.cronicasliterarias.es\/index.php?rest_route=%2Fwp%2Fv2%2Fcomments&post=18578"}],"version-history":[{"count":7,"href":"https:\/\/www.cronicasliterarias.es\/index.php?rest_route=\/wp\/v2\/posts\/18578\/revisions"}],"predecessor-version":[{"id":18590,"href":"https:\/\/www.cronicasliterarias.es\/index.php?rest_route=\/wp\/v2\/posts\/18578\/revisions\/18590"}],"wp:attachment":[{"href":"https:\/\/www.cronicasliterarias.es\/index.php?rest_route=%2Fwp%2Fv2%2Fmedia&parent=18578"}],"wp:term":[{"taxonomy":"category","embeddable":true,"href":"https:\/\/www.cronicasliterarias.es\/index.php?rest_route=%2Fwp%2Fv2%2Fcategories&post=18578"},{"taxonomy":"post_tag","embeddable":true,"href":"https:\/\/www.cronicasliterarias.es\/index.php?rest_route=%2Fwp%2Fv2%2Ftags&post=18578"}],"curies":[{"name":"wp","href":"https:\/\/api.w.org\/{rel}","templated":true}]}}