{"id":18639,"date":"2025-05-02T00:05:00","date_gmt":"2025-05-02T00:05:00","guid":{"rendered":"https:\/\/www.cronicasliterarias.es\/?p=18639"},"modified":"2025-05-02T07:30:32","modified_gmt":"2025-05-02T07:30:32","slug":"resena-locas-vol-1-de-jaime-hernandez","status":"publish","type":"post","link":"https:\/\/www.cronicasliterarias.es\/?p=18639","title":{"rendered":"Rese\u00f1a: Locas Vol.1, de Jaime Hern\u00e1ndez"},"content":{"rendered":"<p align=\"JUSTIFY\"><img loading=\"lazy\" decoding=\"async\" class=\"alignright  wp-image-18641\" src=\"https:\/\/www.cronicasliterarias.es\/wp-content\/uploads\/2025\/05\/Locas-235x300.jpg\" alt=\"\" width=\"217\" height=\"277\" srcset=\"https:\/\/www.cronicasliterarias.es\/wp-content\/uploads\/2025\/05\/Locas-235x300.jpg 235w, https:\/\/www.cronicasliterarias.es\/wp-content\/uploads\/2025\/05\/Locas.jpg 576w\" sizes=\"auto, (max-width: 217px) 100vw, 217px\" \/>Antes no, pero ahora hab\u00eda algo que me empez\u00f3 a llamar la atenci\u00f3n de esta obra de Jaime Hern\u00e1ndez. Me hab\u00edan hablado muy bien de ella, sobre todo, un colega muy fan del c\u00f3mic independiente, pero aunque no es el caso, por entonces, uno que ama, sobre todo, el c\u00f3mic europeo y tras eso los norteamericanos, decid\u00ed que era el momento de hacerme con este t\u00edtulo y \u201cpasar por \u00e9l\u201d. Y debo confesar que: \u00a1Maldita sea! \u00a1Realmente no esperaba lo que encontr\u00e9! Esta novela gr\u00e1fica literalmente me atrap\u00f3 desde el principio, para luego terminar dej\u00e1ndome hundido en la miseria unos dos d\u00edas despu\u00e9s. D\u00e1ndole vueltas a porqu\u00e9 co\u00f1o no la hab\u00eda le\u00eddo antes.<\/p>\n<p align=\"JUSTIFY\">Un golpe de virtuosismo extraordinario en tantas vi\u00f1etas gracias al genial formato que acaba de poner en librer\u00edas La C\u00fapula Ediciones. Todo est\u00e1 en un pulido blanco y negro, con hermosos dibujos y personajes femeninos que en mi caso algunos me enamoraron. Y eso que hablando del dibujo, al principio tuve un gran problema para orientarme entre la pl\u00e9tora de personajes dispersos por las p\u00e1ginas de los diferentes episodios. Pero muy r\u00e1pidamente la lectura se hizo m\u00e1s fluida, localic\u00e9 las caras y los personajes, los v\u00ednculos entre ellos, y no es f\u00e1cil dada la cantidad de ellos. Y tengo que admitir que es un pedazo de obra la que aqu\u00ed se marc\u00f3 Jaime Hern\u00e1ndez, un autor con el que me identifico bastante <img loading=\"lazy\" decoding=\"async\" class=\"alignleft  wp-image-18642\" src=\"https:\/\/www.cronicasliterarias.es\/wp-content\/uploads\/2025\/05\/Locas03-157x300.jpg\" alt=\"\" width=\"87\" height=\"167\" srcset=\"https:\/\/www.cronicasliterarias.es\/wp-content\/uploads\/2025\/05\/Locas03-157x300.jpg 157w, https:\/\/www.cronicasliterarias.es\/wp-content\/uploads\/2025\/05\/Locas03.jpg 386w\" sizes=\"auto, (max-width: 87px) 100vw, 87px\" \/>por haber nacido fuera de este pa\u00eds e incluso en el denominado Pa\u00eds de las Oportunidades. Adem\u00e1s de reconocer el haber seguido desarrollando el universo de <em>Locas<\/em> y cosechando multitud de premios en todo el mundo. Desde 2017 forma parte del prestigioso Sal\u00f3n de la Fama de los Premios Will Eisner.<\/p>\n<p align=\"JUSTIFY\">Tengo que admitir que este c\u00f3mic me sedujo mucho m\u00e1s por su trama que por otra cosa. Es una inteligente mezcla de un futuro un tanto inusual, la USA moderna, problemas sexuales, problemas de dinero y racismo, problemas de vecindario y, sobre todo, amor. El amor que centralizar\u00e1 todo en este c\u00f3mic con un desarrollo realmente curioso, que comienza con dos punkis que viven una historia de amistad, pero tambi\u00e9n una historia de amor y una historia de familia, tanto que a veces llegamos a tomarlas por dos hermanas. Pero Hopey y Maggy ser\u00e1n dos personajes que permanecer\u00e1n unidos en mi memoria como dos seres que no podr\u00edan separarse.<\/p>\n<p align=\"JUSTIFY\"><img loading=\"lazy\" decoding=\"async\" class=\"alignright  wp-image-18644\" src=\"https:\/\/www.cronicasliterarias.es\/wp-content\/uploads\/2025\/05\/Locas02-230x300.jpg\" alt=\"\" width=\"88\" height=\"115\" srcset=\"https:\/\/www.cronicasliterarias.es\/wp-content\/uploads\/2025\/05\/Locas02-230x300.jpg 230w, https:\/\/www.cronicasliterarias.es\/wp-content\/uploads\/2025\/05\/Locas02.jpg 425w\" sizes=\"auto, (max-width: 88px) 100vw, 88px\" \/>Encontr\u00e9 muchas cosas que me gustaron, y no podr\u00eda enumerarlas todas, pero ya la predominante presencia de mujeres (que se responsabilizan de muchas cosas, a diferencia de los hombres), las transformaciones f\u00edsicas que evolucionan progresivamente, los temas que son tratados tanto a la ligera (\u00a1con mucho rango o pu\u00f1os!) como en serio y la moraleja que en gran medida se patea&#8230; Lo que m\u00e1s me ha gustado ha sido el descubrimiento paulatino de los personajes, la forma en la que nos llevan a descubrir todo lo que cada uno lleva dentro una vez las conocemos Dos protagonistas principales inolvidables.<\/p>\n<p align=\"JUSTIFY\">Tendr\u00eda muchas otras cosas que decir sobre el c\u00f3mic, pero simplemente os lo recomiendo, una lectura larga y atrapante, tenemos todo el tiempo para sumergirnos en la atm\u00f3sfera y la vida de estos personajes, todo el tiempo para encari\u00f1arnos con ellos tambi\u00e9n. Es la vida que est\u00e1 ah\u00ed, entre la adolescencia, la juventud y la edad adulta. Una novela gr\u00e1fica con un estilo que nunca hab\u00eda visto antes, cruda y violenta, divertida y <img loading=\"lazy\" decoding=\"async\" class=\"alignleft  wp-image-18643\" src=\"https:\/\/www.cronicasliterarias.es\/wp-content\/uploads\/2025\/05\/Locas01-300x262.jpg\" alt=\"\" width=\"120\" height=\"105\" srcset=\"https:\/\/www.cronicasliterarias.es\/wp-content\/uploads\/2025\/05\/Locas01-300x262.jpg 300w, https:\/\/www.cronicasliterarias.es\/wp-content\/uploads\/2025\/05\/Locas01.jpg 594w\" sizes=\"auto, (max-width: 120px) 100vw, 120px\" \/>tr\u00e1gica, bella y fea, y conmovedora tambi\u00e9n. Creo que ya lo he dicho todo.<\/p>\n<p align=\"JUSTIFY\">Altamente recomendable.<\/p>\n","protected":false},"excerpt":{"rendered":"<p>Antes no, pero ahora hab\u00eda algo que me empez\u00f3 a llamar la atenci\u00f3n de esta obra de Jaime Hern\u00e1ndez. Me hab\u00edan hablado muy bien de ella, sobre todo, un colega muy fan del c\u00f3mic independiente, pero aunque no es el caso, por entonces, uno que ama, sobre todo, el c\u00f3mic europeo y tras eso los [&hellip;]<\/p>\n","protected":false},"author":4,"featured_media":0,"comment_status":"closed","ping_status":"closed","sticky":false,"template":"","format":"standard","meta":{"footnotes":""},"categories":[49,200,6],"tags":[199,11,10],"class_list":["post-18639","post","type-post","status-publish","format-standard","hentry","category-comics","category-ediciones-la-cupula","category-resenas","tag-ediciones-la-cupula","tag-j-j-castillo","tag-resenas"],"_links":{"self":[{"href":"https:\/\/www.cronicasliterarias.es\/index.php?rest_route=\/wp\/v2\/posts\/18639","targetHints":{"allow":["GET"]}}],"collection":[{"href":"https:\/\/www.cronicasliterarias.es\/index.php?rest_route=\/wp\/v2\/posts"}],"about":[{"href":"https:\/\/www.cronicasliterarias.es\/index.php?rest_route=\/wp\/v2\/types\/post"}],"author":[{"embeddable":true,"href":"https:\/\/www.cronicasliterarias.es\/index.php?rest_route=\/wp\/v2\/users\/4"}],"replies":[{"embeddable":true,"href":"https:\/\/www.cronicasliterarias.es\/index.php?rest_route=%2Fwp%2Fv2%2Fcomments&post=18639"}],"version-history":[{"count":4,"href":"https:\/\/www.cronicasliterarias.es\/index.php?rest_route=\/wp\/v2\/posts\/18639\/revisions"}],"predecessor-version":[{"id":18647,"href":"https:\/\/www.cronicasliterarias.es\/index.php?rest_route=\/wp\/v2\/posts\/18639\/revisions\/18647"}],"wp:attachment":[{"href":"https:\/\/www.cronicasliterarias.es\/index.php?rest_route=%2Fwp%2Fv2%2Fmedia&parent=18639"}],"wp:term":[{"taxonomy":"category","embeddable":true,"href":"https:\/\/www.cronicasliterarias.es\/index.php?rest_route=%2Fwp%2Fv2%2Fcategories&post=18639"},{"taxonomy":"post_tag","embeddable":true,"href":"https:\/\/www.cronicasliterarias.es\/index.php?rest_route=%2Fwp%2Fv2%2Ftags&post=18639"}],"curies":[{"name":"wp","href":"https:\/\/api.w.org\/{rel}","templated":true}]}}