{"id":18673,"date":"2025-05-04T00:05:00","date_gmt":"2025-05-04T00:05:00","guid":{"rendered":"https:\/\/www.cronicasliterarias.es\/?p=18673"},"modified":"2025-05-03T08:43:51","modified_gmt":"2025-05-03T08:43:51","slug":"resena-la-casa-usher-de-jean-dufaux-y-jaime-calderon","status":"publish","type":"post","link":"https:\/\/www.cronicasliterarias.es\/?p=18673","title":{"rendered":"Rese\u00f1a: La Casa Usher, de Jean Dufaux y Jaime Calder\u00f3n"},"content":{"rendered":"<p align=\"JUSTIFY\"><img loading=\"lazy\" decoding=\"async\" class=\"alignright  wp-image-18675\" src=\"https:\/\/www.cronicasliterarias.es\/wp-content\/uploads\/2025\/05\/La-casa-Usher-214x300.jpg\" alt=\"\" width=\"198\" height=\"278\" srcset=\"https:\/\/www.cronicasliterarias.es\/wp-content\/uploads\/2025\/05\/La-casa-Usher-214x300.jpg 214w, https:\/\/www.cronicasliterarias.es\/wp-content\/uploads\/2025\/05\/La-casa-Usher-731x1024.jpg 731w, https:\/\/www.cronicasliterarias.es\/wp-content\/uploads\/2025\/05\/La-casa-Usher-768x1076.jpg 768w, https:\/\/www.cronicasliterarias.es\/wp-content\/uploads\/2025\/05\/La-casa-Usher.jpg 1096w\" sizes=\"auto, (max-width: 198px) 100vw, 198px\" \/>Para que ve\u00e1is si me gusta este relato&#8230; que es la tercera rese\u00f1a que hago a una edici\u00f3n de esta magn\u00edfica historia de Edgar Allan Poe.<\/p>\n<p align=\"JUSTIFY\">Ahora le toca el turno a <em>La Casa Usher<\/em>, el homenaje creado por dos grandes del c\u00f3mic europeo como es el gran guionista Jean Dufaux y nuestro maravilloso dibujante espa\u00f1ol Jaime Calder\u00f3n. Y es que ahhh, nada como volver al dios maestro del g\u00e9nero cl\u00e1sico de terror como Poe y su ic\u00f3nica Casa Usher en un \u00e1lbum visualmente maravilloso como el que ha publicado en nuestro pa\u00eds Yermo Ediciones.<\/p>\n<p align=\"JUSTIFY\">Es Jean Dufaux a quien encontramos en el guion de esta adaptaci\u00f3n libre. S\u00ed, no es el relato de p\u00e9 a p\u00e1, como se suele decir. Si bien mantiene las l\u00edneas generales del cuento de Poe, Dufaux se divierte integrando en \u00e9l a su creador de una manera deliciosa&#8230; entre otras muchas cosas. Y eso ya lo cambia todo. Porque puede que al principio nos sorprenda esta intrusi\u00f3n, pero est\u00e1 bastante bien hecha y el gui\u00f1o no es gratuito.<\/p>\n<p align=\"JUSTIFY\"><img loading=\"lazy\" decoding=\"async\" class=\"alignleft  wp-image-18676\" src=\"https:\/\/www.cronicasliterarias.es\/wp-content\/uploads\/2025\/05\/La-casa-Usher01-300x124.jpg\" alt=\"\" width=\"194\" height=\"80\" srcset=\"https:\/\/www.cronicasliterarias.es\/wp-content\/uploads\/2025\/05\/La-casa-Usher01-300x124.jpg 300w, https:\/\/www.cronicasliterarias.es\/wp-content\/uploads\/2025\/05\/La-casa-Usher01-1024x424.jpg 1024w, https:\/\/www.cronicasliterarias.es\/wp-content\/uploads\/2025\/05\/La-casa-Usher01-768x318.jpg 768w, https:\/\/www.cronicasliterarias.es\/wp-content\/uploads\/2025\/05\/La-casa-Usher01.jpg 1120w\" sizes=\"auto, (max-width: 194px) 100vw, 194px\" \/>La Casa Usher es un edificio imponente, a pesar de que el paso del tiempo empieza a hacerle mella en todo aquel que la habita. Al pasar junto a ella, una extra\u00f1a sensaci\u00f3n surge de sus ventanas, como si una presencia contemplase el mundo desde ellas. Un d\u00eda, un jugador profesional llamado Damon Price, que atraviesa una racha de mala suerte, pide ayuda a su amiga Nina para con sus deudas, y se topa con un misterioso carruaje que lo lleva directamente a dicha mansi\u00f3n de los horrores.<\/p>\n<p align=\"JUSTIFY\">Aunque lo haya dicho al principio, no es una nueva edici\u00f3n -con otros autores- del famoso cuento. Lo acab\u00e1is de leer. Podr\u00eda ser una segunda parte, una historia alternativa o como lo quer\u00e1is llamar. Estamos ante la idea de dos grandes autores cogiendo el punto focal fuerte de <em>La ca\u00edda de la Casa Usher<\/em> como es la mansi\u00f3n y d\u00e1ndonos una nueva historia. Donde por el lado gr\u00e1fico tenemos a un siempre <img loading=\"lazy\" decoding=\"async\" class=\"alignright  wp-image-18678\" src=\"https:\/\/www.cronicasliterarias.es\/wp-content\/uploads\/2025\/05\/La-casa-Usher00-300x136.jpg\" alt=\"\" width=\"179\" height=\"81\" srcset=\"https:\/\/www.cronicasliterarias.es\/wp-content\/uploads\/2025\/05\/La-casa-Usher00-300x136.jpg 300w, https:\/\/www.cronicasliterarias.es\/wp-content\/uploads\/2025\/05\/La-casa-Usher00.jpg 422w\" sizes=\"auto, (max-width: 179px) 100vw, 179px\" \/>imponente Jaime Calder\u00f3n <em>(Valois, Los caminos del Se\u00f1or, Isabel, la Loba de Francia)<\/em>, un se\u00f1or siempre creador de ilustraciones que son dignas de grandes lienzos. Su l\u00ednea realista en color directo infunde todo el dramatismo necesario para sus adaptaciones y, en mi opini\u00f3n, poco se pueden mejorar.<\/p>\n<p align=\"JUSTIFY\">Una obra con un grafismo imponente y una atm\u00f3sfera impresionante, que mezcla realismo con terror g\u00f3tico. Y es que en mi ni\u00f1ez, habiendo descubierto la literatura fant\u00e1stica gracias a Poe y a los autores rom\u00e1nticos y g\u00f3ticos de finales del siglo XIX, siempre me siento aprensivo a la hora de leer estas adaptaciones que est\u00e1n lejos de estar siempre a la altura. Pero aqu\u00ed no hay sorpresas desagradables. Es una semi-adapataci\u00f3n maravillosa. Dos grandes autores del c\u00f3mic europeo, como he dicho, manteniendo el hilo conductor de la historia original, aportando desv\u00edos originales para hacerla suya y regalarnos un \u00e1lbum que ning\u00fan <img loading=\"lazy\" decoding=\"async\" class=\"alignleft  wp-image-18677\" src=\"https:\/\/www.cronicasliterarias.es\/wp-content\/uploads\/2025\/05\/La-casa-Usher02-300x172.jpg\" alt=\"\" width=\"166\" height=\"95\" srcset=\"https:\/\/www.cronicasliterarias.es\/wp-content\/uploads\/2025\/05\/La-casa-Usher02-300x172.jpg 300w, https:\/\/www.cronicasliterarias.es\/wp-content\/uploads\/2025\/05\/La-casa-Usher02-1024x586.jpg 1024w, https:\/\/www.cronicasliterarias.es\/wp-content\/uploads\/2025\/05\/La-casa-Usher02-768x440.jpg 768w, https:\/\/www.cronicasliterarias.es\/wp-content\/uploads\/2025\/05\/La-casa-Usher02.jpg 1354w\" sizes=\"auto, (max-width: 166px) 100vw, 166px\" \/>amante del Terror se deber\u00eda perder.<\/p>\n<p align=\"JUSTIFY\">Tenemos joyita.<\/p>\n","protected":false},"excerpt":{"rendered":"<p>Para que ve\u00e1is si me gusta este relato&#8230; que es la tercera rese\u00f1a que hago a una edici\u00f3n de esta magn\u00edfica historia de Edgar Allan Poe. Ahora le toca el turno a La Casa Usher, el homenaje creado por dos grandes del c\u00f3mic europeo como es el gran guionista Jean Dufaux y nuestro maravilloso dibujante [&hellip;]<\/p>\n","protected":false},"author":4,"featured_media":0,"comment_status":"closed","ping_status":"closed","sticky":false,"template":"","format":"standard","meta":{"footnotes":""},"categories":[53,44,6,8,104],"tags":[472,11,10,105],"class_list":["post-18673","post","type-post","status-publish","format-standard","hentry","category-bd","category-comic-europeo","category-resenas","category-terror","category-yermo-ediciones","tag-comic-europeo-2025","tag-j-j-castillo","tag-resenas","tag-yermo-ediciones"],"_links":{"self":[{"href":"https:\/\/www.cronicasliterarias.es\/index.php?rest_route=\/wp\/v2\/posts\/18673","targetHints":{"allow":["GET"]}}],"collection":[{"href":"https:\/\/www.cronicasliterarias.es\/index.php?rest_route=\/wp\/v2\/posts"}],"about":[{"href":"https:\/\/www.cronicasliterarias.es\/index.php?rest_route=\/wp\/v2\/types\/post"}],"author":[{"embeddable":true,"href":"https:\/\/www.cronicasliterarias.es\/index.php?rest_route=\/wp\/v2\/users\/4"}],"replies":[{"embeddable":true,"href":"https:\/\/www.cronicasliterarias.es\/index.php?rest_route=%2Fwp%2Fv2%2Fcomments&post=18673"}],"version-history":[{"count":4,"href":"https:\/\/www.cronicasliterarias.es\/index.php?rest_route=\/wp\/v2\/posts\/18673\/revisions"}],"predecessor-version":[{"id":18681,"href":"https:\/\/www.cronicasliterarias.es\/index.php?rest_route=\/wp\/v2\/posts\/18673\/revisions\/18681"}],"wp:attachment":[{"href":"https:\/\/www.cronicasliterarias.es\/index.php?rest_route=%2Fwp%2Fv2%2Fmedia&parent=18673"}],"wp:term":[{"taxonomy":"category","embeddable":true,"href":"https:\/\/www.cronicasliterarias.es\/index.php?rest_route=%2Fwp%2Fv2%2Fcategories&post=18673"},{"taxonomy":"post_tag","embeddable":true,"href":"https:\/\/www.cronicasliterarias.es\/index.php?rest_route=%2Fwp%2Fv2%2Ftags&post=18673"}],"curies":[{"name":"wp","href":"https:\/\/api.w.org\/{rel}","templated":true}]}}