{"id":18844,"date":"2025-06-04T00:05:00","date_gmt":"2025-06-04T00:05:00","guid":{"rendered":"https:\/\/www.cronicasliterarias.es\/?p=18844"},"modified":"2025-06-04T10:10:15","modified_gmt":"2025-06-04T10:10:15","slug":"resena-los-zazous-de-salva-rubio-y-danide","status":"publish","type":"post","link":"https:\/\/www.cronicasliterarias.es\/?p=18844","title":{"rendered":"Rese\u00f1a: Los Zazous. Swing contra los Nazis"},"content":{"rendered":"<p align=\"JUSTIFY\"><img loading=\"lazy\" decoding=\"async\" class=\"alignleft  wp-image-18846\" src=\"https:\/\/www.cronicasliterarias.es\/wp-content\/uploads\/2025\/06\/loszazous-226x300.jpg\" alt=\"\" width=\"217\" height=\"288\" srcset=\"https:\/\/www.cronicasliterarias.es\/wp-content\/uploads\/2025\/06\/loszazous-226x300.jpg 226w, https:\/\/www.cronicasliterarias.es\/wp-content\/uploads\/2025\/06\/loszazous-771x1024.jpg 771w, https:\/\/www.cronicasliterarias.es\/wp-content\/uploads\/2025\/06\/loszazous-768x1021.jpg 768w, https:\/\/www.cronicasliterarias.es\/wp-content\/uploads\/2025\/06\/loszazous.jpg 1034w\" sizes=\"auto, (max-width: 217px) 100vw, 217px\" \/>Para ser sincero, no estaba nada familiarizado con el fen\u00f3meno de \u00ablos zazous\u00bb durante la Ocupaci\u00f3n. As\u00ed que por si acaso hay alguien que lee esta rese\u00f1a y se encuentra en mi misma situaci\u00f3n, contaros que era una contracultura que surgi\u00f3 aproximadamente en 1940, comprendida con j\u00f3venes reconocibles por su vestimenta inglesa o estadounidense, que demostraban su amor por el jazz. A ver, eran j\u00f3venes bastante modernos para entonces, en un contraste radical con las ideas nauseabundas de sus padres, quienes hab\u00edan llevado al mundo al odio y la guerra. Por eso, encontramos j\u00f3venes con una actitud bastante despreocupada hacia la ocupaci\u00f3n nazi y que parecen desafiar tanto a las autoridades francesas como a las alemanas y se definen como esp\u00edritus libres, organizan fiestas de baile (swing) en clubes subterr\u00e1neos a pesar del toque de queda impuesto. Sin embargo, a lo largo de este volumen que reci\u00e9n publica Norma Editorial, se ven r\u00e1pidamente envueltos en la guerra que se adentra en la capital y se libran combates inesperados pero un modo curioso e in\u00e9dito, dir\u00eda yo.<\/p>\n<p align=\"JUSTIFY\">Y es que las primeras condenas a muerte se dictaron en diciembre de 1940 entre quienes se resistieron. Ejemplo es que uno de los zazous fue ejecutado por golpear a un soldado alem\u00e1n estando ebrio y violando el toque de queda. Este movimiento no fue del agrado del mariscal P\u00e9tain ni de los ocupantes nazis por su excesiva inspiraci\u00f3n <img loading=\"lazy\" decoding=\"async\" class=\"alignright  wp-image-18847\" src=\"https:\/\/www.cronicasliterarias.es\/wp-content\/uploads\/2025\/06\/loszazous02-272x300.jpg\" alt=\"\" width=\"107\" height=\"118\" srcset=\"https:\/\/www.cronicasliterarias.es\/wp-content\/uploads\/2025\/06\/loszazous02-272x300.jpg 272w, https:\/\/www.cronicasliterarias.es\/wp-content\/uploads\/2025\/06\/loszazous02-928x1024.jpg 928w, https:\/\/www.cronicasliterarias.es\/wp-content\/uploads\/2025\/06\/loszazous02-768x848.jpg 768w, https:\/\/www.cronicasliterarias.es\/wp-content\/uploads\/2025\/06\/loszazous02.jpg 1241w\" sizes=\"auto, (max-width: 107px) 100vw, 107px\" \/>estadounidense, y es que la libertad no formaba parte de sus valores&#8230;<\/p>\n<p align=\"JUSTIFY\">Me gust\u00f3 mucho esta tira c\u00f3mica, con sus gr\u00e1ficos atractivos y sus colores acertados. Hay un dinamismo notable en las vi\u00f1etas. La misma ropa captura a la perfecci\u00f3n el estilo Zazous&#8230; (solo tienes que investigar un poco en internet para comprobarlo). Escandalosa pero elegante.<\/p>\n<p align=\"JUSTIFY\">Hay una historia bastante interesante en este \u00e1lbum que cuenta con una infiltraci\u00f3n en este grupo de protesta. El informante se enamora de este estilo de vida y cultura y&#8230; Lo que se aporta al final del \u00e1lbum es tambi\u00e9n bastante interesante. Un articulo a modo de reflexi\u00f3n hist\u00f3rica que mola. En resumen, nunca hab\u00eda visto la Ocupaci\u00f3n desde este \u00e1ngulo, y sin embargo, sigue siendo cierto los hechos y relatos hist\u00f3ricos de la \u00e9poca que encontramos aqu\u00ed.<\/p>\n<p align=\"JUSTIFY\">No someterse era el lema de los Zazous. Y eso&#8230; \u00a1Es importante recordarlo! Navegaremos entre la inestabilidad y la rebeli\u00f3n.<\/p>\n<p style=\"text-align: center;\" align=\"JUSTIFY\"><img loading=\"lazy\" decoding=\"async\" class=\"aligncenter  wp-image-18848\" src=\"https:\/\/www.cronicasliterarias.es\/wp-content\/uploads\/2025\/06\/loszazous03-1024x373.jpg\" alt=\"\" width=\"428\" height=\"156\" srcset=\"https:\/\/www.cronicasliterarias.es\/wp-content\/uploads\/2025\/06\/loszazous03-1024x373.jpg 1024w, https:\/\/www.cronicasliterarias.es\/wp-content\/uploads\/2025\/06\/loszazous03-300x109.jpg 300w, https:\/\/www.cronicasliterarias.es\/wp-content\/uploads\/2025\/06\/loszazous03-768x280.jpg 768w, https:\/\/www.cronicasliterarias.es\/wp-content\/uploads\/2025\/06\/loszazous03-1536x560.jpg 1536w, https:\/\/www.cronicasliterarias.es\/wp-content\/uploads\/2025\/06\/loszazous03-2048x747.jpg 2048w\" sizes=\"auto, (max-width: 428px) 100vw, 428px\" \/><\/p>\n<p align=\"JUSTIFY\">Una miniserie recopilada que es una joyita en si misma.<\/p>\n","protected":false},"excerpt":{"rendered":"<p>Para ser sincero, no estaba nada familiarizado con el fen\u00f3meno de \u00ablos zazous\u00bb durante la Ocupaci\u00f3n. As\u00ed que por si acaso hay alguien que lee esta rese\u00f1a y se encuentra en mi misma situaci\u00f3n, contaros que era una contracultura que surgi\u00f3 aproximadamente en 1940, comprendida con j\u00f3venes reconocibles por su vestimenta inglesa o estadounidense, que [&hellip;]<\/p>\n","protected":false},"author":4,"featured_media":0,"comment_status":"closed","ping_status":"closed","sticky":false,"template":"","format":"standard","meta":{"footnotes":""},"categories":[53,44,30,6],"tags":[472,11,22,10],"class_list":["post-18844","post","type-post","status-publish","format-standard","hentry","category-bd","category-comic-europeo","category-norma-editorial","category-resenas","tag-comic-europeo-2025","tag-j-j-castillo","tag-norma-editorial","tag-resenas"],"_links":{"self":[{"href":"https:\/\/www.cronicasliterarias.es\/index.php?rest_route=\/wp\/v2\/posts\/18844","targetHints":{"allow":["GET"]}}],"collection":[{"href":"https:\/\/www.cronicasliterarias.es\/index.php?rest_route=\/wp\/v2\/posts"}],"about":[{"href":"https:\/\/www.cronicasliterarias.es\/index.php?rest_route=\/wp\/v2\/types\/post"}],"author":[{"embeddable":true,"href":"https:\/\/www.cronicasliterarias.es\/index.php?rest_route=\/wp\/v2\/users\/4"}],"replies":[{"embeddable":true,"href":"https:\/\/www.cronicasliterarias.es\/index.php?rest_route=%2Fwp%2Fv2%2Fcomments&post=18844"}],"version-history":[{"count":4,"href":"https:\/\/www.cronicasliterarias.es\/index.php?rest_route=\/wp\/v2\/posts\/18844\/revisions"}],"predecessor-version":[{"id":18851,"href":"https:\/\/www.cronicasliterarias.es\/index.php?rest_route=\/wp\/v2\/posts\/18844\/revisions\/18851"}],"wp:attachment":[{"href":"https:\/\/www.cronicasliterarias.es\/index.php?rest_route=%2Fwp%2Fv2%2Fmedia&parent=18844"}],"wp:term":[{"taxonomy":"category","embeddable":true,"href":"https:\/\/www.cronicasliterarias.es\/index.php?rest_route=%2Fwp%2Fv2%2Fcategories&post=18844"},{"taxonomy":"post_tag","embeddable":true,"href":"https:\/\/www.cronicasliterarias.es\/index.php?rest_route=%2Fwp%2Fv2%2Ftags&post=18844"}],"curies":[{"name":"wp","href":"https:\/\/api.w.org\/{rel}","templated":true}]}}