{"id":18918,"date":"2025-06-12T00:05:00","date_gmt":"2025-06-12T00:05:00","guid":{"rendered":"https:\/\/www.cronicasliterarias.es\/?p=18918"},"modified":"2025-06-11T09:52:58","modified_gmt":"2025-06-11T09:52:58","slug":"resena-no-hay-tumba-de-skottie-youny-jorge-corona","status":"publish","type":"post","link":"https:\/\/www.cronicasliterarias.es\/?p=18918","title":{"rendered":"Rese\u00f1a: No hay Tumba, de Skottie Youny y Jorge Corona"},"content":{"rendered":"<p align=\"JUSTIFY\"><img loading=\"lazy\" decoding=\"async\" class=\"alignright  wp-image-18920\" src=\"https:\/\/www.cronicasliterarias.es\/wp-content\/uploads\/2025\/06\/nohaytumba-198x300.jpg\" alt=\"\" width=\"186\" height=\"282\" srcset=\"https:\/\/www.cronicasliterarias.es\/wp-content\/uploads\/2025\/06\/nohaytumba-198x300.jpg 198w, https:\/\/www.cronicasliterarias.es\/wp-content\/uploads\/2025\/06\/nohaytumba-676x1024.jpg 676w, https:\/\/www.cronicasliterarias.es\/wp-content\/uploads\/2025\/06\/nohaytumba-768x1164.jpg 768w, https:\/\/www.cronicasliterarias.es\/wp-content\/uploads\/2025\/06\/nohaytumba.jpg 902w\" sizes=\"auto, (max-width: 186px) 100vw, 186px\" \/>Vi <em>No hay tumba<\/em> como un c\u00f3mic con un argumento que tiene much\u00edsimo potencial pero dudaba un poco al ver a Skootie Young en el elenco de autores, ya sab\u00e9is, el famoso autor promotor de vi\u00f1etas de humor esta vez metido en el western aunque tambi\u00e9n hay algo de fairy-tales de terror hay por aqu\u00ed&#8230;<\/p>\n<p align=\"JUSTIFY\">Ryder, una forajida que ha dejado atr\u00e1s su violento pasado para establecerse y formar una familia, se embarca en la misi\u00f3n de buscar a la Muerte para negociar m\u00e1s tiempo con sus seres queridos. <em>No hay tumba<\/em> combina western, terror y fantas\u00eda en la historia del dolor de una mujer y su desesperada s\u00faplica por m\u00e1s tiempo en el mundo de los mortales. El viaje de la protagonista, en particular su b\u00fasqueda de redenci\u00f3n, me conect\u00f3 del todo y en las luchas&#8230;uff. Y es que <em>No hay tumba<\/em> es lectura r\u00e1pida, un c\u00f3mic que se devora en nada con mucha acci\u00f3n y balas al aire. Una cautivadora historia independiente que re\u00fane a Skottie Young con Jorge Corona, vi\u00f1etario muy f\u00e1cil de leer y mucho dibujo chulo que apreciar. Y me encant\u00f3 lo diferente que es de las otras obras escritas de Young, a la vez que se mantiene fiel a los temas y mundos que le gusta crear.<\/p>\n<p align=\"JUSTIFY\">Un viaje duro y con un final emotivo, aunque un poco triste. El <img loading=\"lazy\" decoding=\"async\" class=\"alignleft  wp-image-18921\" src=\"https:\/\/www.cronicasliterarias.es\/wp-content\/uploads\/2025\/06\/nohaytumba01-300x297.jpg\" alt=\"\" width=\"79\" height=\"78\" srcset=\"https:\/\/www.cronicasliterarias.es\/wp-content\/uploads\/2025\/06\/nohaytumba01-300x297.jpg 300w, https:\/\/www.cronicasliterarias.es\/wp-content\/uploads\/2025\/06\/nohaytumba01-1024x1012.jpg 1024w, https:\/\/www.cronicasliterarias.es\/wp-content\/uploads\/2025\/06\/nohaytumba01-150x150.jpg 150w, https:\/\/www.cronicasliterarias.es\/wp-content\/uploads\/2025\/06\/nohaytumba01-768x759.jpg 768w, https:\/\/www.cronicasliterarias.es\/wp-content\/uploads\/2025\/06\/nohaytumba01.jpg 1139w\" sizes=\"auto, (max-width: 79px) 100vw, 79px\" \/>\u00faltimo n\u00famero es absolutamente fant\u00e1stico.<\/p>\n<p align=\"JUSTIFY\">Pero el arte es lo mejor del libro. Y aunque es asombroso, gran parte est\u00e1 condensado en vi\u00f1etas diminutas. Este c\u00f3mic podr\u00eda haberse beneficiado enormemente de estar en formato revista o en una edici\u00f3n de tapa dura de gran tama\u00f1o para mayor esplendor visual. Contiene detalles en: ropas ondulantes y exquisitamente elaboradas, humo y fuego, tiroteos, gente acribillada, vastos paisajes del Oeste, fantasmas y no muertos, y mucho m\u00e1s.<\/p>\n<p align=\"JUSTIFY\"><em>No hay tumba<\/em> recopila los cinco n\u00fameros de esta miniserie y la trae por estos lares la siempre recomendable Norma Editorial. Una serie de Image Comics que cuenta con un equipo creativo de lujo: al guion Skottie Young, a los l\u00e1pices el gran Jorge Corona y a los colores Beaulieu pero tambi\u00e9n el rotulista\/dise\u00f1ador Nate Piekos. Un grupo de autores que se une en torno a una premisa simple pero convincente: una forajida convertida en madre (Ryder) debe volver a sus viejas costumbres (y dejar a su familia) para salvarse de una <img loading=\"lazy\" decoding=\"async\" class=\"alignright  wp-image-18922\" src=\"https:\/\/www.cronicasliterarias.es\/wp-content\/uploads\/2025\/06\/nohaytumba04-300x107.jpg\" alt=\"\" width=\"221\" height=\"79\" srcset=\"https:\/\/www.cronicasliterarias.es\/wp-content\/uploads\/2025\/06\/nohaytumba04-300x107.jpg 300w, https:\/\/www.cronicasliterarias.es\/wp-content\/uploads\/2025\/06\/nohaytumba04.jpg 670w\" sizes=\"auto, (max-width: 221px) 100vw, 221px\" \/>enfermedad lenta y progresiva. Es, como prometi\u00f3 Image Comics, un \u00abviaje al estilo de <em>Sin Perd\u00f3n<\/em>\u00bb narrado \u00aba trav\u00e9s de una perspectiva al estilo de Guillermo del Toro\u00bb. Y se podr\u00eda definir as\u00ed.<\/p>\n","protected":false},"excerpt":{"rendered":"<p>Vi No hay tumba como un c\u00f3mic con un argumento que tiene much\u00edsimo potencial pero dudaba un poco al ver a Skootie Young en el elenco de autores, ya sab\u00e9is, el famoso autor promotor de vi\u00f1etas de humor esta vez metido en el western aunque tambi\u00e9n hay algo de fairy-tales de terror hay por aqu\u00ed&#8230; [&hellip;]<\/p>\n","protected":false},"author":4,"featured_media":0,"comment_status":"closed","ping_status":"closed","sticky":false,"template":"","format":"standard","meta":{"footnotes":""},"categories":[49,30,6,8,95],"tags":[11,96,165,10,471],"class_list":["post-18918","post","type-post","status-publish","format-standard","hentry","category-comics","category-norma-editorial","category-resenas","category-terror","category-western","tag-j-j-castillo","tag-lejano-oeste","tag-norma-editorial-usa","tag-resenas","tag-terror2025"],"_links":{"self":[{"href":"https:\/\/www.cronicasliterarias.es\/index.php?rest_route=\/wp\/v2\/posts\/18918","targetHints":{"allow":["GET"]}}],"collection":[{"href":"https:\/\/www.cronicasliterarias.es\/index.php?rest_route=\/wp\/v2\/posts"}],"about":[{"href":"https:\/\/www.cronicasliterarias.es\/index.php?rest_route=\/wp\/v2\/types\/post"}],"author":[{"embeddable":true,"href":"https:\/\/www.cronicasliterarias.es\/index.php?rest_route=\/wp\/v2\/users\/4"}],"replies":[{"embeddable":true,"href":"https:\/\/www.cronicasliterarias.es\/index.php?rest_route=%2Fwp%2Fv2%2Fcomments&post=18918"}],"version-history":[{"count":7,"href":"https:\/\/www.cronicasliterarias.es\/index.php?rest_route=\/wp\/v2\/posts\/18918\/revisions"}],"predecessor-version":[{"id":18928,"href":"https:\/\/www.cronicasliterarias.es\/index.php?rest_route=\/wp\/v2\/posts\/18918\/revisions\/18928"}],"wp:attachment":[{"href":"https:\/\/www.cronicasliterarias.es\/index.php?rest_route=%2Fwp%2Fv2%2Fmedia&parent=18918"}],"wp:term":[{"taxonomy":"category","embeddable":true,"href":"https:\/\/www.cronicasliterarias.es\/index.php?rest_route=%2Fwp%2Fv2%2Fcategories&post=18918"},{"taxonomy":"post_tag","embeddable":true,"href":"https:\/\/www.cronicasliterarias.es\/index.php?rest_route=%2Fwp%2Fv2%2Ftags&post=18918"}],"curies":[{"name":"wp","href":"https:\/\/api.w.org\/{rel}","templated":true}]}}