{"id":19181,"date":"2025-07-25T00:05:00","date_gmt":"2025-07-25T00:05:00","guid":{"rendered":"https:\/\/www.cronicasliterarias.es\/?p=19181"},"modified":"2025-07-26T08:19:27","modified_gmt":"2025-07-26T08:19:27","slug":"resena-trampa-en-zarkass-integral-de-yann-y-didier-cassegrain","status":"publish","type":"post","link":"https:\/\/www.cronicasliterarias.es\/?p=19181","title":{"rendered":"Rese\u00f1a: Trampa en Zarkass (Integral), de Yann y Didier Cassegrain"},"content":{"rendered":"<p align=\"JUSTIFY\"><img loading=\"lazy\" decoding=\"async\" class=\"alignleft  wp-image-19183\" src=\"https:\/\/www.cronicasliterarias.es\/wp-content\/uploads\/2025\/07\/TrampaenZarkass-217x300.jpg\" alt=\"\" width=\"201\" height=\"278\" srcset=\"https:\/\/www.cronicasliterarias.es\/wp-content\/uploads\/2025\/07\/TrampaenZarkass-217x300.jpg 217w, https:\/\/www.cronicasliterarias.es\/wp-content\/uploads\/2025\/07\/TrampaenZarkass.jpg 650w\" sizes=\"auto, (max-width: 201px) 100vw, 201px\" \/>Me sorprenden un poco las cr\u00edticas, bastante reservadas, que he le\u00eddo sobre esta adaptaci\u00f3n de Wul porque la verdad es que a m\u00ed este integral de <em>Trampa en Zarkass<\/em>, me ha parecido una obra buena y m\u00e1s que interesante. \u00bfSer\u00e1 porque no he le\u00eddo las otras dos series publicadas previamente en la misma colecci\u00f3n, con las que se la compara? O quiz\u00e1s sea porque no he le\u00eddo la novela de Stefan Wul en la que se basa y, por lo tanto, las libertades que dicen que Yann se tom\u00f3 con el guion no me molestaron como dicen \u201clos entendidos\u201d. Lo que yo puedo decir es que algunos de los juegos de palabras que se muestran y las transposiciones ling\u00fc\u00edsticas para hacer hablar a los nativos de Zarkass son un poco raros, la verdad, y no estoy seguro de que algunas de las referencias a nuestra vida cotidiana o personalidades actuales resistan el paso del tiempo. Pero m\u00e1s all\u00e1 de eso, dir\u00eda que le dan un tono fresco y bastante impactante a los di\u00e1logos, a veces, encantadores y por eso es una lectura que deleita y recuerda a las buenas pelis de ciencia ficci\u00f3n de este estilo. Y la idea (especialmente la de invertir el lugar de los sexos en la sociedad) que se difunde a lo largo de la trama, me ha parecido bastante original y molona.<\/p>\n<p align=\"JUSTIFY\">La exuberante y amenazante jungla del planeta Zarkass depara muchas sorpresas a las dos agentes especiales obligadas a colaborar por el embajador de la colonia terrestre de Nueva Pondicherry en una misi\u00f3n ultrasecreta. \u00bfSu tapadera oficial? Estudiar la fauna, la flora y <img loading=\"lazy\" decoding=\"async\" class=\"alignright  wp-image-19184\" src=\"https:\/\/www.cronicasliterarias.es\/wp-content\/uploads\/2025\/07\/TrampaenZarkass00-284x300.jpg\" alt=\"\" width=\"92\" height=\"97\" srcset=\"https:\/\/www.cronicasliterarias.es\/wp-content\/uploads\/2025\/07\/TrampaenZarkass00-284x300.jpg 284w, https:\/\/www.cronicasliterarias.es\/wp-content\/uploads\/2025\/07\/TrampaenZarkass00.jpg 400w\" sizes=\"auto, (max-width: 92px) 100vw, 92px\" \/>las singulares y extravagantes costumbres del pueblo ind\u00edgena zarkasiano. As\u00ed que escoltadas por un grupo de nativos, nuestras dos valientes exploradoras se adentran en una zona prohibida para examinar de cerca el misterioso naufragio de una nave alien\u00edgena que parece preocupar gravemente a las autoridades gobernantes del lugar. Pero las dos j\u00f3venes pronto sospechan que cada una ha ocultado a la otra los verdaderos motivos de su presencia en Zarkass y ocultan otras razones mucho m\u00e1s personales para estar all\u00ed.<\/p>\n<p align=\"JUSTIFY\">Los dibujos de Didier Cassegrain, si bien al principio pueden sorprender por el aspecto algo angular o caricaturesco de los personajes, enseguida te acostumbras a ellos e incluso yo llegu\u00e9 a apreciar ese toque personal que da car\u00e1cter a su estilo. Porque Didier Cassegrain se entrega por completo a los escenarios y, sobre todo, a los paisajes. \u00a1Guau! \u00a1Qu\u00e9 flora y fauna! Es abundante, sorprendente, ex\u00f3tica&#8230;, una recreaci\u00f3n maravillosa.<\/p>\n<p style=\"text-align: center;\" align=\"JUSTIFY\"><img loading=\"lazy\" decoding=\"async\" class=\"aligncenter  wp-image-19185\" src=\"https:\/\/www.cronicasliterarias.es\/wp-content\/uploads\/2025\/07\/TrampaenZarkass01-1024x375.jpg\" alt=\"\" width=\"383\" height=\"140\" srcset=\"https:\/\/www.cronicasliterarias.es\/wp-content\/uploads\/2025\/07\/TrampaenZarkass01-1024x375.jpg 1024w, https:\/\/www.cronicasliterarias.es\/wp-content\/uploads\/2025\/07\/TrampaenZarkass01-300x110.jpg 300w, https:\/\/www.cronicasliterarias.es\/wp-content\/uploads\/2025\/07\/TrampaenZarkass01-768x281.jpg 768w, https:\/\/www.cronicasliterarias.es\/wp-content\/uploads\/2025\/07\/TrampaenZarkass01.jpg 1073w\" sizes=\"auto, (max-width: 383px) 100vw, 383px\" \/><\/p>\n<p align=\"JUSTIFY\">En resumen, estamos en otro lugar ideado por la ficci\u00f3n y los viajes interplanetarios. Misiones de exploraci\u00f3n, aventuras en el espacio exterior que mola leer de vez en cuando. Un c\u00f3mic donde algunas vi\u00f1etas pueden dejarte boquiabierto por el cambio de escenario que imponen y el aspecto majestuoso que evoca a la naturaleza m\u00e1s frondosa. Adem\u00e1s de que, por lo que he le\u00eddo, este es uno de los temas principales que aborda normalmente las obras del escritor Stefan Wul, y parece que su traslado al formato c\u00f3mic en ese sentido de Yann y Cassegrain s\u00ed est\u00e1 hecho de maravilla aqu\u00ed. As\u00ed que si te apetece embarcarte en un viaje planetario verdaderamente ex\u00f3tico con un tono mordaz y humor\u00edstico, tendr\u00e1s todo lo que necesitas para una gran lectura en este genial tomo integral de la obra que acaba de <img loading=\"lazy\" decoding=\"async\" class=\"alignleft  wp-image-19186\" src=\"https:\/\/www.cronicasliterarias.es\/wp-content\/uploads\/2025\/07\/TrampaenZarkass02-300x128.jpg\" alt=\"\" width=\"178\" height=\"76\" srcset=\"https:\/\/www.cronicasliterarias.es\/wp-content\/uploads\/2025\/07\/TrampaenZarkass02-300x128.jpg 300w, https:\/\/www.cronicasliterarias.es\/wp-content\/uploads\/2025\/07\/TrampaenZarkass02-1024x436.jpg 1024w, https:\/\/www.cronicasliterarias.es\/wp-content\/uploads\/2025\/07\/TrampaenZarkass02-768x327.jpg 768w, https:\/\/www.cronicasliterarias.es\/wp-content\/uploads\/2025\/07\/TrampaenZarkass02.jpg 1078w\" sizes=\"auto, (max-width: 178px) 100vw, 178px\" \/>publicar en nuestro pa\u00eds la siempre genial editorial Nuevo Nueve.<\/p>\n<p align=\"JUSTIFY\">Echadle un ojo.<\/p>\n","protected":false},"excerpt":{"rendered":"<p>Me sorprenden un poco las cr\u00edticas, bastante reservadas, que he le\u00eddo sobre esta adaptaci\u00f3n de Wul porque la verdad es que a m\u00ed este integral de Trampa en Zarkass, me ha parecido una obra buena y m\u00e1s que interesante. \u00bfSer\u00e1 porque no he le\u00eddo las otras dos series publicadas previamente en la misma colecci\u00f3n, con [&hellip;]<\/p>\n","protected":false},"author":4,"featured_media":0,"comment_status":"closed","ping_status":"closed","sticky":false,"template":"","format":"standard","meta":{"footnotes":""},"categories":[33,44,74,111,6],"tags":[472,11,112,10],"class_list":["post-19181","post","type-post","status-publish","format-standard","hentry","category-ciencia-ficcion","category-comic-europeo","category-integral","category-nuevo-nueve","category-resenas","tag-comic-europeo-2025","tag-j-j-castillo","tag-nuevo-nueve-editores","tag-resenas"],"_links":{"self":[{"href":"https:\/\/www.cronicasliterarias.es\/index.php?rest_route=\/wp\/v2\/posts\/19181","targetHints":{"allow":["GET"]}}],"collection":[{"href":"https:\/\/www.cronicasliterarias.es\/index.php?rest_route=\/wp\/v2\/posts"}],"about":[{"href":"https:\/\/www.cronicasliterarias.es\/index.php?rest_route=\/wp\/v2\/types\/post"}],"author":[{"embeddable":true,"href":"https:\/\/www.cronicasliterarias.es\/index.php?rest_route=\/wp\/v2\/users\/4"}],"replies":[{"embeddable":true,"href":"https:\/\/www.cronicasliterarias.es\/index.php?rest_route=%2Fwp%2Fv2%2Fcomments&post=19181"}],"version-history":[{"count":3,"href":"https:\/\/www.cronicasliterarias.es\/index.php?rest_route=\/wp\/v2\/posts\/19181\/revisions"}],"predecessor-version":[{"id":19190,"href":"https:\/\/www.cronicasliterarias.es\/index.php?rest_route=\/wp\/v2\/posts\/19181\/revisions\/19190"}],"wp:attachment":[{"href":"https:\/\/www.cronicasliterarias.es\/index.php?rest_route=%2Fwp%2Fv2%2Fmedia&parent=19181"}],"wp:term":[{"taxonomy":"category","embeddable":true,"href":"https:\/\/www.cronicasliterarias.es\/index.php?rest_route=%2Fwp%2Fv2%2Fcategories&post=19181"},{"taxonomy":"post_tag","embeddable":true,"href":"https:\/\/www.cronicasliterarias.es\/index.php?rest_route=%2Fwp%2Fv2%2Ftags&post=19181"}],"curies":[{"name":"wp","href":"https:\/\/api.w.org\/{rel}","templated":true}]}}