{"id":19199,"date":"2025-07-30T00:05:00","date_gmt":"2025-07-30T00:05:00","guid":{"rendered":"https:\/\/www.cronicasliterarias.es\/?p=19199"},"modified":"2025-07-30T07:26:43","modified_gmt":"2025-07-30T07:26:43","slug":"resena-pigalle-1950","status":"publish","type":"post","link":"https:\/\/www.cronicasliterarias.es\/?p=19199","title":{"rendered":"Rese\u00f1a: Pigalle, 1950, de Pierre Christin y Jean-Michel Arroyo"},"content":{"rendered":"<p align=\"JUSTIFY\"><img loading=\"lazy\" decoding=\"async\" class=\"alignleft  wp-image-19201\" src=\"https:\/\/www.cronicasliterarias.es\/wp-content\/uploads\/2025\/07\/pigalle1950-232x300.jpg\" alt=\"\" width=\"210\" height=\"272\" srcset=\"https:\/\/www.cronicasliterarias.es\/wp-content\/uploads\/2025\/07\/pigalle1950-232x300.jpg 232w, https:\/\/www.cronicasliterarias.es\/wp-content\/uploads\/2025\/07\/pigalle1950-790x1024.jpg 790w, https:\/\/www.cronicasliterarias.es\/wp-content\/uploads\/2025\/07\/pigalle1950-768x995.jpg 768w, https:\/\/www.cronicasliterarias.es\/wp-content\/uploads\/2025\/07\/pigalle1950.jpg 1056w\" sizes=\"auto, (max-width: 210px) 100vw, 210px\" \/>Pierre Christin y Jean-Michel Arroyo reviven el barrio de Butte Montmartre, siguiendo la vida de un joven provinciano que llega a Par\u00eds y se integra gradualmente en el ambiente, sin empu\u00f1ar un arma ni cometer ning\u00fan acto vand\u00e1lico. Los autores crean una notable reconstrucci\u00f3n visual, con total discreci\u00f3n, y evocan diversas facetas de esta \u00e9poca, de este ambiente, tambi\u00e9n sin recurrir a artificios espectaculares. En <em>Pigalle, 1950<\/em> vamos a seguir con gusto a Antoine, su primer amor, su descubrimiento del mundo del cabaret, su participaci\u00f3n m\u00e1s bien perif\u00e9rica que directa en los asuntos, sin dejarse enga\u00f1ar por las actividades ilegales del due\u00f1o del cabaret y su pandilla. Por un lado, se aprecia esta narraci\u00f3n pragm\u00e1tica, sin romanticismo ni cinismo artificiales; por otro, puede desconcertarle este ritmo tranquilo y casi sereno. Pero es un ingenuo, y con \u00e9l basta.<\/p>\n<p align=\"JUSTIFY\">Norma Editorial lleva a las novedades de c\u00f3mic europeo de este pa\u00eds un volumen con una historia completa, independiente de cualquier otra. Una historia escrita por el siempre genial Pierre Christin y dibujada coloreada por Jean-Michel Arroyo. Una tira c\u00f3mica a dos colores de algo m\u00e1s de cien p\u00e1ginas que nos llevan a diferentes lugares del Par\u00eds de 1950: el cine Gaumont-Palace en la rue Caulaincourt n.\u00b0 1, el Museo de Historia Natural <img loading=\"lazy\" decoding=\"async\" class=\"alignright  wp-image-19203\" src=\"https:\/\/www.cronicasliterarias.es\/wp-content\/uploads\/2025\/07\/pigalle19501-300x177.jpg\" alt=\"\" width=\"173\" height=\"102\" srcset=\"https:\/\/www.cronicasliterarias.es\/wp-content\/uploads\/2025\/07\/pigalle19501-300x177.jpg 300w, https:\/\/www.cronicasliterarias.es\/wp-content\/uploads\/2025\/07\/pigalle19501-1024x604.jpg 1024w, https:\/\/www.cronicasliterarias.es\/wp-content\/uploads\/2025\/07\/pigalle19501-768x453.jpg 768w, https:\/\/www.cronicasliterarias.es\/wp-content\/uploads\/2025\/07\/pigalle19501.jpg 1108w\" sizes=\"auto, (max-width: 173px) 100vw, 173px\" \/>en el Jardin des Plantes, el circo M\u00e9drano en el bulevar Rochechouart n.\u00b0 63, las f\u00e1bricas de Citro\u00ebn en el quai de Javel, el Caf\u00e9 de Flore en el bulevar Saint-Germain n.\u00b0 172, el Parc des Buttes-Chaumont en la rue Botzaris n.\u00b0 1, la f\u00e1brica de gas de la Plaine Saint-Denis, el Pont Royal visto desde la pasarela Solf\u00e9rino, la \u00cele Saint-Lois y el Pont Louis-Philippe. Donde, no obstante, nos vamos a los a\u00f1os 80, una tarde lluviosa, cuando Antoine, de unos cincuenta a\u00f1os, toma el funicular de Montmartre. Sale de la casa y da un paseo por el barrio, por calles que frecuentaba, hasta llegar a la avenida Junot. Mucho antes, se hab\u00eda marchado al final del verano, justo el d\u00eda de su decimoctavo cumplea\u00f1os. Aparte del peque\u00f1o graznido del busardo que ten\u00eda delante, ni un sonido. Su \u00fanica novia en la meseta de Aubrac. Entonces&#8230;, \u00bfse habr\u00eda dado cuenta de que se marchaba para siempre? A los dem\u00e1s les costaba creerlo. Los cuatro llevaban varios a\u00f1os all\u00ed arriba, haciendo queso como cada verano. Comiendo tocino rancio y pan duro mientras beb\u00edan leche sin ver a nadie durante d\u00edas y d\u00edas les parec\u00eda bien. Como era el m\u00e1s joven del equipo, era el encargado de los cerdos y la basura. Pero todo eso se hab\u00eda acabado para \u00e9l.<\/p>\n<p align=\"JUSTIFY\"><img loading=\"lazy\" decoding=\"async\" class=\"alignleft  wp-image-19205\" src=\"https:\/\/www.cronicasliterarias.es\/wp-content\/uploads\/2025\/07\/pigalle19502-300x225.jpg\" alt=\"\" width=\"152\" height=\"114\" srcset=\"https:\/\/www.cronicasliterarias.es\/wp-content\/uploads\/2025\/07\/pigalle19502-300x225.jpg 300w, https:\/\/www.cronicasliterarias.es\/wp-content\/uploads\/2025\/07\/pigalle19502-1024x767.jpg 1024w, https:\/\/www.cronicasliterarias.es\/wp-content\/uploads\/2025\/07\/pigalle19502-768x576.jpg 768w, https:\/\/www.cronicasliterarias.es\/wp-content\/uploads\/2025\/07\/pigalle19502.jpg 1449w\" sizes=\"auto, (max-width: 152px) 100vw, 152px\" \/>Esta es la historia de un joven del Macizo Central que llega a Par\u00eds y aprende sobre la vida en el barrio de Montmartre. Para qui\u00e9n no lo sepa, un sitio chungo, un barrio bajo, un submundo criminal. Me gust\u00f3 que el estilo narrativo mantiene al lector a cierta distancia. La escena introductoria transcurre en los 80: tres p\u00e1ginas, dos de las cuales son mudas, y el c\u00f3mic termina con una secuencia de tres p\u00e1ginas que las evoca. El autor comienza, pues, con un recurso que indica que la historia transcurre en el pasado, que trata de acontecimientos pasados y ya conocidos. Esto produce un efecto inicial de distanciamiento. Pero poco despu\u00e9s, el autor retorna al modo de comentario del protagonista mayor en recuadros para aportar informaci\u00f3n adicional lo que hace que la historia te absorba. El guionista da la impresi\u00f3n de contar una historia muy simple, muy lineal, muy f\u00e1cil de leer, sin mucha sustancia. Pero, en retrospectiva, el lector puede enumerar los diferentes componentes de la reconstrucci\u00f3n hist\u00f3rica: la vida en la meseta de Aubrac, los bougnats, el cabaret y sus artistas, as\u00ed como su heterog\u00e9nea clientela, el tr\u00e1fico, tanto a peque\u00f1a como a gran escala, la evoluci\u00f3n de los espect\u00e1culos de cabaret, la evoluci\u00f3n de la geopol\u00edtica y, en particular, la situaci\u00f3n en Argelia.<\/p>\n<p align=\"JUSTIFY\"><img loading=\"lazy\" decoding=\"async\" class=\"alignright  wp-image-19204\" src=\"https:\/\/www.cronicasliterarias.es\/wp-content\/uploads\/2025\/07\/pigalle19503-300x180.jpg\" alt=\"\" width=\"165\" height=\"99\" srcset=\"https:\/\/www.cronicasliterarias.es\/wp-content\/uploads\/2025\/07\/pigalle19503-300x180.jpg 300w, https:\/\/www.cronicasliterarias.es\/wp-content\/uploads\/2025\/07\/pigalle19503-1024x615.jpg 1024w, https:\/\/www.cronicasliterarias.es\/wp-content\/uploads\/2025\/07\/pigalle19503-768x461.jpg 768w, https:\/\/www.cronicasliterarias.es\/wp-content\/uploads\/2025\/07\/pigalle19503.jpg 1093w\" sizes=\"auto, (max-width: 165px) 100vw, 165px\" \/>No hay intenci\u00f3n de hacerte llorar, pero aqu\u00ed hay una oda a la nostalgia que brota de un c\u00f3mic como en pocas historias se han visto.<\/p>\n<p align=\"JUSTIFY\">Gran sorpresa.<\/p>\n","protected":false},"excerpt":{"rendered":"<p>Pierre Christin y Jean-Michel Arroyo reviven el barrio de Butte Montmartre, siguiendo la vida de un joven provinciano que llega a Par\u00eds y se integra gradualmente en el ambiente, sin empu\u00f1ar un arma ni cometer ning\u00fan acto vand\u00e1lico. Los autores crean una notable reconstrucci\u00f3n visual, con total discreci\u00f3n, y evocan diversas facetas de esta \u00e9poca, [&hellip;]<\/p>\n","protected":false},"author":4,"featured_media":0,"comment_status":"closed","ping_status":"closed","sticky":false,"template":"","format":"standard","meta":{"footnotes":""},"categories":[53,44,30,6],"tags":[472,11,22,10],"class_list":["post-19199","post","type-post","status-publish","format-standard","hentry","category-bd","category-comic-europeo","category-norma-editorial","category-resenas","tag-comic-europeo-2025","tag-j-j-castillo","tag-norma-editorial","tag-resenas"],"_links":{"self":[{"href":"https:\/\/www.cronicasliterarias.es\/index.php?rest_route=\/wp\/v2\/posts\/19199","targetHints":{"allow":["GET"]}}],"collection":[{"href":"https:\/\/www.cronicasliterarias.es\/index.php?rest_route=\/wp\/v2\/posts"}],"about":[{"href":"https:\/\/www.cronicasliterarias.es\/index.php?rest_route=\/wp\/v2\/types\/post"}],"author":[{"embeddable":true,"href":"https:\/\/www.cronicasliterarias.es\/index.php?rest_route=\/wp\/v2\/users\/4"}],"replies":[{"embeddable":true,"href":"https:\/\/www.cronicasliterarias.es\/index.php?rest_route=%2Fwp%2Fv2%2Fcomments&post=19199"}],"version-history":[{"count":5,"href":"https:\/\/www.cronicasliterarias.es\/index.php?rest_route=\/wp\/v2\/posts\/19199\/revisions"}],"predecessor-version":[{"id":19211,"href":"https:\/\/www.cronicasliterarias.es\/index.php?rest_route=\/wp\/v2\/posts\/19199\/revisions\/19211"}],"wp:attachment":[{"href":"https:\/\/www.cronicasliterarias.es\/index.php?rest_route=%2Fwp%2Fv2%2Fmedia&parent=19199"}],"wp:term":[{"taxonomy":"category","embeddable":true,"href":"https:\/\/www.cronicasliterarias.es\/index.php?rest_route=%2Fwp%2Fv2%2Fcategories&post=19199"},{"taxonomy":"post_tag","embeddable":true,"href":"https:\/\/www.cronicasliterarias.es\/index.php?rest_route=%2Fwp%2Fv2%2Ftags&post=19199"}],"curies":[{"name":"wp","href":"https:\/\/api.w.org\/{rel}","templated":true}]}}