{"id":19222,"date":"2025-07-31T00:05:00","date_gmt":"2025-07-31T00:05:00","guid":{"rendered":"https:\/\/www.cronicasliterarias.es\/?p=19222"},"modified":"2025-07-31T08:45:10","modified_gmt":"2025-07-31T08:45:10","slug":"resena-clasicos-marvel-de-la-literatura","status":"publish","type":"post","link":"https:\/\/www.cronicasliterarias.es\/?p=19222","title":{"rendered":"Rese\u00f1a: Cl\u00e1sicos Marvel de la Literatura, de VVAA"},"content":{"rendered":"<p align=\"JUSTIFY\"><img loading=\"lazy\" decoding=\"async\" class=\"alignright  wp-image-19224\" src=\"https:\/\/www.cronicasliterarias.es\/wp-content\/uploads\/2025\/07\/clasicos-marvel-de-la-literatura-parte-1-201x300.jpg\" alt=\"\" width=\"176\" height=\"263\" srcset=\"https:\/\/www.cronicasliterarias.es\/wp-content\/uploads\/2025\/07\/clasicos-marvel-de-la-literatura-parte-1-201x300.jpg 201w, https:\/\/www.cronicasliterarias.es\/wp-content\/uploads\/2025\/07\/clasicos-marvel-de-la-literatura-parte-1.jpg 508w\" sizes=\"auto, (max-width: 176px) 100vw, 176px\" \/>Han sido no uno, sino dos, los geniales Marvel Limited Edition de <em>Cl\u00e1sicos Marvel de la Literatura<\/em> los que SD y Panini C\u00f3mics han tra\u00eddo hace nada a librer\u00edas. Dos magn\u00edficas obras, dos portentosos tomos con historias que sinceramente jam\u00e1s cre\u00eda ver, a estas alturas, en nuestro idioma; todas las historias recopiladas y llevaderas. Dos gozadas de tomos con destacables resultados gr\u00e1ficos de la mano de grandes ilustradores setenteros y ochenteros donde destacan, sobre todo, y en mi opini\u00f3n, las historias de horror gr\u00e1fico, y tambi\u00e9n joyitas notables que no esperaba como la de <em>Ivanhoe<\/em> que es de notable m\u00ednimo la adaptaci\u00f3n.<\/p>\n<p align=\"JUSTIFY\">El primero de los dos vol\u00famenes que recoge estas historias cl\u00e1sicas al m\u00e1s puro estilo de La Casa de las Ideas cuenta con las adaptaciones de <em>El \u00faltimo mohicano<\/em>, de James Fenimore Cooper, <em>La guerra de los mundos<\/em> y <em>El alimento de los dioses<\/em>, de H.G. Wells, <em>La isla del tesoro<\/em>, de Robert Louis Stevenson, la joyita <em>Ivanhoe<\/em>, de Sir Walter Scott, <em>El conde de Montecristo<\/em>, de Alejandro Dumas, <em>La Odisea<\/em>, de Homero, <em>Robinson Crusoe<\/em>, de Daniel Dafoe, <em>Frankenstein<\/em>, de Mary Shelley, <em>El amo del mundo<\/em>, de Julio Verne, otra chulada como es <em>La piedra lunar<\/em>, de Wilkie Collins y <em>Ella<\/em>, de H. Rider Haggard; una historia que no <img loading=\"lazy\" decoding=\"async\" class=\"alignleft  wp-image-19225\" src=\"https:\/\/www.cronicasliterarias.es\/wp-content\/uploads\/2025\/07\/clasicos-marvel-de-la-literatura-parte-11-300x257.jpg\" alt=\"\" width=\"117\" height=\"100\" srcset=\"https:\/\/www.cronicasliterarias.es\/wp-content\/uploads\/2025\/07\/clasicos-marvel-de-la-literatura-parte-11-300x257.jpg 300w, https:\/\/www.cronicasliterarias.es\/wp-content\/uploads\/2025\/07\/clasicos-marvel-de-la-literatura-parte-11.jpg 500w\" sizes=\"auto, (max-width: 117px) 100vw, 117px\" \/>conoc\u00eda y que me atrap\u00f3 y ya la estoy buscando para leer en el formato original literario.<\/p>\n<p align=\"JUSTIFY\">El segundo de los dos vol\u00famenes recoge <em>El hombre invisible<\/em> y <em>Los primeros hombres en la luna<\/em>, de H. G. Wells, <em>La Iliada<\/em>, de Homero, <em>Secuestrado<\/em>, de Robert L. Stevenson, el siempre magn\u00edfico <em>El pozo y el p\u00e9ndulo<\/em>, del maestro Edgar Allan Poe, <em>El prisionero de Zenda<\/em>, de Anthony Hope, <em>Las mil y una noches<\/em>, <em>Colmillo Blanco<\/em>, de Jack London, <em>El pr\u00edncipe y el mendigo<\/em>, de Mark Twain, <em>Robin Hood<\/em>,<em> Alicia en el Pa\u00eds de las Maravillas<\/em>, de Lewis Carroll y <em>Cuento de Navidad<\/em>, de Charles Dickens. Es decir, toda una serie de historias que jam\u00e1s pens\u00e9 y dir\u00eda que pensaste ver en formato c\u00f3mic, y al estilo Marvel.<\/p>\n<p align=\"JUSTIFY\"><img loading=\"lazy\" decoding=\"async\" class=\"alignright  wp-image-19227\" src=\"https:\/\/www.cronicasliterarias.es\/wp-content\/uploads\/2025\/07\/clasicos-marvel-de-la-literatura-parte-2-192x300.jpg\" alt=\"\" width=\"93\" height=\"146\" srcset=\"https:\/\/www.cronicasliterarias.es\/wp-content\/uploads\/2025\/07\/clasicos-marvel-de-la-literatura-parte-2-192x300.jpg 192w, https:\/\/www.cronicasliterarias.es\/wp-content\/uploads\/2025\/07\/clasicos-marvel-de-la-literatura-parte-2.jpg 486w\" sizes=\"auto, (max-width: 93px) 100vw, 93px\" \/>Todo guionizado por geniales maestros e ilustrado por grandes como Doug Moench, Dino Castrillo, Chris Claremont, Bill Mantlo, John Warner&#8230;, y es que a finales de los 70s, respetados guionistas y dibujantes de la factor\u00eda unieron fuerzas para adaptar las historias m\u00e1s famosas del mundo al formato c\u00f3mic. Desde relatos de aventuras a cl\u00e1sicos del terror, de la poes\u00eda cl\u00e1sica a la ciencia ficci\u00f3n. Adaptaciones que pod\u00e9is encontrar en sendos vol\u00famenes como estos y con los que me atrevo a decir que vais a pasar grandes tardes o noches de lecturas veraniegas. Al menos, eso es lo que me acaban de aportar a m\u00ed.<\/p>\n<p align=\"JUSTIFY\">C\u00f3mics de historias originales contenidas que son de indiscutible calidad pero escritas para diferentes generaciones.<\/p>\n<p align=\"JUSTIFY\">Pero adaptaciones por las que no pasa el tiempo. Y quiz\u00e1s a mi me han encantado porque crec\u00ed con muchas de estas historias en formato novelita de <img loading=\"lazy\" decoding=\"async\" class=\"alignleft  wp-image-19226\" src=\"https:\/\/www.cronicasliterarias.es\/wp-content\/uploads\/2025\/07\/clasicos-marvel-de-la-literatura-parte-22-264x300.jpg\" alt=\"\" width=\"90\" height=\"102\" srcset=\"https:\/\/www.cronicasliterarias.es\/wp-content\/uploads\/2025\/07\/clasicos-marvel-de-la-literatura-parte-22-264x300.jpg 264w, https:\/\/www.cronicasliterarias.es\/wp-content\/uploads\/2025\/07\/clasicos-marvel-de-la-literatura-parte-22.jpg 299w\" sizes=\"auto, (max-width: 90px) 100vw, 90px\" \/>aventuras que en su d\u00eda explotaron mi imaginaci\u00f3n y ahora las veo reflejadas en este tremendo vi\u00f1etario que se acaba de publicar. <em>Marvel Classics Comics<\/em> los tenemos ahora en dos tochos que nadie deber\u00eda perderse.<\/p>\n","protected":false},"excerpt":{"rendered":"<p>Han sido no uno, sino dos, los geniales Marvel Limited Edition de Cl\u00e1sicos Marvel de la Literatura los que SD y Panini C\u00f3mics han tra\u00eddo hace nada a librer\u00edas. Dos magn\u00edficas obras, dos portentosos tomos con historias que sinceramente jam\u00e1s cre\u00eda ver, a estas alturas, en nuestro idioma; todas las historias recopiladas y llevaderas. Dos [&hellip;]<\/p>\n","protected":false},"author":4,"featured_media":0,"comment_status":"closed","ping_status":"closed","sticky":false,"template":"","format":"standard","meta":{"footnotes":""},"categories":[33,49,236,382,28,6,87,8],"tags":[11,86,218,10,85],"class_list":["post-19222","post","type-post","status-publish","format-standard","hentry","category-ciencia-ficcion","category-comics","category-drama","category-marvel","category-panini-comics","category-resenas","category-sd","category-terror","tag-j-j-castillo","tag-marvel-limited-edition","tag-panini-comics-marvel","tag-resenas","tag-sd"],"_links":{"self":[{"href":"https:\/\/www.cronicasliterarias.es\/index.php?rest_route=\/wp\/v2\/posts\/19222","targetHints":{"allow":["GET"]}}],"collection":[{"href":"https:\/\/www.cronicasliterarias.es\/index.php?rest_route=\/wp\/v2\/posts"}],"about":[{"href":"https:\/\/www.cronicasliterarias.es\/index.php?rest_route=\/wp\/v2\/types\/post"}],"author":[{"embeddable":true,"href":"https:\/\/www.cronicasliterarias.es\/index.php?rest_route=\/wp\/v2\/users\/4"}],"replies":[{"embeddable":true,"href":"https:\/\/www.cronicasliterarias.es\/index.php?rest_route=%2Fwp%2Fv2%2Fcomments&post=19222"}],"version-history":[{"count":4,"href":"https:\/\/www.cronicasliterarias.es\/index.php?rest_route=\/wp\/v2\/posts\/19222\/revisions"}],"predecessor-version":[{"id":19232,"href":"https:\/\/www.cronicasliterarias.es\/index.php?rest_route=\/wp\/v2\/posts\/19222\/revisions\/19232"}],"wp:attachment":[{"href":"https:\/\/www.cronicasliterarias.es\/index.php?rest_route=%2Fwp%2Fv2%2Fmedia&parent=19222"}],"wp:term":[{"taxonomy":"category","embeddable":true,"href":"https:\/\/www.cronicasliterarias.es\/index.php?rest_route=%2Fwp%2Fv2%2Fcategories&post=19222"},{"taxonomy":"post_tag","embeddable":true,"href":"https:\/\/www.cronicasliterarias.es\/index.php?rest_route=%2Fwp%2Fv2%2Ftags&post=19222"}],"curies":[{"name":"wp","href":"https:\/\/api.w.org\/{rel}","templated":true}]}}