{"id":19462,"date":"2025-09-10T00:05:00","date_gmt":"2025-09-10T00:05:00","guid":{"rendered":"https:\/\/www.cronicasliterarias.es\/?p=19462"},"modified":"2025-09-10T07:52:21","modified_gmt":"2025-09-10T07:52:21","slug":"resena-las-guerras-silenciosas-de-jaime-martin","status":"publish","type":"post","link":"https:\/\/www.cronicasliterarias.es\/?p=19462","title":{"rendered":"Rese\u00f1a: Las Guerras Silenciosas"},"content":{"rendered":"<p align=\"JUSTIFY\"><img loading=\"lazy\" decoding=\"async\" class=\"alignleft  wp-image-19464\" src=\"https:\/\/www.cronicasliterarias.es\/wp-content\/uploads\/2025\/09\/lasguerrassilenciosas-227x300.jpg\" alt=\"\" width=\"215\" height=\"284\" srcset=\"https:\/\/www.cronicasliterarias.es\/wp-content\/uploads\/2025\/09\/lasguerrassilenciosas-227x300.jpg 227w, https:\/\/www.cronicasliterarias.es\/wp-content\/uploads\/2025\/09\/lasguerrassilenciosas-774x1024.jpg 774w, https:\/\/www.cronicasliterarias.es\/wp-content\/uploads\/2025\/09\/lasguerrassilenciosas-768x1016.jpg 768w, https:\/\/www.cronicasliterarias.es\/wp-content\/uploads\/2025\/09\/lasguerrassilenciosas.jpg 1036w\" sizes=\"auto, (max-width: 215px) 100vw, 215px\" \/>Cuando le\u00ed por primera vez <em>Las guerras silenciosas,<\/em> de Jaime Mart\u00edn, recuerdo que fue un \u00abno est\u00e1 mal\u00bb. Pero una relectura reciente ahora que Norma Editorial vuelve a sacarlo a la palestra, me ha impulsado a subirlo de nivel. Porque disfrut\u00e9 mucho de esta especie de puesta en el abismo en la que el autor se retrata a s\u00ed mismo a la vez que ilustra el servicio militar que tuvo su padre. Y es que quiz\u00e1s estamos ante un t\u00edtulo que se valora m\u00e1s y aprecia cuanto m\u00e1s nivel de madurez tengas. Una estructura que aporta un tema adicional al c\u00f3mic, ya que, adem\u00e1s del aspecto hist\u00f3rico, tambi\u00e9n aborda la ansiedad del escritor&#8230; y nos permite comparar dos \u00e9pocas: una en la que no tuvimos la oportunidad de hacernos preguntas y otra en la que hemos terminado dudando de todo. Hasta que finalmente, el lector m\u00ednimamente atento notar\u00e1 todo el trabajo de construcci\u00f3n realizado por Jaime Mart\u00edn durante la creaci\u00f3n del c\u00f3mic donde no duda en mostrar los cambios que introduce en la historia tras cuestionarse la relevancia de la simple evocaci\u00f3n del servicio militar obligatorio al que fue sometido su padre, y el de muchos de los que and\u00e1is por aqu\u00ed.<\/p>\n<p align=\"JUSTIFY\">Y a continuaci\u00f3n viene la relaci\u00f3n padre-hijo. Una relaci\u00f3n que sent\u00ed evolucionar a lo largo de la historia. Al principio, Jaime Mart\u00edn parece retomar el tema del c\u00f3mic (la mili) por desesperaci\u00f3n, temiendo tropezar con una historia sin sentido. Pero a medida que pasan las p\u00e1ginas, sientes que su perspectiva cambia, como si descubriera a un padre completamente diferente al que conoc\u00eda. Esto genera <img loading=\"lazy\" decoding=\"async\" class=\"alignright  wp-image-19465\" src=\"https:\/\/www.cronicasliterarias.es\/wp-content\/uploads\/2025\/09\/lasguerrassilenciosas01-300x197.jpeg\" alt=\"\" width=\"132\" height=\"87\" srcset=\"https:\/\/www.cronicasliterarias.es\/wp-content\/uploads\/2025\/09\/lasguerrassilenciosas01-300x197.jpeg 300w, https:\/\/www.cronicasliterarias.es\/wp-content\/uploads\/2025\/09\/lasguerrassilenciosas01.jpeg 349w\" sizes=\"auto, (max-width: 132px) 100vw, 132px\" \/>una especie de respeto, pero tambi\u00e9n una fuente de preguntas y un motivo de di\u00e1logo. Y aunque su padre parec\u00eda molestarlo profundamente al principio de la historia, Jaime Mart\u00edn busca cada vez m\u00e1s su contacto con \u00e9l a medida que avanza la historia. La esencia de la obra es el contexto hist\u00f3rico que evoca una guerra moderna olvidada. Pero tambi\u00e9n muestra la brecha que puede existir entre una situaci\u00f3n real y la forma en que se relatan los hechos, ya sea en los medios de comunicaci\u00f3n o en nuestras clases de historia.<\/p>\n<p align=\"JUSTIFY\">Fue en En 2014 cuando Jaime Mart\u00edn dio la campanada con una novela gr\u00e1fica muy personal que es parte memoria familiar, parte cr\u00f3nica hist\u00f3rica de una generaci\u00f3n asfixiada por el franquismo, y que nuevamente se presenta en librer\u00edas con una edici\u00f3n revisada y ampliada con un dossier in\u00e9dito. Y con dibujos, muy limpios y legibles que garantizan una lectura f\u00e1cil y envolvente, y que provocan y <img loading=\"lazy\" decoding=\"async\" class=\"alignleft  wp-image-19467\" src=\"https:\/\/www.cronicasliterarias.es\/wp-content\/uploads\/2025\/09\/lasguerrassilenciosas03-300x196.jpeg\" alt=\"\" width=\"152\" height=\"99\" srcset=\"https:\/\/www.cronicasliterarias.es\/wp-content\/uploads\/2025\/09\/lasguerrassilenciosas03-300x196.jpeg 300w, https:\/\/www.cronicasliterarias.es\/wp-content\/uploads\/2025\/09\/lasguerrassilenciosas03-768x503.jpeg 768w, https:\/\/www.cronicasliterarias.es\/wp-content\/uploads\/2025\/09\/lasguerrassilenciosas03.jpeg 1019w\" sizes=\"auto, (max-width: 152px) 100vw, 152px\" \/>que alabes el buen c\u00f3mic europeo que tambi\u00e9n brota de nuestro pa\u00eds. Con una secci\u00f3n de fotograf\u00edas al final que anclan la historia m\u00e1s a la realidad.<\/p>\n<p align=\"JUSTIFY\">Un t\u00edtulo indispensable que ha cruzado fronteras.<\/p>\n","protected":false},"excerpt":{"rendered":"<p>Cuando le\u00ed por primera vez Las guerras silenciosas, de Jaime Mart\u00edn, recuerdo que fue un \u00abno est\u00e1 mal\u00bb. Pero una relectura reciente ahora que Norma Editorial vuelve a sacarlo a la palestra, me ha impulsado a subirlo de nivel. Porque disfrut\u00e9 mucho de esta especie de puesta en el abismo en la que el autor [&hellip;]<\/p>\n","protected":false},"author":4,"featured_media":0,"comment_status":"closed","ping_status":"closed","sticky":false,"template":"","format":"standard","meta":{"footnotes":""},"categories":[53,204,44,30,6],"tags":[472,11,22,10],"class_list":["post-19462","post","type-post","status-publish","format-standard","hentry","category-bd","category-belico","category-comic-europeo","category-norma-editorial","category-resenas","tag-comic-europeo-2025","tag-j-j-castillo","tag-norma-editorial","tag-resenas"],"_links":{"self":[{"href":"https:\/\/www.cronicasliterarias.es\/index.php?rest_route=\/wp\/v2\/posts\/19462","targetHints":{"allow":["GET"]}}],"collection":[{"href":"https:\/\/www.cronicasliterarias.es\/index.php?rest_route=\/wp\/v2\/posts"}],"about":[{"href":"https:\/\/www.cronicasliterarias.es\/index.php?rest_route=\/wp\/v2\/types\/post"}],"author":[{"embeddable":true,"href":"https:\/\/www.cronicasliterarias.es\/index.php?rest_route=\/wp\/v2\/users\/4"}],"replies":[{"embeddable":true,"href":"https:\/\/www.cronicasliterarias.es\/index.php?rest_route=%2Fwp%2Fv2%2Fcomments&post=19462"}],"version-history":[{"count":4,"href":"https:\/\/www.cronicasliterarias.es\/index.php?rest_route=\/wp\/v2\/posts\/19462\/revisions"}],"predecessor-version":[{"id":19470,"href":"https:\/\/www.cronicasliterarias.es\/index.php?rest_route=\/wp\/v2\/posts\/19462\/revisions\/19470"}],"wp:attachment":[{"href":"https:\/\/www.cronicasliterarias.es\/index.php?rest_route=%2Fwp%2Fv2%2Fmedia&parent=19462"}],"wp:term":[{"taxonomy":"category","embeddable":true,"href":"https:\/\/www.cronicasliterarias.es\/index.php?rest_route=%2Fwp%2Fv2%2Fcategories&post=19462"},{"taxonomy":"post_tag","embeddable":true,"href":"https:\/\/www.cronicasliterarias.es\/index.php?rest_route=%2Fwp%2Fv2%2Ftags&post=19462"}],"curies":[{"name":"wp","href":"https:\/\/api.w.org\/{rel}","templated":true}]}}