{"id":19769,"date":"2025-10-24T00:05:00","date_gmt":"2025-10-24T00:05:00","guid":{"rendered":"https:\/\/www.cronicasliterarias.es\/?p=19769"},"modified":"2025-10-25T08:04:09","modified_gmt":"2025-10-25T08:04:09","slug":"resena-el-bosque-en-pleno-invierno","status":"publish","type":"post","link":"https:\/\/www.cronicasliterarias.es\/?p=19769","title":{"rendered":"Rese\u00f1a: El Bosque en Pleno Invierno"},"content":{"rendered":"<p align=\"JUSTIFY\"><img loading=\"lazy\" decoding=\"async\" class=\"alignleft  wp-image-19771\" src=\"https:\/\/www.cronicasliterarias.es\/wp-content\/uploads\/2025\/10\/el-bosque-en-pleno-invierno-186x300.jpg\" alt=\"\" width=\"176\" height=\"284\" srcset=\"https:\/\/www.cronicasliterarias.es\/wp-content\/uploads\/2025\/10\/el-bosque-en-pleno-invierno-186x300.jpg 186w, https:\/\/www.cronicasliterarias.es\/wp-content\/uploads\/2025\/10\/el-bosque-en-pleno-invierno-634x1024.jpg 634w, https:\/\/www.cronicasliterarias.es\/wp-content\/uploads\/2025\/10\/el-bosque-en-pleno-invierno-768x1241.jpg 768w, https:\/\/www.cronicasliterarias.es\/wp-content\/uploads\/2025\/10\/el-bosque-en-pleno-invierno-950x1536.jpg 950w, https:\/\/www.cronicasliterarias.es\/wp-content\/uploads\/2025\/10\/el-bosque-en-pleno-invierno.jpg 1040w\" sizes=\"auto, (max-width: 176px) 100vw, 176px\" \/>Una de las historias fant\u00e1sticas que m\u00e1s se pueden disfrutar para esta \u00e9poca de fr\u00edo oto\u00f1al que se acerca es, sin duda, <em>El bosque en pleno invierno<\/em>, de la gran Susanna Clarke. Una maestra del fant\u00e1stico de todos conocida por su exitosa novela debut, <em>Jonathan Strange y el se\u00f1or Norrell,<\/em> que dio el pelotazo en 2004, una ic\u00f3nica novela de fantas\u00eda hist\u00f3rica sobre la que he escuchado muchos elogios pero que a\u00fan no he tenido el placer de leer. Y si bien me contaron que <em>El bosque en pleno invierno<\/em> se ambienta en el mismo mundo, dir\u00eda que esta novelita corta s\u00f3lo ofrece un peque\u00f1o vistazo a la versi\u00f3n alternativa de Clarke de la Inglaterra del siglo XIX y sigue a una protagonista completamente nueva. Mas, aunque no hab\u00eda le\u00eddo su obra antes, la reputaci\u00f3n de Clarke me hizo tener expectativas muy buenas sobre el cuento fant\u00e1stico que me iba a encontrar en esta nueva publicaci\u00f3n de Salamandra en nuestro pa\u00eds.<\/p>\n<p align=\"JUSTIFY\">En <em>El bosque en pleno invierno<\/em> me sorprendi\u00f3 que la magia se insin\u00fae a lo largo del libro, pero nunca se explicite, algo as\u00ed como ocurr\u00eda en la obra de George R. R. Martin. Merowdis, la protagonista de la historia, no es descrita como bruja, maga, hechicera, ni ning\u00fan otro t\u00e9rmino t\u00edpico de la Fantas\u00eda; en cambio, se lel llama Santa. Merowdis parece capaz de comunicarse con los animales y con el propio bosque, pero las menciones a tradiciones cristianas como la santidad y la Navidad mantienen la historia anclada en pr\u00e1cticas religiosas en lugar de sumergir al lector por completo en un mundo de alta fantas\u00eda. Y esa \u201cdiferencia\u201d me gust\u00f3. Aparte de Merowdis, la \u00fanica humana con di\u00e1logo en la historia es su hermana Ysolde, quien (como persona normal, no santa) nos recuerda que la magia de la historia no est\u00e1 tan alejada de nuestra propia realidad. La tensi\u00f3n entre mundos (o visiones del mundo) es un tema clave de esta novela corta. Ysolde claramente no comprende ni se identifica <img loading=\"lazy\" decoding=\"async\" class=\"alignright  wp-image-19772\" src=\"https:\/\/www.cronicasliterarias.es\/wp-content\/uploads\/2025\/10\/el-bosque-en-pleno-invierno01-300x237.jpg\" alt=\"\" width=\"170\" height=\"134\" srcset=\"https:\/\/www.cronicasliterarias.es\/wp-content\/uploads\/2025\/10\/el-bosque-en-pleno-invierno01-300x237.jpg 300w, https:\/\/www.cronicasliterarias.es\/wp-content\/uploads\/2025\/10\/el-bosque-en-pleno-invierno01-768x607.jpg 768w, https:\/\/www.cronicasliterarias.es\/wp-content\/uploads\/2025\/10\/el-bosque-en-pleno-invierno01.jpg 791w\" sizes=\"auto, (max-width: 170px) 100vw, 170px\" \/>con Merowdis, dici\u00e9ndole: \u00abDices esas cosas sagradas. Y nadie tiene ni idea de lo que dices\u00bb. Merowdis, de igual manera, reflexiona que, si bien ama profundamente a su hermana, \u00absu presencia le pesa\u00bb.<\/p>\n<p align=\"JUSTIFY\">Una trama donde el solsticio de invierno se presenta como un momento de paz y contemplaci\u00f3n, mientras la historia lleva al lector a un viaje serpenteante por un cl\u00e1sico de esos que dan algo de miedo tambi\u00e9n. Seguimos a la protagonista en su b\u00fasqueda de un lugar tranquilo para reflexionar pero tambi\u00e9n la b\u00fasqueda de la gu\u00eda de dicho bosque, donde el estilo art\u00edstico de Sawdon complementa a la perfecci\u00f3n la escritura de Clarke. Porque no hay que olvidarse de que estamos ante una precioso libro ilustrado. Adem\u00e1s, el di\u00e1logo que pronuncian los \u00e1rboles se representa como estandartes que se envuelven alrededor de sus troncos u ondean con la brisa, mostrando que no necesariamente hablan como una sola entidad, sino que hablan en armon\u00eda&#8230; Y es que aqu\u00ed conocemos a Merowdis Scot, una joven de diecinueve a\u00f1os que posee una habilidad extraordinaria y que s\u00f3lo se encuentra verdaderamente feliz cuando se adentra en los bosques. Pero una tarde de nieve, acompa\u00f1ada por sus perros y la cerda Manzana, Merowdis se encuentra con un mirlo y un zorro y al caer la noche, una enigm\u00e1tica figura se une a ellos&#8230;<\/p>\n<p align=\"JUSTIFY\"><img loading=\"lazy\" decoding=\"async\" class=\"alignleft  wp-image-19773\" src=\"https:\/\/www.cronicasliterarias.es\/wp-content\/uploads\/2025\/10\/el-bosque-en-pleno-invierno02-300x236.jpg\" alt=\"\" width=\"169\" height=\"133\" srcset=\"https:\/\/www.cronicasliterarias.es\/wp-content\/uploads\/2025\/10\/el-bosque-en-pleno-invierno02-300x236.jpg 300w, https:\/\/www.cronicasliterarias.es\/wp-content\/uploads\/2025\/10\/el-bosque-en-pleno-invierno02-768x603.jpg 768w, https:\/\/www.cronicasliterarias.es\/wp-content\/uploads\/2025\/10\/el-bosque-en-pleno-invierno02.jpg 784w\" sizes=\"auto, (max-width: 169px) 100vw, 169px\" \/>\u00bfUn encantador cuento de Navidad o incluso para Halloween que te hace reflexionar?<\/p>\n<p align=\"JUSTIFY\">\u00bfOtro t\u00edtulo disfrutable de una de las escritoras m\u00e1s brillantes actuales?<\/p>\n<p align=\"JUSTIFY\">Estoy de acuerdo.<\/p>\n","protected":false},"excerpt":{"rendered":"<p>Una de las historias fant\u00e1sticas que m\u00e1s se pueden disfrutar para esta \u00e9poca de fr\u00edo oto\u00f1al que se acerca es, sin duda, El bosque en pleno invierno, de la gran Susanna Clarke. Una maestra del fant\u00e1stico de todos conocida por su exitosa novela debut, Jonathan Strange y el se\u00f1or Norrell, que dio el pelotazo en [&hellip;]<\/p>\n","protected":false},"author":4,"featured_media":0,"comment_status":"closed","ping_status":"closed","sticky":false,"template":"","format":"standard","meta":{"footnotes":""},"categories":[34,166,6,185],"tags":[515,11,10,184],"class_list":["post-19769","post","type-post","status-publish","format-standard","hentry","category-fantasia","category-libro-ilustrado","category-resenas","category-salamandra","tag-halloween-2025","tag-j-j-castillo","tag-resenas","tag-salamandra"],"_links":{"self":[{"href":"https:\/\/www.cronicasliterarias.es\/index.php?rest_route=\/wp\/v2\/posts\/19769","targetHints":{"allow":["GET"]}}],"collection":[{"href":"https:\/\/www.cronicasliterarias.es\/index.php?rest_route=\/wp\/v2\/posts"}],"about":[{"href":"https:\/\/www.cronicasliterarias.es\/index.php?rest_route=\/wp\/v2\/types\/post"}],"author":[{"embeddable":true,"href":"https:\/\/www.cronicasliterarias.es\/index.php?rest_route=\/wp\/v2\/users\/4"}],"replies":[{"embeddable":true,"href":"https:\/\/www.cronicasliterarias.es\/index.php?rest_route=%2Fwp%2Fv2%2Fcomments&post=19769"}],"version-history":[{"count":3,"href":"https:\/\/www.cronicasliterarias.es\/index.php?rest_route=\/wp\/v2\/posts\/19769\/revisions"}],"predecessor-version":[{"id":19775,"href":"https:\/\/www.cronicasliterarias.es\/index.php?rest_route=\/wp\/v2\/posts\/19769\/revisions\/19775"}],"wp:attachment":[{"href":"https:\/\/www.cronicasliterarias.es\/index.php?rest_route=%2Fwp%2Fv2%2Fmedia&parent=19769"}],"wp:term":[{"taxonomy":"category","embeddable":true,"href":"https:\/\/www.cronicasliterarias.es\/index.php?rest_route=%2Fwp%2Fv2%2Fcategories&post=19769"},{"taxonomy":"post_tag","embeddable":true,"href":"https:\/\/www.cronicasliterarias.es\/index.php?rest_route=%2Fwp%2Fv2%2Ftags&post=19769"}],"curies":[{"name":"wp","href":"https:\/\/api.w.org\/{rel}","templated":true}]}}