{"id":19801,"date":"2025-10-28T00:05:00","date_gmt":"2025-10-28T00:05:00","guid":{"rendered":"https:\/\/www.cronicasliterarias.es\/?p=19801"},"modified":"2025-10-28T09:27:00","modified_gmt":"2025-10-28T09:27:00","slug":"resena-antes-viviamos-aqui","status":"publish","type":"post","link":"https:\/\/www.cronicasliterarias.es\/?p=19801","title":{"rendered":"Rese\u00f1a: Antes Viv\u00edamos Aqu\u00ed"},"content":{"rendered":"<p align=\"JUSTIFY\"><img loading=\"lazy\" decoding=\"async\" class=\"alignright  wp-image-19803\" src=\"https:\/\/www.cronicasliterarias.es\/wp-content\/uploads\/2025\/10\/antesviviamosaqui-210x300.jpg\" alt=\"\" width=\"194\" height=\"277\" srcset=\"https:\/\/www.cronicasliterarias.es\/wp-content\/uploads\/2025\/10\/antesviviamosaqui-210x300.jpg 210w, https:\/\/www.cronicasliterarias.es\/wp-content\/uploads\/2025\/10\/antesviviamosaqui-716x1024.jpg 716w, https:\/\/www.cronicasliterarias.es\/wp-content\/uploads\/2025\/10\/antesviviamosaqui-768x1098.jpg 768w, https:\/\/www.cronicasliterarias.es\/wp-content\/uploads\/2025\/10\/antesviviamosaqui.jpg 953w\" sizes=\"auto, (max-width: 194px) 100vw, 194px\" \/>Ya el t\u00edtulo indica m\u00e1s o menos\u00a0 de qu\u00e9 va, pero algo dentro m\u00ed quer\u00eda saber concretamente. Un libro promocionado como una historia escalofriante que me atormentar\u00eda las noches y me provocar\u00eda claustrofobia&#8230; No s\u00e9 si a una persona con tanto bagaje literario le pasar\u00eda eso pero el atractivo ya se lo hab\u00eda ganado, al menos, conmigo. Y con Halloween a la vuelta de la esquina, pues qui\u00e9n no ansia \u201cotra historia\u201d que le ponga los pelos de punta. \u00bfLa comparaci\u00f3n con <em>Dark, La casa de las hojas <\/em>o<em> Par\u00e1sitos<\/em> despert\u00f3 a\u00fan m\u00e1s mi inter\u00e9s? Algo ayud\u00f3, s\u00ed, yo disfrut\u00e9 de <em>Par\u00e1sitos<\/em> mucho antes de que se hiciera famosa por el \u00d3scar y esa premisa me pareci\u00f3 maravillosa y recomend\u00e9 mucho esa peli en su d\u00eda en versi\u00f3n original.<\/p>\n<p align=\"JUSTIFY\">Eve y Charlie, una joven pareja, acababan de comprar una casa en un pueblo apartado de Oreg\u00f3n. Un d\u00eda, mientras Charlie est\u00e1 fuera, Eve invita a rega\u00f1adientes a una familia a su casa. El hombre, Thomas, afirma que esta era la casa de su infancia y que ser\u00eda muy importante revivir buenos recuerdos. Promete que solo se quedar\u00e1n quince minutos, como m\u00e1ximo&#8230;<\/p>\n<p align=\"JUSTIFY\">Creo que es raro a qui\u00e9n no le ha pasado: intentar sacar a alguien de casa, del coche o simplemente terminar una conversaci\u00f3n con cortes\u00eda, pero la otra persona simplemente no capta la indirecta. El comienzo de <em>Antes viv\u00edamos aqu\u00ed<\/em>, crea esa momento de malestar maravillosamente bien. Y probablemente sea un aterrador recordatorio de que la autoconservaci\u00f3n siempre precede a la cortes\u00eda. Pero es que en cuanto Thomas y su familia entran en la casa, empiezan a suceder cosas extra\u00f1as. Eve intuye que no puede confiar en ellos pero es que lo que empieza a suceder&#8230; Rincones y recovecos que no estaban all\u00ed antes aparecen de la nada. Objetos aparecen y desaparecen tambi\u00e9n y cuando empieza a hacer preguntas, Thomas parec\u00eda at\u00f3nito, haci\u00e9ndole creer que est\u00e1 alucinando.<\/p>\n<p align=\"JUSTIFY\">La familia es, sin duda, lo perturbador de esta genial novela de Marcus Kliewer. El misterio tras las intenciones de la familia y los extra\u00f1os sucesos en la casa impulsan la trama. Pens\u00e9 que Eve morir\u00eda en cualquier momento, pero la historia tira por otros lares que no esperaba y eso me enganch\u00f3. Eve es una mujer enredada en una mara\u00f1a de nervios y dependencia. Thomas es un enigma, un acertijo por resolver. Pero, \u00bfesta familia son v\u00edctimas o villanos? La idea de que alguien invada tu casa y se niegue a irse, combinada con la confusi\u00f3n de la realidad, es profundamente inquietante en esta novela.<\/p>\n<p align=\"JUSTIFY\">Te har\u00e1 cerrar bien la puerta de casa duramente mucho tiempo.<\/p>\n<p align=\"JUSTIFY\">Con llave.<\/p>\n<p align=\"JUSTIFY\">Guion pronto adaptado por Netflix.<\/p>\n","protected":false},"excerpt":{"rendered":"<p>Ya el t\u00edtulo indica m\u00e1s o menos\u00a0 de qu\u00e9 va, pero algo dentro m\u00ed quer\u00eda saber concretamente. Un libro promocionado como una historia escalofriante que me atormentar\u00eda las noches y me provocar\u00eda claustrofobia&#8230; No s\u00e9 si a una persona con tanto bagaje literario le pasar\u00eda eso pero el atractivo ya se lo hab\u00eda ganado, al [&hellip;]<\/p>\n","protected":false},"author":4,"featured_media":0,"comment_status":"closed","ping_status":"closed","sticky":false,"template":"","format":"standard","meta":{"footnotes":""},"categories":[155,6,8],"tags":[515,11,156,10,471],"class_list":["post-19801","post","type-post","status-publish","format-standard","hentry","category-nocturna-ediciones","category-resenas","category-terror","tag-halloween-2025","tag-j-j-castillo","tag-nocturna-ediciones","tag-resenas","tag-terror2025"],"_links":{"self":[{"href":"https:\/\/www.cronicasliterarias.es\/index.php?rest_route=\/wp\/v2\/posts\/19801","targetHints":{"allow":["GET"]}}],"collection":[{"href":"https:\/\/www.cronicasliterarias.es\/index.php?rest_route=\/wp\/v2\/posts"}],"about":[{"href":"https:\/\/www.cronicasliterarias.es\/index.php?rest_route=\/wp\/v2\/types\/post"}],"author":[{"embeddable":true,"href":"https:\/\/www.cronicasliterarias.es\/index.php?rest_route=\/wp\/v2\/users\/4"}],"replies":[{"embeddable":true,"href":"https:\/\/www.cronicasliterarias.es\/index.php?rest_route=%2Fwp%2Fv2%2Fcomments&post=19801"}],"version-history":[{"count":2,"href":"https:\/\/www.cronicasliterarias.es\/index.php?rest_route=\/wp\/v2\/posts\/19801\/revisions"}],"predecessor-version":[{"id":19805,"href":"https:\/\/www.cronicasliterarias.es\/index.php?rest_route=\/wp\/v2\/posts\/19801\/revisions\/19805"}],"wp:attachment":[{"href":"https:\/\/www.cronicasliterarias.es\/index.php?rest_route=%2Fwp%2Fv2%2Fmedia&parent=19801"}],"wp:term":[{"taxonomy":"category","embeddable":true,"href":"https:\/\/www.cronicasliterarias.es\/index.php?rest_route=%2Fwp%2Fv2%2Fcategories&post=19801"},{"taxonomy":"post_tag","embeddable":true,"href":"https:\/\/www.cronicasliterarias.es\/index.php?rest_route=%2Fwp%2Fv2%2Ftags&post=19801"}],"curies":[{"name":"wp","href":"https:\/\/api.w.org\/{rel}","templated":true}]}}