{"id":19831,"date":"2025-11-01T00:05:00","date_gmt":"2025-11-01T00:05:00","guid":{"rendered":"https:\/\/www.cronicasliterarias.es\/?p=19831"},"modified":"2025-11-01T08:53:07","modified_gmt":"2025-11-01T08:53:07","slug":"resena-nativos-de-tiburce-oger-y-vvaa","status":"publish","type":"post","link":"https:\/\/www.cronicasliterarias.es\/?p=19831","title":{"rendered":"Rese\u00f1a: Nativos. La Sombra Negra del Hombre Blanco"},"content":{"rendered":"<p align=\"JUSTIFY\"><img loading=\"lazy\" decoding=\"async\" class=\"alignright  wp-image-19836\" src=\"https:\/\/www.cronicasliterarias.es\/wp-content\/uploads\/2025\/11\/nativos-226x300.jpg\" alt=\"\" width=\"215\" height=\"285\" srcset=\"https:\/\/www.cronicasliterarias.es\/wp-content\/uploads\/2025\/11\/nativos-226x300.jpg 226w, https:\/\/www.cronicasliterarias.es\/wp-content\/uploads\/2025\/11\/nativos-772x1024.jpg 772w, https:\/\/www.cronicasliterarias.es\/wp-content\/uploads\/2025\/11\/nativos-768x1018.jpg 768w, https:\/\/www.cronicasliterarias.es\/wp-content\/uploads\/2025\/11\/nativos-1158x1536.jpg 1158w, https:\/\/www.cronicasliterarias.es\/wp-content\/uploads\/2025\/11\/nativos.jpg 1248w\" sizes=\"auto, (max-width: 215px) 100vw, 215px\" \/>Vuelvo al c\u00f3mic europeo porque de todos es sabido que all\u00ed es donde se puede encontrar el mejor c\u00f3mic del Oeste. Y, por supuesto, en cuanto a editoriales en nuestro pa\u00eds, solo tienes que alcanzar la vista a las monta\u00f1as donde reina Norma Editorial para encontrar buen\u00edsimos t\u00edtulos de la BD como el que hoy os traigo. <em>Nativos<\/em> (<em>Indians!<\/em>), del siempre recomendable autor en este g\u00e9nero Tiburce Orge. Un \u00e1lbum que llevaba tiempo con ansias poder leer, y ahora puedo decir que ha sido todo un gustazo tenerlo entre mis manos entre mis pocos momentos libres de silloncito y caf\u00e9. Pues de ni\u00f1o, cuando jugaba a vaqueros e indios, yo era ese ni\u00f1o raruno que siempre eleg\u00eda ser un sioux, apache o comanche. Siempre sent\u00ed una fascinaci\u00f3n especial por estos pueblos que una vez gobernaron mi tierra al otro lado del charco.<\/p>\n<p align=\"JUSTIFY\"><em>Nativos<\/em> te lleva de viaje por Norteam\u00e9rica, reconstruyendo el lento exterminio de los nativos americanos desde 1540 hasta 1889. Oger entreteje con maestr\u00eda personas y acontecimientos reales en estos diecis\u00e9is relatos cortos, otorgando mayor peso a la narrativa. Porque <em>Nativos<\/em> no se trata solo de un western; es tambi\u00e9n una cr\u00f3nica hist\u00f3rica que se desarrolla a lo largo de diecis\u00e9is cap\u00edtulos. El encuentro de dos pueblos de mundos opuestos.<\/p>\n<p align=\"JUSTIFY\"><img loading=\"lazy\" decoding=\"async\" class=\"alignleft  wp-image-19838\" src=\"https:\/\/www.cronicasliterarias.es\/wp-content\/uploads\/2025\/11\/nativos02-300x196.jpg\" alt=\"\" width=\"147\" height=\"96\" srcset=\"https:\/\/www.cronicasliterarias.es\/wp-content\/uploads\/2025\/11\/nativos02-300x196.jpg 300w, https:\/\/www.cronicasliterarias.es\/wp-content\/uploads\/2025\/11\/nativos02.jpg 764w\" sizes=\"auto, (max-width: 147px) 100vw, 147px\" \/>Tiburce Oger utiliza la misma f\u00f3rmula que en <em>Go West Young Man (<a href=\"https:\/\/www.cronicasliterarias.es\/?p=14505\">https:\/\/www.cronicasliterarias.es\/?p=14505<\/a>)<\/em>; se pone al mando y se rodea de ilustradores de gran talento para la ocasi\u00f3n. Algunos ya son veteranos del g\u00e9nero western, mientras que otros debutan como Mathieu Lauffray y Laurent Hirn. Pero aqu\u00ed no hay un reloj de bolsillo como hilo conductor. El \u00e1guila sagrada de los nativos americanos cumple esa funci\u00f3n. Y tenemos con ello una narrativa magistral que sigue cronol\u00f3gicamente la decadencia de estos pueblos ind\u00edgenas, donde algunos personajes, o sus descendientes, aparecen en varias historias: buenos y malos, pero sin manique\u00edsmo. Los hechos, nada m\u00e1s que los hechos, y son inequ\u00edvocos por lo que he podido comprobar de algunos que me llamaron bastante la atenci\u00f3n. Eso si, te vendr\u00e1 a la cabeza la pregunta de siempre, la que en mi tierra nos ha perseguido desde la Elementary School o incluso desde la Early: \u00bfCu\u00e1ndo se reconocer\u00e1 este genocidio?<\/p>\n<p style=\"text-align: center;\" align=\"JUSTIFY\"><img loading=\"lazy\" decoding=\"async\" class=\"aligncenter  wp-image-19839\" src=\"https:\/\/www.cronicasliterarias.es\/wp-content\/uploads\/2025\/11\/nativos04.jpg\" alt=\"\" width=\"351\" height=\"97\" srcset=\"https:\/\/www.cronicasliterarias.es\/wp-content\/uploads\/2025\/11\/nativos04.jpg 836w, https:\/\/www.cronicasliterarias.es\/wp-content\/uploads\/2025\/11\/nativos04-300x83.jpg 300w, https:\/\/www.cronicasliterarias.es\/wp-content\/uploads\/2025\/11\/nativos04-768x212.jpg 768w\" sizes=\"auto, (max-width: 351px) 100vw, 351px\" \/><\/p>\n<p align=\"JUSTIFY\">Gr\u00e1ficamente, en este genial \u00e1lbum, hay para todos los gustos. Pero en general, os aseguro que es una pasada. Cada ilustrador aporta su toque personal manteniendo cierta cohesi\u00f3n. Adem\u00e1s, como extra, se incluye la contribuci\u00f3n de Derib.<\/p>\n<p align=\"JUSTIFY\">\u00bfY qu\u00e9 decir de la portada, con el orgulloso nativo americano en primer plano y la sombra mal\u00e9vola del hombre blanco al fondo sin olvidar el \u00e1guila sagrada? Lo dice todo.<\/p>\n<p align=\"JUSTIFY\">Magn\u00edfico. <img loading=\"lazy\" decoding=\"async\" class=\"alignright  wp-image-19840\" src=\"https:\/\/www.cronicasliterarias.es\/wp-content\/uploads\/2025\/11\/nativos01-300x129.jpg\" alt=\"\" width=\"158\" height=\"68\" srcset=\"https:\/\/www.cronicasliterarias.es\/wp-content\/uploads\/2025\/11\/nativos01-300x129.jpg 300w, https:\/\/www.cronicasliterarias.es\/wp-content\/uploads\/2025\/11\/nativos01.jpg 320w\" sizes=\"auto, (max-width: 158px) 100vw, 158px\" \/>Me parece una maravilla.<\/p>\n<p align=\"JUSTIFY\">Disfr\u00fatalo si puedes.<\/p>\n","protected":false},"excerpt":{"rendered":"<p>Vuelvo al c\u00f3mic europeo porque de todos es sabido que all\u00ed es donde se puede encontrar el mejor c\u00f3mic del Oeste. Y, por supuesto, en cuanto a editoriales en nuestro pa\u00eds, solo tienes que alcanzar la vista a las monta\u00f1as donde reina Norma Editorial para encontrar buen\u00edsimos t\u00edtulos de la BD como el que hoy [&hellip;]<\/p>\n","protected":false},"author":4,"featured_media":0,"comment_status":"closed","ping_status":"closed","sticky":false,"template":"","format":"standard","meta":{"footnotes":""},"categories":[55,53,44,30,6,95],"tags":[472,11,96,22,518,10],"class_list":["post-19831","post","type-post","status-publish","format-standard","hentry","category-antologia","category-bd","category-comic-europeo","category-norma-editorial","category-resenas","category-western","tag-comic-europeo-2025","tag-j-j-castillo","tag-lejano-oeste","tag-norma-editorial","tag-obras-de-tiburce-oger","tag-resenas"],"_links":{"self":[{"href":"https:\/\/www.cronicasliterarias.es\/index.php?rest_route=\/wp\/v2\/posts\/19831","targetHints":{"allow":["GET"]}}],"collection":[{"href":"https:\/\/www.cronicasliterarias.es\/index.php?rest_route=\/wp\/v2\/posts"}],"about":[{"href":"https:\/\/www.cronicasliterarias.es\/index.php?rest_route=\/wp\/v2\/types\/post"}],"author":[{"embeddable":true,"href":"https:\/\/www.cronicasliterarias.es\/index.php?rest_route=\/wp\/v2\/users\/4"}],"replies":[{"embeddable":true,"href":"https:\/\/www.cronicasliterarias.es\/index.php?rest_route=%2Fwp%2Fv2%2Fcomments&post=19831"}],"version-history":[{"count":6,"href":"https:\/\/www.cronicasliterarias.es\/index.php?rest_route=\/wp\/v2\/posts\/19831\/revisions"}],"predecessor-version":[{"id":19844,"href":"https:\/\/www.cronicasliterarias.es\/index.php?rest_route=\/wp\/v2\/posts\/19831\/revisions\/19844"}],"wp:attachment":[{"href":"https:\/\/www.cronicasliterarias.es\/index.php?rest_route=%2Fwp%2Fv2%2Fmedia&parent=19831"}],"wp:term":[{"taxonomy":"category","embeddable":true,"href":"https:\/\/www.cronicasliterarias.es\/index.php?rest_route=%2Fwp%2Fv2%2Fcategories&post=19831"},{"taxonomy":"post_tag","embeddable":true,"href":"https:\/\/www.cronicasliterarias.es\/index.php?rest_route=%2Fwp%2Fv2%2Ftags&post=19831"}],"curies":[{"name":"wp","href":"https:\/\/api.w.org\/{rel}","templated":true}]}}