{"id":20149,"date":"2025-12-16T00:05:00","date_gmt":"2025-12-16T00:05:00","guid":{"rendered":"https:\/\/www.cronicasliterarias.es\/?p=20149"},"modified":"2025-12-16T11:30:13","modified_gmt":"2025-12-16T11:30:13","slug":"resena-el-libro-fantasma","status":"publish","type":"post","link":"https:\/\/www.cronicasliterarias.es\/?p=20149","title":{"rendered":"Rese\u00f1a: El Libro Fantasma"},"content":{"rendered":"<p style=\"text-align: center;\" align=\"JUSTIFY\"><em><img loading=\"lazy\" decoding=\"async\" class=\"alignright  wp-image-20151\" src=\"https:\/\/www.cronicasliterarias.es\/wp-content\/uploads\/2025\/12\/ellibrofantasma-204x300.jpg\" alt=\"\" width=\"181\" height=\"266\" srcset=\"https:\/\/www.cronicasliterarias.es\/wp-content\/uploads\/2025\/12\/ellibrofantasma-204x300.jpg 204w, https:\/\/www.cronicasliterarias.es\/wp-content\/uploads\/2025\/12\/ellibrofantasma-696x1024.jpg 696w, https:\/\/www.cronicasliterarias.es\/wp-content\/uploads\/2025\/12\/ellibrofantasma-768x1130.jpg 768w, https:\/\/www.cronicasliterarias.es\/wp-content\/uploads\/2025\/12\/ellibrofantasma.jpg 930w\" sizes=\"auto, (max-width: 181px) 100vw, 181px\" \/>\u00bfCon qui\u00e9n hablas?<\/em><\/p>\n<p style=\"text-align: center;\" align=\"JUSTIFY\"><em>\u00bfUn fantasma?<\/em><\/p>\n<p style=\"text-align: center;\" align=\"JUSTIFY\"><em>Bueno, baja la voz. Esto es la Biblioteca, no el inframundo.<\/em><\/p>\n<p align=\"JUSTIFY\">Una mini idea de c\u00f3mo de bien te lo vas a pasar con esta historia. Uno de los \u00faltimos t\u00edtulos publicados por Editorial Astronave, de esos libros y lecturas hechas para que disfruten tanto j\u00f3venes como mayores. Y es que&#8230; \u00a1Ah! \u00a1Fantasmas! Los fantasmas siempre han formado parte de mi vida, como las casas embrujadas y todo lo sobrenatural. Mi peque desde muy joven no lo entend\u00eda. No entend\u00eda como a su padre le pod\u00eda gustar el Terror, pasar miedo, mirar a la oscuridad y no temerla. Y quiz\u00e1s es que una cosa lleva a la otra, \u00bfno? Bueno, ya parece ir entendi\u00e9ndolo y como su padre a su edad empieza a disfrutar esa sensaci\u00f3n tan antigua como el ser humano. Nunca olvidar\u00e9 la vez que me asust\u00e9 mientras dorm\u00eda en la litera de arriba, cubri\u00e9ndome la cabeza con las mantas y el susurro del viento. Esa sensaci\u00f3n.<\/p>\n<p align=\"JUSTIFY\"><em><img loading=\"lazy\" decoding=\"async\" class=\"alignleft  wp-image-20152\" src=\"https:\/\/www.cronicasliterarias.es\/wp-content\/uploads\/2025\/12\/ellibrofantasma01-300x134.jpg\" alt=\"\" width=\"152\" height=\"68\" srcset=\"https:\/\/www.cronicasliterarias.es\/wp-content\/uploads\/2025\/12\/ellibrofantasma01-300x134.jpg 300w, https:\/\/www.cronicasliterarias.es\/wp-content\/uploads\/2025\/12\/ellibrofantasma01-768x343.jpg 768w, https:\/\/www.cronicasliterarias.es\/wp-content\/uploads\/2025\/12\/ellibrofantasma01.jpg 879w\" sizes=\"auto, (max-width: 152px) 100vw, 152px\" \/>El Libro Fantasma<\/em> parec\u00eda uno de esos t\u00edtulos en librer\u00edas que necesitaba leer. Desde el t\u00edtulo hasta la incre\u00edble ilustraci\u00f3n de la portada&#8230;, s\u00ed, hice algo que no se supone que debemos hacer, pero me trajo hasta aqu\u00ed y siempre estar\u00e9 eternamente agradecido a la editorial por esta publicaci\u00f3n. La historia era algo nuevo dentro del mundo de los espectros. Una chica viva se une a un chico fantasma que parece meterse en experiencias cercanas a la muerte para poder encontrar la manera de mantener su forma humana. Una idea diferente, original que entretiene lo m\u00e1s grande. E incre\u00edblemente dulce porque July es de esas grandes chicas que todos queremos cerca en nuestras vidas. Demuestra una fuerza inigualable. Es esa nueva s\u00faper hero\u00edna que todos necesitamos.<\/p>\n<p align=\"JUSTIFY\">Una lectura que no debe extra\u00f1aros que la devorara de una sentada. Necesitaba saber m\u00e1s y m\u00e1s sobre esos fantasmas hambrientos y la verdad tras la vida de July. Sientes que est\u00e1s en este viaje codo con codo con July y William, intentando encontrar la verdad y <img loading=\"lazy\" decoding=\"async\" class=\"alignright  wp-image-20153\" src=\"https:\/\/www.cronicasliterarias.es\/wp-content\/uploads\/2025\/12\/ellibrofantasma02-253x300.jpg\" alt=\"\" width=\"104\" height=\"123\" srcset=\"https:\/\/www.cronicasliterarias.es\/wp-content\/uploads\/2025\/12\/ellibrofantasma02-253x300.jpg 253w, https:\/\/www.cronicasliterarias.es\/wp-content\/uploads\/2025\/12\/ellibrofantasma02.jpg 454w\" sizes=\"auto, (max-width: 104px) 100vw, 104px\" \/>sobrevivir. Y con unos dibujos ideales para este tipo de historia.<\/p>\n<p align=\"JUSTIFY\">Insisto, una lectura excelente para cualquier persona, sin importar la edad. Regalito ideal para las fechas que vienen.<\/p>\n","protected":false},"excerpt":{"rendered":"<p>\u00bfCon qui\u00e9n hablas? \u00bfUn fantasma? Bueno, baja la voz. Esto es la Biblioteca, no el inframundo. Una mini idea de c\u00f3mo de bien te lo vas a pasar con esta historia. Uno de los \u00faltimos t\u00edtulos publicados por Editorial Astronave, de esos libros y lecturas hechas para que disfruten tanto j\u00f3venes como mayores. Y es [&hellip;]<\/p>\n","protected":false},"author":4,"featured_media":0,"comment_status":"closed","ping_status":"closed","sticky":false,"template":"","format":"standard","meta":{"footnotes":""},"categories":[333,166,6,8],"tags":[332,11,10],"class_list":["post-20149","post","type-post","status-publish","format-standard","hentry","category-editorial-astronave","category-libro-ilustrado","category-resenas","category-terror","tag-editorial-astronave","tag-j-j-castillo","tag-resenas"],"_links":{"self":[{"href":"https:\/\/www.cronicasliterarias.es\/index.php?rest_route=\/wp\/v2\/posts\/20149","targetHints":{"allow":["GET"]}}],"collection":[{"href":"https:\/\/www.cronicasliterarias.es\/index.php?rest_route=\/wp\/v2\/posts"}],"about":[{"href":"https:\/\/www.cronicasliterarias.es\/index.php?rest_route=\/wp\/v2\/types\/post"}],"author":[{"embeddable":true,"href":"https:\/\/www.cronicasliterarias.es\/index.php?rest_route=\/wp\/v2\/users\/4"}],"replies":[{"embeddable":true,"href":"https:\/\/www.cronicasliterarias.es\/index.php?rest_route=%2Fwp%2Fv2%2Fcomments&post=20149"}],"version-history":[{"count":5,"href":"https:\/\/www.cronicasliterarias.es\/index.php?rest_route=\/wp\/v2\/posts\/20149\/revisions"}],"predecessor-version":[{"id":20157,"href":"https:\/\/www.cronicasliterarias.es\/index.php?rest_route=\/wp\/v2\/posts\/20149\/revisions\/20157"}],"wp:attachment":[{"href":"https:\/\/www.cronicasliterarias.es\/index.php?rest_route=%2Fwp%2Fv2%2Fmedia&parent=20149"}],"wp:term":[{"taxonomy":"category","embeddable":true,"href":"https:\/\/www.cronicasliterarias.es\/index.php?rest_route=%2Fwp%2Fv2%2Fcategories&post=20149"},{"taxonomy":"post_tag","embeddable":true,"href":"https:\/\/www.cronicasliterarias.es\/index.php?rest_route=%2Fwp%2Fv2%2Ftags&post=20149"}],"curies":[{"name":"wp","href":"https:\/\/api.w.org\/{rel}","templated":true}]}}