{"id":20420,"date":"2026-01-28T00:05:00","date_gmt":"2026-01-28T00:05:00","guid":{"rendered":"https:\/\/www.cronicasliterarias.es\/?p=20420"},"modified":"2026-01-27T10:15:15","modified_gmt":"2026-01-27T10:15:15","slug":"resena-jupiters-legacy-finale","status":"publish","type":"post","link":"https:\/\/www.cronicasliterarias.es\/?p=20420","title":{"rendered":"Rese\u00f1a: Jupiter\u00b4s Legacy. Finale"},"content":{"rendered":"<p align=\"JUSTIFY\"><img loading=\"lazy\" decoding=\"async\" class=\"alignleft  wp-image-20421\" src=\"https:\/\/www.cronicasliterarias.es\/wp-content\/uploads\/2026\/01\/jupiterlegacyfinale-191x300.jpg\" alt=\"\" width=\"185\" height=\"291\" srcset=\"https:\/\/www.cronicasliterarias.es\/wp-content\/uploads\/2026\/01\/jupiterlegacyfinale-191x300.jpg 191w, https:\/\/www.cronicasliterarias.es\/wp-content\/uploads\/2026\/01\/jupiterlegacyfinale-650x1024.jpg 650w, https:\/\/www.cronicasliterarias.es\/wp-content\/uploads\/2026\/01\/jupiterlegacyfinale.jpg 762w\" sizes=\"auto, (max-width: 185px) 100vw, 185px\" \/>Esta nueva miniserie comienza segundos despu\u00e9s de los eventos del <em>Requiem<\/em> del<em> Jupiter\u00b4s Legacy (<a href=\"https:\/\/www.panini.es\/shp_esp_es\/jupiter-s-legacy-requiem-1-sjule003-es01.html\">https:\/\/www.panini.es\/shp_esp_es\/jupiter-s-legacy-requiem-1-sjule003-es01.html<\/a>)<\/em>, donde nuestro planeta est\u00e1 a punto de ser invadido por la Reina Borilea y el Pr\u00edncipe Caius del planeta Parolax, cuyos h\u00e9roes recibieron superpoderes de la misma manera y por la misma raza alien\u00edgena que los que tenemos hoy por aqu\u00ed. Y la \u00faltima esperanza para nuestro mundo reside en Jason, Lady Liberty y Sophie. Pero lo que me encant\u00f3 de este volumen que trajo recientemente Panini C\u00f3mics a librer\u00edas es que la relaci\u00f3n entre todos estos planetas y superh\u00e9roes reside en la explicaci\u00f3n m\u00e1s alucinante que pod\u00e1is imaginar, cosa que finalmente revela el misterio tras la palabra J\u00fapiter.<\/p>\n<p align=\"JUSTIFY\">\u00a1La impresionante conclusi\u00f3n! El secreto del Universo se revela despu\u00e9s de que los superh\u00e9roes muestran a la humanidad qui\u00e9n la cre\u00f3.<\/p>\n<p align=\"JUSTIFY\"><img loading=\"lazy\" decoding=\"async\" class=\"alignright  wp-image-20422\" src=\"https:\/\/www.cronicasliterarias.es\/wp-content\/uploads\/2026\/01\/jupiterlegacyfinale01-300x256.jpg\" alt=\"\" width=\"112\" height=\"96\" srcset=\"https:\/\/www.cronicasliterarias.es\/wp-content\/uploads\/2026\/01\/jupiterlegacyfinale01-300x256.jpg 300w, https:\/\/www.cronicasliterarias.es\/wp-content\/uploads\/2026\/01\/jupiterlegacyfinale01-768x656.jpg 768w, https:\/\/www.cronicasliterarias.es\/wp-content\/uploads\/2026\/01\/jupiterlegacyfinale01.jpg 848w\" sizes=\"auto, (max-width: 112px) 100vw, 112px\" \/>Millar da un giro radical aqu\u00ed, respondiendo a preguntas de toda la serie con respuestas deliberadamente satisfactorias al menos en mi caso aunque s\u00e9 que a muchos no les gust\u00f3. \u00bfMe esperaba un final as\u00ed? Probablemente s\u00ed. He le\u00eddo ya miles de argumentos y este es uno de los que siempre me planteo cuando me paro a pensar en porqu\u00e9 realmente la humanidad prosper\u00f3 en la Tierra. Pero lo que cuenta Millar incluso se podr\u00eda interpretar como una deconstrucci\u00f3n de la secuela original, donde cosas que no necesitaban respuestas reciben respuestas que a lo mejor no os van a gustar. Pero perm\u00edtanme decir que una vez m\u00e1s disfrut\u00e9 mucho del trabajo reciente de Millar y aqu\u00ed sigue estando en su mejor nivel. Hay una idea muy interesante propuesta aqu\u00ed y de ello, solo contar\u00e9 que seg\u00fan esta idea cuando alcancemos los diez mil millones de habitantes, algo vendr\u00e1, nos devorar\u00e1 y terraformar\u00e1 el planeta <img loading=\"lazy\" decoding=\"async\" class=\"alignleft  wp-image-20424\" src=\"https:\/\/www.cronicasliterarias.es\/wp-content\/uploads\/2026\/01\/jupiterlegacyfinale02-300x169.jpg\" alt=\"\" width=\"162\" height=\"91\" srcset=\"https:\/\/www.cronicasliterarias.es\/wp-content\/uploads\/2026\/01\/jupiterlegacyfinale02-300x169.jpg 300w, https:\/\/www.cronicasliterarias.es\/wp-content\/uploads\/2026\/01\/jupiterlegacyfinale02-1024x576.jpg 1024w, https:\/\/www.cronicasliterarias.es\/wp-content\/uploads\/2026\/01\/jupiterlegacyfinale02-768x432.jpg 768w, https:\/\/www.cronicasliterarias.es\/wp-content\/uploads\/2026\/01\/jupiterlegacyfinale02-1536x864.jpg 1536w, https:\/\/www.cronicasliterarias.es\/wp-content\/uploads\/2026\/01\/jupiterlegacyfinale02.jpg 2000w\" sizes=\"auto, (max-width: 162px) 100vw, 162px\" \/>para comenzar de nuevo&#8230;<\/p>\n<p align=\"JUSTIFY\">Todo comienza con una llamada desde una isla en 1929: un hombre desesperado recibe mensajes en sue\u00f1os para salvar a Estados Unidos. Termina con sus hijos y nietos descubriendo que los superpoderes que recibi\u00f3 en ese extra\u00f1o lugar en medio del oc\u00e9ano fueron planeados para arruinar la humanidad.<\/p>\n<p align=\"JUSTIFY\">Dentro de lo malo decir que los ilustradores no acompa\u00f1an mucho y van de menos a m\u00e1s en cuanto a la calidad gr\u00e1fica del tomo. El arte fue casi terrible durante los primeros tres n\u00fameros para luego cambiar de manera sorprendente para los \u00faltimos dos y dejar un muy buen sabor de boca.<\/p>\n<p align=\"JUSTIFY\">La parte <img loading=\"lazy\" decoding=\"async\" class=\"alignright  wp-image-20423\" src=\"https:\/\/www.cronicasliterarias.es\/wp-content\/uploads\/2026\/01\/jupiterlegacyfinale03-300x251.jpg\" alt=\"\" width=\"136\" height=\"114\" srcset=\"https:\/\/www.cronicasliterarias.es\/wp-content\/uploads\/2026\/01\/jupiterlegacyfinale03-300x251.jpg 300w, https:\/\/www.cronicasliterarias.es\/wp-content\/uploads\/2026\/01\/jupiterlegacyfinale03-1024x857.jpg 1024w, https:\/\/www.cronicasliterarias.es\/wp-content\/uploads\/2026\/01\/jupiterlegacyfinale03-768x643.jpg 768w, https:\/\/www.cronicasliterarias.es\/wp-content\/uploads\/2026\/01\/jupiterlegacyfinale03.jpg 1194w\" sizes=\"auto, (max-width: 136px) 100vw, 136px\" \/>de las huellas dactilares fue genial.<\/p>\n<p align=\"JUSTIFY\">Estoy muy de acuerdo con la sinopsis editorial. Nunca ha habido una historia de superh\u00e9roes como \u00e9sta, una epopeya que abarque desde el origen del hombre hasta el fin de la humanidad.<\/p>\n","protected":false},"excerpt":{"rendered":"<p>Esta nueva miniserie comienza segundos despu\u00e9s de los eventos del Requiem del Jupiter\u00b4s Legacy (https:\/\/www.panini.es\/shp_esp_es\/jupiter-s-legacy-requiem-1-sjule003-es01.html), donde nuestro planeta est\u00e1 a punto de ser invadido por la Reina Borilea y el Pr\u00edncipe Caius del planeta Parolax, cuyos h\u00e9roes recibieron superpoderes de la misma manera y por la misma raza alien\u00edgena que los que tenemos hoy por [&hellip;]<\/p>\n","protected":false},"author":4,"featured_media":0,"comment_status":"closed","ping_status":"closed","sticky":false,"template":"","format":"standard","meta":{"footnotes":""},"categories":[49,28,6],"tags":[11,147,21,10],"class_list":["post-20420","post","type-post","status-publish","format-standard","hentry","category-comics","category-panini-comics","category-resenas","tag-j-j-castillo","tag-millars-world","tag-panini-comics","tag-resenas"],"_links":{"self":[{"href":"https:\/\/www.cronicasliterarias.es\/index.php?rest_route=\/wp\/v2\/posts\/20420","targetHints":{"allow":["GET"]}}],"collection":[{"href":"https:\/\/www.cronicasliterarias.es\/index.php?rest_route=\/wp\/v2\/posts"}],"about":[{"href":"https:\/\/www.cronicasliterarias.es\/index.php?rest_route=\/wp\/v2\/types\/post"}],"author":[{"embeddable":true,"href":"https:\/\/www.cronicasliterarias.es\/index.php?rest_route=\/wp\/v2\/users\/4"}],"replies":[{"embeddable":true,"href":"https:\/\/www.cronicasliterarias.es\/index.php?rest_route=%2Fwp%2Fv2%2Fcomments&post=20420"}],"version-history":[{"count":1,"href":"https:\/\/www.cronicasliterarias.es\/index.php?rest_route=\/wp\/v2\/posts\/20420\/revisions"}],"predecessor-version":[{"id":20425,"href":"https:\/\/www.cronicasliterarias.es\/index.php?rest_route=\/wp\/v2\/posts\/20420\/revisions\/20425"}],"wp:attachment":[{"href":"https:\/\/www.cronicasliterarias.es\/index.php?rest_route=%2Fwp%2Fv2%2Fmedia&parent=20420"}],"wp:term":[{"taxonomy":"category","embeddable":true,"href":"https:\/\/www.cronicasliterarias.es\/index.php?rest_route=%2Fwp%2Fv2%2Fcategories&post=20420"},{"taxonomy":"post_tag","embeddable":true,"href":"https:\/\/www.cronicasliterarias.es\/index.php?rest_route=%2Fwp%2Fv2%2Ftags&post=20420"}],"curies":[{"name":"wp","href":"https:\/\/api.w.org\/{rel}","templated":true}]}}