{"id":20789,"date":"2026-03-22T00:05:00","date_gmt":"2026-03-22T00:05:00","guid":{"rendered":"https:\/\/www.cronicasliterarias.es\/?p=20789"},"modified":"2026-03-23T09:40:06","modified_gmt":"2026-03-23T09:40:06","slug":"resena-no-hay-que-tomar-a-los-imbeciles-por-gente","status":"publish","type":"post","link":"https:\/\/www.cronicasliterarias.es\/?p=20789","title":{"rendered":"Rese\u00f1a: No Hay Que Tomar a los Imb\u00e9ciles por Gente"},"content":{"rendered":"<p align=\"JUSTIFY\"><img loading=\"lazy\" decoding=\"async\" class=\"alignright  wp-image-20791\" src=\"https:\/\/www.cronicasliterarias.es\/wp-content\/uploads\/2026\/03\/nohayquetomaralosimbecilesporgente-232x300.jpg\" alt=\"\" width=\"202\" height=\"262\" srcset=\"https:\/\/www.cronicasliterarias.es\/wp-content\/uploads\/2026\/03\/nohayquetomaralosimbecilesporgente-232x300.jpg 232w, https:\/\/www.cronicasliterarias.es\/wp-content\/uploads\/2026\/03\/nohayquetomaralosimbecilesporgente-793x1024.jpg 793w, https:\/\/www.cronicasliterarias.es\/wp-content\/uploads\/2026\/03\/nohayquetomaralosimbecilesporgente-768x991.jpg 768w, https:\/\/www.cronicasliterarias.es\/wp-content\/uploads\/2026\/03\/nohayquetomaralosimbecilesporgente.jpg 957w\" sizes=\"auto, (max-width: 202px) 100vw, 202px\" \/>Con un titulo tan potente como tiene, decid\u00ed darle una oportunidad a este c\u00f3mic que public\u00f3 Norma Editorial hace poco. Y sin saber qu\u00e9 esperar, me puse con \u00e9l y lo disfrut\u00e9. Aunque ya sab\u00eda que hab\u00eda recibido cr\u00edticas generalmente positivas. Como dec\u00eda, disfrut\u00e9 mucho de los tres \u00e1lbumes que integran este tomo donde cada p\u00e1gina presenta una idea nueva, un c\u00f3mic realmente rico en humor y conceptos. Aunque un humor bastante irreverente y no para todos, pero refrescante porque rara vez lo veo dentro del noveno arte. Tratando temas como desempleo, publicidad, riqueza, inmigraci\u00f3n, comida, animales&#8230; aborda todos los problemas de nuestra sociedad e intenta re\u00edrse del sin sentido de muchos de ellos. Un poco como hace <em>South Park<\/em>, todo, tras un humor bestia que es donde el c\u00f3mic extrae su coherencia de la diversidad de sus temas. Sin embargo, debo decir que el humor dista mucho de ser desagradable. Me atrae bastante este tipo absurdos y como se tratan; menci\u00f3n especial merecen las vi\u00f1etas que muestran las absurdas variaciones del teletrabajo, uno o dos a\u00f1os antes de la crisis de la COVID que llev\u00f3 a su adopci\u00f3n generalizada por parte de muchos empleados. Que tenga que venir una pandemia para que avancemos en esto&#8230;<\/p>\n<p align=\"JUSTIFY\"><img loading=\"lazy\" decoding=\"async\" class=\"alignleft  wp-image-20792\" src=\"https:\/\/www.cronicasliterarias.es\/wp-content\/uploads\/2026\/03\/nohayquetomaralosimbecilesporgente01-300x297.jpg\" alt=\"\" width=\"118\" height=\"117\" srcset=\"https:\/\/www.cronicasliterarias.es\/wp-content\/uploads\/2026\/03\/nohayquetomaralosimbecilesporgente01-300x297.jpg 300w, https:\/\/www.cronicasliterarias.es\/wp-content\/uploads\/2026\/03\/nohayquetomaralosimbecilesporgente01-150x150.jpg 150w, https:\/\/www.cronicasliterarias.es\/wp-content\/uploads\/2026\/03\/nohayquetomaralosimbecilesporgente01-768x761.jpg 768w, https:\/\/www.cronicasliterarias.es\/wp-content\/uploads\/2026\/03\/nohayquetomaralosimbecilesporgente01.jpg 898w\" sizes=\"auto, (max-width: 118px) 100vw, 118px\" \/>Esta serie de humor se compara a menudo con la obra de Fabcaro por su excesivo uso del absurdo y tambi\u00e9n por su estilo gr\u00e1fico est\u00e1tico, que se repite constantemente vi\u00f1eta a vi\u00f1eta. Pero en muchos sentidos, esta serie es mejor que otras que andan por ah\u00ed por su deseo de comentar la sociedad francesa contempor\u00e1nea (y casi que vale para cualquier europeo), mientras que nuestro buen amigo Fabrice, como un dandi nihilista, simplemente lo relativiza todo. Se examinan a fondo los problemas sociales (inmigraci\u00f3n, racismo, la gesti\u00f3n capitalista de los servicios p\u00fablicos, etc.) para ridiculizar a\u00fan m\u00e1s a los reaccionarios que ahora son mayor\u00eda y que nos rodean, incluso a los que nos gobiernan, o a los hip\u00f3critas deshumanizados que nos empujan al consumismo desmedido. A menudo es excesivamente absurdo; el t\u00edtulo no miente en ese sentido. Pero algunos chistes logran la haza\u00f1a de provocar risas a la vez que poseen un incre\u00edble poder de <img loading=\"lazy\" decoding=\"async\" class=\"alignright  wp-image-20794\" src=\"https:\/\/www.cronicasliterarias.es\/wp-content\/uploads\/2026\/03\/nohayquetomaralosimbecilesporgente03-300x262.jpg\" alt=\"\" width=\"139\" height=\"121\" srcset=\"https:\/\/www.cronicasliterarias.es\/wp-content\/uploads\/2026\/03\/nohayquetomaralosimbecilesporgente03-300x262.jpg 300w, https:\/\/www.cronicasliterarias.es\/wp-content\/uploads\/2026\/03\/nohayquetomaralosimbecilesporgente03-1024x894.jpg 1024w, https:\/\/www.cronicasliterarias.es\/wp-content\/uploads\/2026\/03\/nohayquetomaralosimbecilesporgente03-768x671.jpg 768w, https:\/\/www.cronicasliterarias.es\/wp-content\/uploads\/2026\/03\/nohayquetomaralosimbecilesporgente03.jpg 1292w\" sizes=\"auto, (max-width: 139px) 100vw, 139px\" \/>denuncia. Una lectura bastante f\u00e1cil, no demasiado fren\u00e9tica, ya que los chistes son lo suficientemente numerosos como para que resulte una lectura amena.<\/p>\n<p align=\"JUSTIFY\">El estilo gr\u00e1fico de Reuz\u00e9 es bastante cl\u00e1sico, con l\u00edneas claras, un poco r\u00edgido a veces, pero lo que importa en este tipo de obra es, sin duda, el di\u00e1logo. M\u00e1s all\u00e1 del humor, la est\u00e9tica imita el collage, el montaje de im\u00e1genes encontradas en internet, que encaja a la perfecci\u00f3n con lo absurdo de las situaciones. Y es que si entras en el grupo de amantes de este tipo de humor, ten\u00e9is aqu\u00ed un volumen que vais a devorar de una sentada, como muchos dos.<\/p>\n<p align=\"JUSTIFY\">Un c\u00f3mic recomendable tanto por su humor como por su estilo visual. \u00a1Hay que saber re\u00edrse de todo, si no, qu\u00e9 nos queda! Si te gustan Desproges, Gotlib o el burlesque en general, disfrutar\u00e1s de este c\u00f3mic. Y si te encant\u00f3, sin duda, deber\u00edas echar un vistazo a otros <img loading=\"lazy\" decoding=\"async\" class=\"alignleft  wp-image-20793\" src=\"https:\/\/www.cronicasliterarias.es\/wp-content\/uploads\/2026\/03\/nohayquetomaralosimbecilesporgente02-300x294.jpg\" alt=\"\" width=\"129\" height=\"126\" srcset=\"https:\/\/www.cronicasliterarias.es\/wp-content\/uploads\/2026\/03\/nohayquetomaralosimbecilesporgente02-300x294.jpg 300w, https:\/\/www.cronicasliterarias.es\/wp-content\/uploads\/2026\/03\/nohayquetomaralosimbecilesporgente02-768x752.jpg 768w, https:\/\/www.cronicasliterarias.es\/wp-content\/uploads\/2026\/03\/nohayquetomaralosimbecilesporgente02.jpg 896w\" sizes=\"auto, (max-width: 129px) 100vw, 129px\" \/>trabajos de Fabcaro.<\/p>\n<p align=\"JUSTIFY\">Pero ten cuidado de no excederte. Cada historia es una plato para saborear lentamente. Buen t\u00edtulo disponible en librer\u00edas.<\/p>\n","protected":false},"excerpt":{"rendered":"<p>Con un titulo tan potente como tiene, decid\u00ed darle una oportunidad a este c\u00f3mic que public\u00f3 Norma Editorial hace poco. Y sin saber qu\u00e9 esperar, me puse con \u00e9l y lo disfrut\u00e9. Aunque ya sab\u00eda que hab\u00eda recibido cr\u00edticas generalmente positivas. Como dec\u00eda, disfrut\u00e9 mucho de los tres \u00e1lbumes que integran este tomo donde cada [&hellip;]<\/p>\n","protected":false},"author":4,"featured_media":0,"comment_status":"closed","ping_status":"closed","sticky":false,"template":"","format":"standard","meta":{"footnotes":""},"categories":[53,44,30,6],"tags":[526,11,22,10],"class_list":["post-20789","post","type-post","status-publish","format-standard","hentry","category-bd","category-comic-europeo","category-norma-editorial","category-resenas","tag-comic-europeo-2026","tag-j-j-castillo","tag-norma-editorial","tag-resenas"],"_links":{"self":[{"href":"https:\/\/www.cronicasliterarias.es\/index.php?rest_route=\/wp\/v2\/posts\/20789","targetHints":{"allow":["GET"]}}],"collection":[{"href":"https:\/\/www.cronicasliterarias.es\/index.php?rest_route=\/wp\/v2\/posts"}],"about":[{"href":"https:\/\/www.cronicasliterarias.es\/index.php?rest_route=\/wp\/v2\/types\/post"}],"author":[{"embeddable":true,"href":"https:\/\/www.cronicasliterarias.es\/index.php?rest_route=\/wp\/v2\/users\/4"}],"replies":[{"embeddable":true,"href":"https:\/\/www.cronicasliterarias.es\/index.php?rest_route=%2Fwp%2Fv2%2Fcomments&post=20789"}],"version-history":[{"count":6,"href":"https:\/\/www.cronicasliterarias.es\/index.php?rest_route=\/wp\/v2\/posts\/20789\/revisions"}],"predecessor-version":[{"id":20804,"href":"https:\/\/www.cronicasliterarias.es\/index.php?rest_route=\/wp\/v2\/posts\/20789\/revisions\/20804"}],"wp:attachment":[{"href":"https:\/\/www.cronicasliterarias.es\/index.php?rest_route=%2Fwp%2Fv2%2Fmedia&parent=20789"}],"wp:term":[{"taxonomy":"category","embeddable":true,"href":"https:\/\/www.cronicasliterarias.es\/index.php?rest_route=%2Fwp%2Fv2%2Fcategories&post=20789"},{"taxonomy":"post_tag","embeddable":true,"href":"https:\/\/www.cronicasliterarias.es\/index.php?rest_route=%2Fwp%2Fv2%2Ftags&post=20789"}],"curies":[{"name":"wp","href":"https:\/\/api.w.org\/{rel}","templated":true}]}}