{"id":21122,"date":"2026-04-27T00:07:00","date_gmt":"2026-04-27T00:07:00","guid":{"rendered":"https:\/\/www.cronicasliterarias.es\/?p=21122"},"modified":"2026-04-27T10:37:48","modified_gmt":"2026-04-27T10:37:48","slug":"resena-the-witcher-corvo-bianco","status":"publish","type":"post","link":"https:\/\/www.cronicasliterarias.es\/?p=21122","title":{"rendered":"Rese\u00f1a: The Witcher. Corvo Bianco"},"content":{"rendered":"<p align=\"JUSTIFY\"><img loading=\"lazy\" decoding=\"async\" class=\"alignleft  wp-image-21124\" src=\"https:\/\/www.cronicasliterarias.es\/wp-content\/uploads\/2026\/04\/corvobianco-192x300.jpg\" alt=\"\" width=\"177\" height=\"277\" srcset=\"https:\/\/www.cronicasliterarias.es\/wp-content\/uploads\/2026\/04\/corvobianco-192x300.jpg 192w, https:\/\/www.cronicasliterarias.es\/wp-content\/uploads\/2026\/04\/corvobianco.jpg 512w\" sizes=\"auto, (max-width: 177px) 100vw, 177px\" \/>La franquicia de <em>The Witcher<\/em> sigue subiendo como la espuma y la prueba es el \u00e9xito que tienen sus c\u00f3mics, libros, juegos de mesa y videojuegos. Raro es lo que no se agota. Y de lo \u00faltimo publicado tenemos la miniserie <em>Corvo Bianco<\/em>, la cual, nuevamente, ha sido muy bien recibida por su combinaci\u00f3n de acci\u00f3n, fantas\u00eda y desarrollo de personajes. Y es que estos c\u00f3mics que en nuestro pa\u00eds publica Norma Editorial, han sido elogiados por su estilo art\u00edstico, caracter\u00edstico del c\u00f3mic fant\u00e1stico europeo, y por su capacidad para evocar una atm\u00f3sfera medieval y sombr\u00eda. He le\u00eddo que en m\u00e1s de una ocasi\u00f3n, la comparaci\u00f3n de su argumento hace un referencia a <em>Sin Perd\u00f3n<\/em> y <em>Willow<\/em>. Podr\u00eda ser. Con multitud de texturas y un juego de sombras que crea un efecto brillante y medieval gracias al dibujante y entintador qued\u00f3 al final una historia muy chula.<\/p>\n<p align=\"JUSTIFY\"><img loading=\"lazy\" decoding=\"async\" class=\"alignright  wp-image-21125\" src=\"https:\/\/www.cronicasliterarias.es\/wp-content\/uploads\/2026\/04\/corvobianco01-300x183.jpg\" alt=\"\" width=\"141\" height=\"86\" srcset=\"https:\/\/www.cronicasliterarias.es\/wp-content\/uploads\/2026\/04\/corvobianco01-300x183.jpg 300w, https:\/\/www.cronicasliterarias.es\/wp-content\/uploads\/2026\/04\/corvobianco01.jpg 441w\" sizes=\"auto, (max-width: 141px) 100vw, 141px\" \/>\u00bfDe qu\u00e9 va? <span lang=\"es-ES\">Una leg\u00edtima reclamaci\u00f3n sobre la finca de Corvo Bianco separa a Geralt de la tranquilidad. Disfrutando del fruto de su trabajo, Geralt adquiere un gusto por la vida sencilla: buen vino y buena compa\u00f1\u00eda con Yennefer a su lado, las rutinas de un brujo quedan en segundo plano. Pero cuando un descendiente del propietario original reclama la propiedad del vi\u00f1edo, Geralt debe tomar una decisi\u00f3n: tomar lo que pueda y retomar su vida errante, o empu\u00f1ar la espada a petici\u00f3n del heredero para conservar lo que le pertenece. <\/span><span lang=\"es-ES\">Y con sangre y vino, cada gota atrae a quienes quieren m\u00e1s.<\/span><\/p>\n<p align=\"JUSTIFY\"><span lang=\"es-ES\">O<\/span>riginalmente, el t\u00edtulo de Corvo Bianco se lo dio el duque a uno de los antepasados de Bolius que hab\u00eda sido un verdugo eficiente. Y as\u00ed, durante muchas generaciones permaneci\u00f3 en la familia. Pero los<span lang=\"es-ES\"> or\u00edgenes de Corvo Bianco se han perdido en las brumas del <img loading=\"lazy\" decoding=\"async\" class=\"alignleft  wp-image-21127\" src=\"https:\/\/www.cronicasliterarias.es\/wp-content\/uploads\/2026\/04\/corvobianco02-300x222.jpg\" alt=\"\" width=\"178\" height=\"132\" srcset=\"https:\/\/www.cronicasliterarias.es\/wp-content\/uploads\/2026\/04\/corvobianco02-300x222.jpg 300w, https:\/\/www.cronicasliterarias.es\/wp-content\/uploads\/2026\/04\/corvobianco02-1024x759.jpg 1024w, https:\/\/www.cronicasliterarias.es\/wp-content\/uploads\/2026\/04\/corvobianco02-768x569.jpg 768w, https:\/\/www.cronicasliterarias.es\/wp-content\/uploads\/2026\/04\/corvobianco02.jpg 1067w\" sizes=\"auto, (max-width: 178px) 100vw, 178px\" \/>tiempo. Solo tenemos una leyenda antiqu\u00edsima sobre el vi\u00f1edo que fue fundado por el propietario del hijo de la finca Pomerol, que hab\u00eda sido desheredado y exiliado con solo un \u00e1rbol joven de Carvanere a su nombre. La historia moderna de Corvo Bianco comienza con el Maestro Bolius, quien se instal\u00f3 en el vi\u00f1edo en su vejez y desde ah\u00ed&#8230;<\/span><\/p>\n<p align=\"JUSTIFY\"><span lang=\"es-ES\">Como os dec\u00eda, <em>The Witcher: Corvo Bianco<\/em> es una miniserie de c\u00f3mics de cinco partes que explora el viaje de Geralt hacia una vida m\u00e1s sencilla, centrada en el buen vino y la compa\u00f1\u00eda. La serie fue escrita por Bartosz Sztybor e ilustrada por Corrado Mastantuono y se public\u00f3 en USA en mayo de 2024 y muestra a Geralt disfrutando de una vida tranquila con Yennefer hasta que se enfrenta a misteriosos adversarios. El estilo art\u00edstico destaca por su atm\u00f3sfera envolvente, que combina texturas y sombras para crear una ambientaci\u00f3n medieval, convirti\u00e9ndola en una obra sobresaliente dentro del c\u00f3mic de herencias y venganzas. Pero yo dir\u00eda que <em>Corvo Bianco<\/em> destaca por su profundidad emocional, con el anhelo de paz de Geralt y el <img loading=\"lazy\" decoding=\"async\" class=\"alignright  wp-image-21126\" src=\"https:\/\/www.cronicasliterarias.es\/wp-content\/uploads\/2026\/04\/corvobianco03-300x153.jpg\" alt=\"\" width=\"178\" height=\"91\" srcset=\"https:\/\/www.cronicasliterarias.es\/wp-content\/uploads\/2026\/04\/corvobianco03-300x153.jpg 300w, https:\/\/www.cronicasliterarias.es\/wp-content\/uploads\/2026\/04\/corvobianco03-768x392.jpg 768w, https:\/\/www.cronicasliterarias.es\/wp-content\/uploads\/2026\/04\/corvobianco03.jpg 842w\" sizes=\"auto, (max-width: 178px) 100vw, 178px\" \/>impacto de sus decisiones en los personajes y el mundo que lo rodea.<\/span><\/p>\n<p align=\"JUSTIFY\">Otro recomendable.<\/p>\n","protected":false},"excerpt":{"rendered":"<p>La franquicia de The Witcher sigue subiendo como la espuma y la prueba es el \u00e9xito que tienen sus c\u00f3mics, libros, juegos de mesa y videojuegos. Raro es lo que no se agota. Y de lo \u00faltimo publicado tenemos la miniserie Corvo Bianco, la cual, nuevamente, ha sido muy bien recibida por su combinaci\u00f3n de [&hellip;]<\/p>\n","protected":false},"author":4,"featured_media":0,"comment_status":"closed","ping_status":"closed","sticky":false,"template":"","format":"standard","meta":{"footnotes":""},"categories":[49,34,30,6],"tags":[11,22,10,545],"class_list":["post-21122","post","type-post","status-publish","format-standard","hentry","category-comics","category-fantasia","category-norma-editorial","category-resenas","tag-j-j-castillo","tag-norma-editorial","tag-resenas","tag-saga-the-witcher"],"_links":{"self":[{"href":"https:\/\/www.cronicasliterarias.es\/index.php?rest_route=\/wp\/v2\/posts\/21122","targetHints":{"allow":["GET"]}}],"collection":[{"href":"https:\/\/www.cronicasliterarias.es\/index.php?rest_route=\/wp\/v2\/posts"}],"about":[{"href":"https:\/\/www.cronicasliterarias.es\/index.php?rest_route=\/wp\/v2\/types\/post"}],"author":[{"embeddable":true,"href":"https:\/\/www.cronicasliterarias.es\/index.php?rest_route=\/wp\/v2\/users\/4"}],"replies":[{"embeddable":true,"href":"https:\/\/www.cronicasliterarias.es\/index.php?rest_route=%2Fwp%2Fv2%2Fcomments&post=21122"}],"version-history":[{"count":6,"href":"https:\/\/www.cronicasliterarias.es\/index.php?rest_route=\/wp\/v2\/posts\/21122\/revisions"}],"predecessor-version":[{"id":21133,"href":"https:\/\/www.cronicasliterarias.es\/index.php?rest_route=\/wp\/v2\/posts\/21122\/revisions\/21133"}],"wp:attachment":[{"href":"https:\/\/www.cronicasliterarias.es\/index.php?rest_route=%2Fwp%2Fv2%2Fmedia&parent=21122"}],"wp:term":[{"taxonomy":"category","embeddable":true,"href":"https:\/\/www.cronicasliterarias.es\/index.php?rest_route=%2Fwp%2Fv2%2Fcategories&post=21122"},{"taxonomy":"post_tag","embeddable":true,"href":"https:\/\/www.cronicasliterarias.es\/index.php?rest_route=%2Fwp%2Fv2%2Ftags&post=21122"}],"curies":[{"name":"wp","href":"https:\/\/api.w.org\/{rel}","templated":true}]}}