{"id":21147,"date":"2026-04-30T00:05:00","date_gmt":"2026-04-30T00:05:00","guid":{"rendered":"https:\/\/www.cronicasliterarias.es\/?p=21147"},"modified":"2026-04-30T17:23:29","modified_gmt":"2026-04-30T17:23:29","slug":"resena-soy-un-angel-perdido","status":"publish","type":"post","link":"https:\/\/www.cronicasliterarias.es\/?p=21147","title":{"rendered":"Rese\u00f1a: Soy un \u00c1ngel Perdido"},"content":{"rendered":"<p align=\"JUSTIFY\"><img loading=\"lazy\" decoding=\"async\" class=\"alignright  wp-image-21149\" src=\"https:\/\/www.cronicasliterarias.es\/wp-content\/uploads\/2026\/04\/soyunangelperdido-225x300.jpg\" alt=\"\" width=\"208\" height=\"277\" srcset=\"https:\/\/www.cronicasliterarias.es\/wp-content\/uploads\/2026\/04\/soyunangelperdido-225x300.jpg 225w, https:\/\/www.cronicasliterarias.es\/wp-content\/uploads\/2026\/04\/soyunangelperdido-767x1024.jpg 767w, https:\/\/www.cronicasliterarias.es\/wp-content\/uploads\/2026\/04\/soyunangelperdido-768x1025.jpg 768w, https:\/\/www.cronicasliterarias.es\/wp-content\/uploads\/2026\/04\/soyunangelperdido-1151x1536.jpg 1151w, https:\/\/www.cronicasliterarias.es\/wp-content\/uploads\/2026\/04\/soyunangelperdido.jpg 1224w\" sizes=\"auto, (max-width: 208px) 100vw, 208px\" \/>Tras la excelente, y en mi opini\u00f3n algo infravalorada en algunos mentideros <em>Soy su silencio (<a href=\"https:\/\/www.cronicasliterarias.es\/?p=15859\">https:\/\/www.cronicasliterarias.es\/?p=15859<\/a>)<\/em> pese a que su segundo trabajo en solitario logr\u00f3 importantes premios y menciones, como el de Mejor C\u00f3mic de G\u00e9nero Negro o el Premio de las Librer\u00edas francesas en el Festival de Angoul\u00eame de 2024&#8230;; ahora Jordi Lafebre, autor de obras tan relevantes como <em>Los buenos veranos<\/em> (con guion de Zidrou: <em><a href=\"https:\/\/www.cronicasliterarias.es\/?p=13783\">https:\/\/www.cronicasliterarias.es\/?p=13783<\/a><\/em>), ahora regresa a las novedades de nuestro pa\u00eds con nuevo c\u00f3mic denominado <em>Soy un \u00e1ngel perdido<\/em> donde volvemos al personaje de Eva Rojas, de quien confes\u00e9 estar enamorado en mi rese\u00f1a anterior en lo que parece que ser\u00e1 una serie, miniserie o trilog\u00eda que algunos llaman ya \u00abla serie de Eva Rojas\u00bb.<\/p>\n<p align=\"JUSTIFY\">La historia, ambientada una vez m\u00e1s en Barcelona, involucra muchos temas que, para no estropear la lectura a quienes se adentren en esta obra, solo mencionar\u00e9, sin dar m\u00e1s indicaciones ni explicaciones: toca temas como el f\u00fatbol, la prostituci\u00f3n, el nazismo y el secuestro. Y confieso que intu\u00ed muy pronto c\u00f3mo se desarrollar\u00eda la historia, lo cual podr\u00eda ser un punto en contra, ya que se trata de una historia <img loading=\"lazy\" decoding=\"async\" class=\"alignleft  wp-image-21150\" src=\"https:\/\/www.cronicasliterarias.es\/wp-content\/uploads\/2026\/04\/soyunangelperdido01-300x276.jpg\" alt=\"\" width=\"121\" height=\"111\" srcset=\"https:\/\/www.cronicasliterarias.es\/wp-content\/uploads\/2026\/04\/soyunangelperdido01-300x276.jpg 300w, https:\/\/www.cronicasliterarias.es\/wp-content\/uploads\/2026\/04\/soyunangelperdido01-768x705.jpg 768w, https:\/\/www.cronicasliterarias.es\/wp-content\/uploads\/2026\/04\/soyunangelperdido01.jpg 931w\" sizes=\"auto, (max-width: 121px) 100vw, 121px\" \/>gr\u00e1fica que, idealmente, busca no revelar el desenlace hasta el final. Pero es precisamente a trav\u00e9s de la historia, divertida y din\u00e1mica, y con un toque agridulce, que <em>Soy un \u00e1ngel perdido<\/em> te conquista: por la forma en que Eva nos toma de la mano y nos habla, como si estuvi\u00e9ramos all\u00ed, a su lado, escuchando una cr\u00f3nica de amor, tragedia y risas.<\/p>\n<p align=\"JUSTIFY\"><em>Soy un \u00e1ngel perdido<\/em>\u00a0comienza con el final de algo y el comienzo de todo lo que queremos descubrir. Un hombre aparece muerto en una obra en construcci\u00f3n, enterrado en cemento, cabeza abajo, con solo las piernas al descubierto. El inspector Merkel y el agente Garc\u00eda son llamados al lugar para investigar el caso, y all\u00ed aparece Eva Rojas, la diab\u00f3lica psic\u00f3loga con un don especial para la investigaci\u00f3n, quien r\u00e1pidamente comienza a desentra\u00f1ar una compleja historia que es, sobre todo, otro de esos episodios dignos de su ca\u00f3tica vida.<\/p>\n<p align=\"JUSTIFY\"><img loading=\"lazy\" decoding=\"async\" class=\"alignright  wp-image-21152\" src=\"https:\/\/www.cronicasliterarias.es\/wp-content\/uploads\/2026\/04\/soyunangelperdido02-300x224.jpg\" alt=\"\" width=\"169\" height=\"126\" srcset=\"https:\/\/www.cronicasliterarias.es\/wp-content\/uploads\/2026\/04\/soyunangelperdido02-300x224.jpg 300w, https:\/\/www.cronicasliterarias.es\/wp-content\/uploads\/2026\/04\/soyunangelperdido02-1024x766.jpg 1024w, https:\/\/www.cronicasliterarias.es\/wp-content\/uploads\/2026\/04\/soyunangelperdido02-768x574.jpg 768w, https:\/\/www.cronicasliterarias.es\/wp-content\/uploads\/2026\/04\/soyunangelperdido02.jpg 1129w\" sizes=\"auto, (max-width: 169px) 100vw, 169px\" \/>Y hasta ah\u00ed puedo leer. Porque adem\u00e1s de no querer hace un m\u00edsero spoiler, adelanto que su portada ya enga\u00f1a una barbaridad. Tambi\u00e9n porque a ra\u00edz de este tema, Eva se convierte r\u00e1pidamente en sospechosa del crimen, y el protagonista termina siendo interrogado por dos agentes. \u00bfHay un crimen, hay una v\u00edctima, o quiz\u00e1s solo una serie de infortunios y coincidencias? Y luego est\u00e1 Eva Rojas, este personaje carism\u00e1tico e inolvidable que nunca encaja en nada, sino que siempre choca con la vida. Y cuando nos damos cuenta, ya estamos cautivados por su voz, por ese hilo narrativo que se retuerce y se desenreda como si estuvi\u00e9ramos sentados en un caf\u00e9 escuchando a alguien que sabe contar historias a la perfecci\u00f3n. As\u00ed es este personaje de Jordi Lafebre, un autor que, adem\u00e1s de ser un excelente ilustrador, es un narrador excepcional. Un autor que sabe mezclar a la perfecci\u00f3n humor, melancol\u00eda, erotismo sutil y cierta esperanza positiva que, en mi opini\u00f3n, forma parte de su f\u00f3rmula narrativa, especialmente en estos dos \u00e1lbumes dedicados a Eva Rojas.<\/p>\n<p align=\"JUSTIFY\"><img loading=\"lazy\" decoding=\"async\" class=\"alignleft  wp-image-21151\" src=\"https:\/\/www.cronicasliterarias.es\/wp-content\/uploads\/2026\/04\/soyunangelperdido03-300x133.jpg\" alt=\"\" width=\"232\" height=\"103\" srcset=\"https:\/\/www.cronicasliterarias.es\/wp-content\/uploads\/2026\/04\/soyunangelperdido03-300x133.jpg 300w, https:\/\/www.cronicasliterarias.es\/wp-content\/uploads\/2026\/04\/soyunangelperdido03-1024x454.jpg 1024w, https:\/\/www.cronicasliterarias.es\/wp-content\/uploads\/2026\/04\/soyunangelperdido03-768x340.jpg 768w, https:\/\/www.cronicasliterarias.es\/wp-content\/uploads\/2026\/04\/soyunangelperdido03.jpg 1068w\" sizes=\"auto, (max-width: 232px) 100vw, 232px\" \/><em>Soy un \u00e1ngel perdido<\/em>\u00a0confirma lo que ya sospechaba: Jordi Lafebre es un narrador \u00fanico, capaz de equilibrar humor, crimen, poes\u00eda y humanidad con una facilidad asombrosa.<\/p>\n<p align=\"JUSTIFY\">Todos sus nuevos t\u00edtulos se hacen indispensables para m\u00ed.<\/p>\n","protected":false},"excerpt":{"rendered":"<p>Tras la excelente, y en mi opini\u00f3n algo infravalorada en algunos mentideros Soy su silencio (https:\/\/www.cronicasliterarias.es\/?p=15859) pese a que su segundo trabajo en solitario logr\u00f3 importantes premios y menciones, como el de Mejor C\u00f3mic de G\u00e9nero Negro o el Premio de las Librer\u00edas francesas en el Festival de Angoul\u00eame de 2024&#8230;; ahora Jordi Lafebre, autor [&hellip;]<\/p>\n","protected":false},"author":4,"featured_media":0,"comment_status":"closed","ping_status":"closed","sticky":false,"template":"","format":"standard","meta":{"footnotes":""},"categories":[53,44,30,6],"tags":[526,11,22,10],"class_list":["post-21147","post","type-post","status-publish","format-standard","hentry","category-bd","category-comic-europeo","category-norma-editorial","category-resenas","tag-comic-europeo-2026","tag-j-j-castillo","tag-norma-editorial","tag-resenas"],"_links":{"self":[{"href":"https:\/\/www.cronicasliterarias.es\/index.php?rest_route=\/wp\/v2\/posts\/21147","targetHints":{"allow":["GET"]}}],"collection":[{"href":"https:\/\/www.cronicasliterarias.es\/index.php?rest_route=\/wp\/v2\/posts"}],"about":[{"href":"https:\/\/www.cronicasliterarias.es\/index.php?rest_route=\/wp\/v2\/types\/post"}],"author":[{"embeddable":true,"href":"https:\/\/www.cronicasliterarias.es\/index.php?rest_route=\/wp\/v2\/users\/4"}],"replies":[{"embeddable":true,"href":"https:\/\/www.cronicasliterarias.es\/index.php?rest_route=%2Fwp%2Fv2%2Fcomments&post=21147"}],"version-history":[{"count":5,"href":"https:\/\/www.cronicasliterarias.es\/index.php?rest_route=\/wp\/v2\/posts\/21147\/revisions"}],"predecessor-version":[{"id":21156,"href":"https:\/\/www.cronicasliterarias.es\/index.php?rest_route=\/wp\/v2\/posts\/21147\/revisions\/21156"}],"wp:attachment":[{"href":"https:\/\/www.cronicasliterarias.es\/index.php?rest_route=%2Fwp%2Fv2%2Fmedia&parent=21147"}],"wp:term":[{"taxonomy":"category","embeddable":true,"href":"https:\/\/www.cronicasliterarias.es\/index.php?rest_route=%2Fwp%2Fv2%2Fcategories&post=21147"},{"taxonomy":"post_tag","embeddable":true,"href":"https:\/\/www.cronicasliterarias.es\/index.php?rest_route=%2Fwp%2Fv2%2Ftags&post=21147"}],"curies":[{"name":"wp","href":"https:\/\/api.w.org\/{rel}","templated":true}]}}