{"id":2368,"date":"2025-10-23T00:05:00","date_gmt":"2025-10-23T00:05:00","guid":{"rendered":"https:\/\/www.cronicasliterarias.es\/?p=2368"},"modified":"2025-10-25T07:23:56","modified_gmt":"2025-10-25T07:23:56","slug":"resena-morbius-el-vampiro-viviente-viejas-heridas-de-ayala-ferreira-siqueira-y-vvaa","status":"publish","type":"post","link":"https:\/\/www.cronicasliterarias.es\/?p=2368","title":{"rendered":"Rese\u00f1a: Morbius, El Vampiro Viviente. Viejas Heridas"},"content":{"rendered":"<p align=\"JUSTIFY\"><img loading=\"lazy\" decoding=\"async\" class=\"alignleft  wp-image-2370\" src=\"https:\/\/www.cronicasliterarias.es\/wp-content\/uploads\/2020\/10\/morbius_viejas-heridasCL.jpg\" alt=\"\" width=\"183\" height=\"277\" srcset=\"https:\/\/www.cronicasliterarias.es\/wp-content\/uploads\/2020\/10\/morbius_viejas-heridasCL.jpg 254w, https:\/\/www.cronicasliterarias.es\/wp-content\/uploads\/2020\/10\/morbius_viejas-heridasCL-198x300.jpg 198w\" sizes=\"auto, (max-width: 183px) 100vw, 183px\" \/>Muchos andamos a la espera de un nuevo film que nos saque de la gustosa hibernaci\u00f3n que nos dej\u00f3 <em>Infinity War\/EndGame<\/em>. Queremos m\u00e1s. Por que de lo bueno, queremos siempre m\u00e1s, de ah\u00ed que nos llamen seres inteligentes&#8230;, si es que alguien nos llama as\u00ed. Entre compa\u00f1\u00edas, se supone que hab\u00eda un mini-par\u00f3n preparado ante tan tremendo espect\u00e1culo, quiz\u00e1s, para no saturar al p\u00fablico con tanto superh\u00e9roe. Siempre est\u00e1 la lista de films por venir, s\u00ed: spin-offs, films de personajes secundarios, series (ahora todo el mundo hace series) de iconos Marvel o grupos de superh\u00e9roes teenagers que pretenden serlo. Una serie de cositas que calman -o pretenden calmar- el ansia del aficionado Marvel (metamos en el saco ya a todo el mundo por que hasta las abuelas saben ya quienes son <em>Los Vengadores<\/em>). Pero el mini se convirti\u00f3 en par\u00f3n. Un virus tiene paralizada a la Tierra y esto no es un guion de un c\u00f3mic. Lo estamos viviendo. Al igual que con <em>Viuda Negra<\/em>, con <em>Morbius<\/em> se pretend\u00eda lo de siempre: film de estreno en cines y Panini C\u00f3mics tray\u00e9ndonos lo mejor del personaje al mismo tiempo. Algo genial para los que pretendemos conseguir por fin sagas que ya no estaban tan a la mano. Pero nuestro gozo en un pozo. Como sab\u00e9is todo se retrasa, se descuadran en el tiempo muchas cosas&#8230; En fin. No cuento m\u00e1s de lo mismo. Lo que s\u00ed que alabo es que muchas editoriales se levanten cada d\u00eda con \u00e1nimo de seguir publicando lo que se pretend\u00eda m\u00e1s o menos en fechas indicadas, aunque claro, obviamente, no tendr\u00e1 el mismo impacto en ventas. Cosa que, sin duda, es malo para todos. El cine ayuda mucho.<\/p>\n<p align=\"JUSTIFY\">Y aqu\u00ed entramos nosotros. Estar al tanto y leer, leer mucho, y hacerse cada uno con lo que le interese y probar series o integrales pues la sorpresa est\u00e1 ah\u00ed fuera. Como lo ha sido <em>Morbius: Viejas Heridas<\/em> para m\u00ed.\u00a0Un acercamiento al personaje de Morbius m\u00e1s actual. De hecho, estos n\u00fameros se publicaron en USA los primeros meses de este mismo 2020. Y ahora os contar\u00e9 un secreto: <span lang=\"es-ES\">Morbius siempre ha sido uno de mis anti-h\u00e9roes favoritos. Es un personaje tr\u00e1gico, afligido y con una enfermedad en la sangre, que tuvo el orgullo de pensar que podr\u00eda curarse a s\u00ed mismo con un <img loading=\"lazy\" decoding=\"async\" class=\"alignright  wp-image-2371\" src=\"https:\/\/www.cronicasliterarias.es\/wp-content\/uploads\/2020\/10\/morbius_viejas-heridas01.jpg\" alt=\"\" width=\"100\" height=\"107\" \/>peque\u00f1o ADN de murci\u00e9lago. Debido a su naturaleza complicada de desear sangre pero no querer tomarla de los humanos (un vampiro, en toda regla), en los c\u00f3mics de Marvel pas\u00f3 de villano a h\u00e9roe para posteriormente convertirse de nuevo en villano. En la salva inicial que Vita Ayala y Marcelo Ferreira crean en <em>Viejas Heridas<\/em>, aprenderemos el estado heroico actual de Morbius y tambi\u00e9n c\u00f3mo este personaje va a evolucionar m\u00e1s.<\/span><\/p>\n<p align=\"JUSTIFY\"><span lang=\"es-ES\">M\u00e1s claro, agua&#8230; En blanco y en botella, dicen. La cabra siempre tira al monte. Los que conoc\u00e9is mi af\u00e1n por el g\u00e9nero de Terror, nada os va a sorprender que Morbius me guste como personaje casi desde que lo conoc\u00ed en su debut <\/span>en <em>The Amazing Spiderman<\/em><span lang=\"es-ES\"><em> #101<\/em>. S\u00ed. Yo estuve all\u00ed. En el momento USA donde hizo debut en el noveno arte. Idea que surgi\u00f3, nada m\u00e1s y nada menos, que de la mano de Roy Thomas, que comentaba con Stan Lee de hacer algo con <em>Dr\u00e1cula<\/em> para Marvel, pero el siempre incisivo Stan quer\u00eda m\u00e1s bien \u201cun villano disfrazado\u201d. Thomas agreg\u00f3 parte de la concepci\u00f3n del personaje de una pel\u00edcula de Ciencia Ficci\u00f3n que vio de ni\u00f1o en la que se representaba a un hombre convertido en vampiro por radiaci\u00f3n en lugar de magia. Y el caso es que disfrut\u00e9 de ese n\u00famero, ya que se inclinaba hacia la naturaleza aterradora de los vampiros y al mismo tiempo ofrec\u00eda temas que invitaban a la reflexi\u00f3n como las funciones del cuerpo humano y la l\u00f3gica de la humanidad. <\/span><span lang=\"es-ES\">Pues Ayala hace esto en <em>Viejas Heridas<\/em>. A trav\u00e9s de reflexiones sobre Arist\u00f3teles, que se cortan junto con los violentos ataques de Morbius a un grupo de criminales, gran parte de la narrativa se desarrolla en un almac\u00e9n donde los malos-malutos hacen de la suyas. Vita Ayala y Marcelo Ferreira generan un gran comienzo: bien escrito, acci\u00f3n intensa con una inclinaci\u00f3n al horror muy bien llevada y&#8230; Terror. Ayala hace un buen trabajo capturando su angustia y la dura verdad de la situaci\u00f3n.\u00a0 <\/span><\/p>\n<p align=\"JUSTIFY\"><span lang=\"es-ES\"><img loading=\"lazy\" decoding=\"async\" class=\"alignleft  wp-image-2372\" src=\"https:\/\/www.cronicasliterarias.es\/wp-content\/uploads\/2020\/10\/morbius_viejas-heridas04.jpg\" alt=\"\" width=\"196\" height=\"154\" srcset=\"https:\/\/www.cronicasliterarias.es\/wp-content\/uploads\/2020\/10\/morbius_viejas-heridas04.jpg 380w, https:\/\/www.cronicasliterarias.es\/wp-content\/uploads\/2020\/10\/morbius_viejas-heridas04-300x236.jpg 300w\" sizes=\"auto, (max-width: 196px) 100vw, 196px\" \/>Morbius es el vampiro viviente&#8230; \u00bfpero es algo m\u00e1s? Durante a\u00f1os, el bi\u00f3logo Dr. Michael Morbius, ganador del Premio Nobel, ha estado luchando por encontrar una cura para su caso \u00fanico de vampirismo. Ahora, por primera vez en m\u00e1s tiempo del que puede recordar, su salvaci\u00f3n puede estar al alcance de su mano. Pero el villano de la vieja escuela, Fundidor (Melter aka Bruno Horgan) ha resurgido en el momento equivocado y podr\u00eda convertirse en el primero de una larga lista de v\u00edctimas en el sangriento camino de un vampiro nuevo, revitalizado, y eso que Michael Morbius solo quer\u00eda recuperar su alma&#8230;<\/span><\/p>\n\n\n<p><\/p>\n","protected":false},"excerpt":{"rendered":"<p>Muchos andamos a la espera de un nuevo film que nos saque de la gustosa hibernaci\u00f3n que nos dej\u00f3 Infinity War\/EndGame. Queremos m\u00e1s. Por que de lo bueno, queremos siempre m\u00e1s, de ah\u00ed que nos llamen seres inteligentes&#8230;, si es que alguien nos llama as\u00ed. Entre compa\u00f1\u00edas, se supone que hab\u00eda un mini-par\u00f3n preparado ante [&hellip;]<\/p>\n","protected":false},"author":4,"featured_media":0,"comment_status":"closed","ping_status":"closed","sticky":false,"template":"","format":"standard","meta":{"footnotes":""},"categories":[49,28,6,8],"tags":[515,11,21,10],"class_list":["post-2368","post","type-post","status-publish","format-standard","hentry","category-comics","category-panini-comics","category-resenas","category-terror","tag-halloween-2025","tag-j-j-castillo","tag-panini-comics","tag-resenas"],"_links":{"self":[{"href":"https:\/\/www.cronicasliterarias.es\/index.php?rest_route=\/wp\/v2\/posts\/2368","targetHints":{"allow":["GET"]}}],"collection":[{"href":"https:\/\/www.cronicasliterarias.es\/index.php?rest_route=\/wp\/v2\/posts"}],"about":[{"href":"https:\/\/www.cronicasliterarias.es\/index.php?rest_route=\/wp\/v2\/types\/post"}],"author":[{"embeddable":true,"href":"https:\/\/www.cronicasliterarias.es\/index.php?rest_route=\/wp\/v2\/users\/4"}],"replies":[{"embeddable":true,"href":"https:\/\/www.cronicasliterarias.es\/index.php?rest_route=%2Fwp%2Fv2%2Fcomments&post=2368"}],"version-history":[{"count":7,"href":"https:\/\/www.cronicasliterarias.es\/index.php?rest_route=\/wp\/v2\/posts\/2368\/revisions"}],"predecessor-version":[{"id":19768,"href":"https:\/\/www.cronicasliterarias.es\/index.php?rest_route=\/wp\/v2\/posts\/2368\/revisions\/19768"}],"wp:attachment":[{"href":"https:\/\/www.cronicasliterarias.es\/index.php?rest_route=%2Fwp%2Fv2%2Fmedia&parent=2368"}],"wp:term":[{"taxonomy":"category","embeddable":true,"href":"https:\/\/www.cronicasliterarias.es\/index.php?rest_route=%2Fwp%2Fv2%2Fcategories&post=2368"},{"taxonomy":"post_tag","embeddable":true,"href":"https:\/\/www.cronicasliterarias.es\/index.php?rest_route=%2Fwp%2Fv2%2Ftags&post=2368"}],"curies":[{"name":"wp","href":"https:\/\/api.w.org\/{rel}","templated":true}]}}