{"id":2388,"date":"2025-05-23T00:05:00","date_gmt":"2025-05-23T00:05:00","guid":{"rendered":"https:\/\/www.cronicasliterarias.es\/?p=2388"},"modified":"2025-05-23T18:04:15","modified_gmt":"2025-05-23T18:04:15","slug":"resena-en-compania-de-fantasmas-de-amyas-northcote","status":"publish","type":"post","link":"https:\/\/www.cronicasliterarias.es\/?p=2388","title":{"rendered":"Rese\u00f1a: En Compa\u00f1\u00eda de Fantasmas, de Amyas Northcote"},"content":{"rendered":"<p align=\"JUSTIFY\"><img loading=\"lazy\" decoding=\"async\" class=\"alignleft  wp-image-2390\" src=\"https:\/\/www.cronicasliterarias.es\/wp-content\/uploads\/2020\/10\/encompaniadefantasmasCL.jpg\" alt=\"\" width=\"220\" height=\"310\" srcset=\"https:\/\/www.cronicasliterarias.es\/wp-content\/uploads\/2020\/10\/encompaniadefantasmasCL.jpg 293w, https:\/\/www.cronicasliterarias.es\/wp-content\/uploads\/2020\/10\/encompaniadefantasmasCL-213x300.jpg 213w\" sizes=\"auto, (max-width: 220px) 100vw, 220px\" \/>No s\u00e9 si vamos tarde o no, la cuesti\u00f3n es que nunca debemos olvidar que Octubre es el mes del Miedo, del Terror en todas sus formas y todos los sin\u00f3nimos que se os ocurran de pasarlo mal&#8230; Pas\u00e1ndolo bien. El mes que amamos los que disfrutamos de Halloween, los que con el fr\u00edo solo queremos mantita y peli; el mes en el que libros y c\u00f3mics de Terror son vitaminas energizantes para nuestro cuerpo serrano que siente escalofr\u00edos en el fr\u00edo de la noche. As\u00ed que, a tope con el tema que quema. Terror del bueno, viene esta vez de una antolog\u00eda reci\u00e9n editada por Di\u00e1bolo Ediciones. Una editorial que nos tiene s\u00faper enganchados a sus geniales ediciones en tapa dura del mejor c\u00f3mic de Terror recopilado de los gloriosos a\u00f1os 50. Tomos, maravillas, que nadie deber\u00eda perderse. Pero ahora nos acomete algo muy diferente. Antolog\u00eda de relatos de fantasmas, formato libro, las de siempre, las buenas, las que muchos coleccionamos de toda la vida. No conoc\u00eda a Amyas Northcote y no me sonaba de nada, lo que alz\u00f3 mis orejas como las de un perro de caza en el monte, cuando me enter\u00e9 de la publicaci\u00f3n de <em>En Compa\u00f1\u00eda de Fantasmas<\/em>. Lo bueno de todo es, que Di\u00e1bolo Ediciones ha presentado esta antolog\u00eda como primer n\u00famero de una llamada \u00abColecci\u00f3n Fantasmas\u00bb y la relacionan de alg\u00fan modo con los grandes de este g\u00e9nero, dentro del g\u00e9nero, los dioses maestros del relato como fueron M.R. James y E.F. Benson.<\/p>\n<p align=\"JUSTIFY\"><em>En Compa\u00f1\u00eda de Fantasmas<\/em> cuenta con trece relatos del autor ingl\u00e9s Amyas Northcote (1864), un autor misterioso que nos dej\u00f3 muy pronto y del que se dice que incluso fue bastante desconocido en su propio pa\u00eds (Inglaterra). Pero despu\u00e9s contar\u00e9 algo m\u00e1s. Vamos al miedo:<\/p>\n<p align=\"JUSTIFY\"><span lang=\"es-ES\">En <\/span><span lang=\"es-ES\"><i>Brickett Bottom<\/i><\/span><span lang=\"es-ES\">, la hija de un vicario de camino a casa, se fija en una mansi\u00f3n en la que no hab\u00eda reparado. Su hermana miope no puede verla. Planean visitarla al d\u00eda siguiente, la hermana se lesiona el pie y no puede ir, la hija del vicario va sola y no regresa&#8230;<\/span><\/p>\n<p align=\"JUSTIFY\"><span lang=\"es-ES\">En <\/span><span lang=\"es-ES\"><i>El retrato<\/i><\/span><span lang=\"es-ES\">, una ni\u00f1a queda cautivada por el retrato de un Conde muerto en una casa solariega.<\/span><\/p>\n<p align=\"JUSTIFY\"><span lang=\"es-ES\"><em>La joven dama de negro<\/em> cuenta como una joven se acerca a un artista y le ruega que le pinte un retrato. Aunque no puede estar presenta m\u00e1s de media hora&#8230;<\/span><\/p>\n<p align=\"JUSTIFY\"><span lang=\"es-ES\">En <em>Las colinas<\/em>, un viajante llega a un prado en el que se encuentra con misterioso extra\u00f1o.<\/span><\/p>\n<p align=\"JUSTIFY\"><span lang=\"es-ES\"><em> El diario del se\u00f1or Mortimer<\/em> es un diario de un hombre encontrado muerto en circunstancias extra\u00f1as en el que se narran los hechos terror\u00edficos que acabaron con su vida.<\/span><\/p>\n<p style=\"text-align: center;\"><span lang=\"es-ES\">(Todos interesantes, \u00bfno? Esperad, que hay m\u00e1s)<br \/>\n<\/span><\/p>\n<p align=\"JUSTIFY\"><span lang=\"es-ES\"><em>El se\u00f1or Kershaw y el se\u00f1or Wilcox<\/em> cuenta un acuerdo comercial entre dos vecinos. Un final retorcido como pocos he le\u00eddo.<\/span><\/p>\n<p align=\"JUSTIFY\"><span lang=\"es-ES\">En <em>La difunta se\u00f1ora Fowke<\/em>, un hombre sigue en secreto a su esposa en uno de sus viajes fuera de la ciudad. La encuentra participando en actividades de ocultismo.<\/span><\/p>\n<p align=\"JUSTIFY\"><span lang=\"es-ES\"><em>La historia de la institutriz<\/em> cuenta como una se\u00f1orita sigue escuchando a alguien correr y abrir una ventana en una habitaci\u00f3n del piso de arriba, todas las noches. Un sombr\u00edo secreto familiar.<\/span><\/p>\n<p align=\"JUSTIFY\"><span lang=\"es-ES\">En <em>El difunto conde de D.<\/em>, un abogado es testigo de una recreaci\u00f3n fantasma de un crimen violento.<\/span><\/p>\n<p align=\"JUSTIFY\"><span lang=\"es-ES\">Un hombre entra en una tienda para comprar un pa\u00f1uelo y se encuentra con una dependienta poco atractiva. Cuando sus ojos se encuentran, \u00e9l se llena de un pavor inexplicable. Esto es lo menos terror\u00edfico que le suceder\u00e1 a <em>El se\u00f1or Oliver Carmichael<\/em>.<\/span><\/p>\n<p align=\"JUSTIFY\"><span lang=\"es-ES\"><em>En los bosques<\/em> habla de una joven y como queda cautivada por el bosque que hay junto a su casa. Pasa tiempo libre all\u00ed y comienza a ver los \u00e1rboles como sus \u00fanicos amigos. Lo que no sabe es que es all\u00ed se esconde un poderoso mal.<\/span><\/p>\n<p align=\"JUSTIFY\"><span lang=\"es-ES\">En <em>La casa en el bosque<\/em>, dos hombres se ven obligados a pasar la noche en una casa muy apartada de la civilizaci\u00f3n. Todo lo que pens\u00e9is que les va a pasar, es poco.<\/span><\/p>\n<p align=\"JUSTIFY\"><span lang=\"es-ES\">Cierra la antolog\u00eda una maravillosa historia, de las de leer junto a la chimenea como hac\u00eda M.R. James con sus alumnos. En <em>Los Pasos<\/em>, una joven es perseguida por los pasos de un hombre que no puede ver.<\/span><\/p>\n<p align=\"JUSTIFY\"><span lang=\"es-ES\">Una muy buena introducci\u00f3n de Manuel Mota nos sit\u00faa sobre lo que vamos a encontrarnos en esta antolog\u00eda que por mi parte recomiendo leer este mes, con fr\u00edo, a solas, en invierno, en lugares de descanso, lejos del mundanal ruido. Todos esos momentos que inspiran. De hecho, ha provocado que quiera escribir m\u00e1s, y me ha ayudado a terminar un relato de fantasmas que ten\u00eda hac\u00eda tiempo bloqueado.<\/span><\/p>\n<p align=\"JUSTIFY\"><span lang=\"es-ES\">Amyas Northcote naci\u00f3 en 1864. Su padre, Sir Stafford Northcote, era el se\u00f1or de una mansi\u00f3n y un conocido pol\u00edtico de la \u00e9poca. Me pareci\u00f3 interesante que Amyas asistiera al Eton College al mismo tiempo que M.R. James, aunque se desconoce si los dos se conocieron. Esta colecci\u00f3n de historias de fantasmas, su \u00fanica obra publicada, vio la luz en 1921. Desafortunadamente, Amyas muri\u00f3 apenas dieciocho meses despu\u00e9s de su publicaci\u00f3n, lo que provoc\u00f3 oscuridad sobre la obra. Los relatos de Amyas Northcote podr\u00edan haber ca\u00eddo en el olvido de nos ser por Montague Summers que incluy\u00f3 una de sus historias (<em>Brickett Bottom<\/em>) en su influyente <em>Omnibus Supernatural<\/em> (1931).<\/span><\/p>\n<p align=\"JUSTIFY\"><span lang=\"es-ES\"><em>En Compa\u00f1\u00eda de Fantasmas<\/em> es una linda obra, muy recomendable para los que amamos el mejor g\u00e9nero de todos y en formato breve. Un volumen que hace que me pregunte cuantos grandes escritores han quedado enterrados junto a sus bien llevadas ideas escritas. No es M.R. James, dif\u00edcil serlo, pero los hados bien saben que disfrut\u00e9 muy mucho de <em>Brickett Bottom, En los bosques, Los Pasos <\/em>y, por supuesto, <em>El se\u00f1or Oliver Carmichael<\/em>.<\/span><\/p>\n<p align=\"JUSTIFY\"><span lang=\"es-ES\">Joyita.<\/span><\/p>\n","protected":false},"excerpt":{"rendered":"<p>No s\u00e9 si vamos tarde o no, la cuesti\u00f3n es que nunca debemos olvidar que Octubre es el mes del Miedo, del Terror en todas sus formas y todos los sin\u00f3nimos que se os ocurran de pasarlo mal&#8230; Pas\u00e1ndolo bien. El mes que amamos los que disfrutamos de Halloween, los que con el fr\u00edo solo [&hellip;]<\/p>\n","protected":false},"author":4,"featured_media":0,"comment_status":"closed","ping_status":"closed","sticky":false,"template":"","format":"standard","meta":{"footnotes":""},"categories":[55,98,6,8],"tags":[99,11,10,471],"class_list":["post-2388","post","type-post","status-publish","format-standard","hentry","category-antologia","category-diabolo-ediciones","category-resenas","category-terror","tag-diabolo-ediciones","tag-j-j-castillo","tag-resenas","tag-terror2025"],"_links":{"self":[{"href":"https:\/\/www.cronicasliterarias.es\/index.php?rest_route=\/wp\/v2\/posts\/2388","targetHints":{"allow":["GET"]}}],"collection":[{"href":"https:\/\/www.cronicasliterarias.es\/index.php?rest_route=\/wp\/v2\/posts"}],"about":[{"href":"https:\/\/www.cronicasliterarias.es\/index.php?rest_route=\/wp\/v2\/types\/post"}],"author":[{"embeddable":true,"href":"https:\/\/www.cronicasliterarias.es\/index.php?rest_route=\/wp\/v2\/users\/4"}],"replies":[{"embeddable":true,"href":"https:\/\/www.cronicasliterarias.es\/index.php?rest_route=%2Fwp%2Fv2%2Fcomments&post=2388"}],"version-history":[{"count":7,"href":"https:\/\/www.cronicasliterarias.es\/index.php?rest_route=\/wp\/v2\/posts\/2388\/revisions"}],"predecessor-version":[{"id":18800,"href":"https:\/\/www.cronicasliterarias.es\/index.php?rest_route=\/wp\/v2\/posts\/2388\/revisions\/18800"}],"wp:attachment":[{"href":"https:\/\/www.cronicasliterarias.es\/index.php?rest_route=%2Fwp%2Fv2%2Fmedia&parent=2388"}],"wp:term":[{"taxonomy":"category","embeddable":true,"href":"https:\/\/www.cronicasliterarias.es\/index.php?rest_route=%2Fwp%2Fv2%2Fcategories&post=2388"},{"taxonomy":"post_tag","embeddable":true,"href":"https:\/\/www.cronicasliterarias.es\/index.php?rest_route=%2Fwp%2Fv2%2Ftags&post=2388"}],"curies":[{"name":"wp","href":"https:\/\/api.w.org\/{rel}","templated":true}]}}