{"id":2421,"date":"2020-10-22T00:05:00","date_gmt":"2020-10-22T00:05:00","guid":{"rendered":"https:\/\/www.cronicasliterarias.es\/?p=2421"},"modified":"2022-08-19T09:13:03","modified_gmt":"2022-08-19T09:13:03","slug":"resena-wonder-woman-especial-750-de-gail-simone-greg-rucka-scott-snyder-amanda-conner-y-vvaa","status":"publish","type":"post","link":"https:\/\/www.cronicasliterarias.es\/?p=2421","title":{"rendered":"Rese\u00f1a: Wonder Woman. Especial 750, de Gail Simone, Greg Rucka, Scott Snyder, Amanda Conner y VVAA"},"content":{"rendered":"<p align=\"JUSTIFY\"><img loading=\"lazy\" decoding=\"async\" class=\"alignright size-full wp-image-2424\" src=\"https:\/\/www.cronicasliterarias.es\/wp-content\/uploads\/2020\/10\/wonder_woman750CL.jpg\" alt=\"\" width=\"255\" height=\"394\" srcset=\"https:\/\/www.cronicasliterarias.es\/wp-content\/uploads\/2020\/10\/wonder_woman750CL.jpg 255w, https:\/\/www.cronicasliterarias.es\/wp-content\/uploads\/2020\/10\/wonder_woman750CL-194x300.jpg 194w\" sizes=\"auto, (max-width: 255px) 100vw, 255px\" \/>Es casi una liturgia en el c\u00f3mic de superh\u00e9roes conmemorar la llegada a un cierto n\u00famero de ejemplares. Lo bueno es que para ello se suele hacer algo especial: diferentes autores a los que llevan la cabecera actualmente, gente de renombre, argumentos alternativos&#8230; Casi 80 a\u00f1os hace que vino al mundo (nuestro) la siempre carism\u00e1tica Princesa Diana. \u00bfSab\u00e9is lo dif\u00edcil qu\u00e9 era conseguir un c\u00f3mic de <em>Wonder Woman<\/em> en nuestro pa\u00eds en los 80? Puuff, que me voy por las ramas&#8230; Ahora, con motivo del n\u00famero 750 de la edici\u00f3n original, llega un especial repleto de aventuras realizadas por algunos de los mejores autores del momento. ECC Ediciones nos trae esta joyita indispensable para todo fan de la hero\u00edna m\u00e1s grande que ha dado el noveno arte. Donde en <span lang=\"es-ES\">la historia principal, la \u00e9pica batalla de Wonder Woman en <em>El A\u00f1o del Villano<\/em> llega a su fin, abriendo el camino a nuevos desaf\u00edos.<\/span><\/p>\n<p align=\"JUSTIFY\"><span lang=\"es-ES\">La portada de Joelle Jones y Trisha Mulvihill es tremenda. Los colores de este \u00faltimo son vibrantes y llamativos. Simples, pero efectivos. Me encanta. Pues adoro adem\u00e1s las antolog\u00edas y desear\u00eda que sucedieran m\u00e1s a menudo dentro del pijameo. La historia de Gail Simone incluida aqu\u00ed, es mi favorita por muchas razones. Simone tiene una gran habilidad para combinar elementos pat\u00e9ticos con otros muy serios. Y de esa mezcla surge siempre algo atractivo. <em>Diana ten\u00eda un megalod\u00f3n como mascota que muri\u00f3 recientemente&#8230;<\/em> \u00bfVeis? Eso es una locura, pero la emoci\u00f3n, nuestro frikismo, se despierta ante tal ocurrencia. Hay tanto coraz\u00f3n en esta historia que realmente conect\u00f3 conmigo. No obstante, este tomo que nos trae ECC recopila adem\u00e1s la miniserie de tres n\u00fameros <em>Wonder Woman: Giant<\/em>, el ejemplar <em>DC\u00b4s Beach Blanket Bad Guys Summer Special 1<\/em> as\u00ed como una serie de maravillosas portadas, bocetos y un dossier magn\u00edfico sobre el personaje, escrito por Fran San Rafael.<\/span><\/p>\n<p align=\"JUSTIFY\"><img loading=\"lazy\" decoding=\"async\" class=\"aligncenter  wp-image-2426\" src=\"https:\/\/www.cronicasliterarias.es\/wp-content\/uploads\/2020\/10\/wonder_woman750_02.jpg\" alt=\"\" width=\"549\" height=\"288\" srcset=\"https:\/\/www.cronicasliterarias.es\/wp-content\/uploads\/2020\/10\/wonder_woman750_02.jpg 720w, https:\/\/www.cronicasliterarias.es\/wp-content\/uploads\/2020\/10\/wonder_woman750_02-300x157.jpg 300w\" sizes=\"auto, (max-width: 549px) 100vw, 549px\" \/><\/p>\n<p align=\"JUSTIFY\"><span lang=\"es-ES\">Y mola lo que se va contando: Diana tiene una pesadilla sobre ser expulsada de la Liga de la Justicia debido a sus poderes fallidos y se despierta con el tobillo roto, justo cuando Jonah Hex ha regresado de enterrar al amigo de Steve, Nate. Mientras las preguntas todav\u00eda giran alrededor, son interrumpidos por un grupo de alien\u00edgenas que tienen la intenci\u00f3n de arrestarlos a todos por el robo de una nave espacial&#8230; <\/span><span lang=\"es-ES\">Como gran fan de <em>Renacimiento (Rebirth)<\/em>, estaba emocionado de ver a Greg Rucka reunirse con Nicola Scott y Romulo Fajardo Jr, nuevamente. Fueron un gran equipo entonces y su historia aqu\u00ed me encant\u00f3. Es una tragedia ver a Diana tratar desesperadamente de salvar a alguien que no quiere ser salvado. Disfrut\u00e9 adem\u00e1s, del ep\u00edlogo de Vita Ayala a la historia algo reciente de Silver Swan. Me gust\u00f3 mucho esa trama en su d\u00eda, as\u00ed que fue agradable revisitarla. Sin embargo, no me pareci\u00f3 bien que se cerrara en este tomo el arco <em>El A\u00f1o del Villano<\/em>. Puede desconcertar. Seguramente mucha gente se pillar\u00e1 este ejemplar por lo atractivo y por su modo antol\u00f3gico, pero si lees ese final sin haber le\u00eddo los n\u00fameros recientes de la serie regular de <em>Wonder Woman<\/em>; confundir\u00e1s conceptos. Se vuelve una historia d\u00e9bil desde el desconocimiento.<\/span><\/p>\n<p align=\"JUSTIFY\"><span lang=\"es-ES\">Hay cositas muy chulas como la historia de <em>BombShells<\/em>. Creo que podr\u00eda haber sido incluso m\u00e1s potente si&#8230; Bueno, me callo. Es un tributo m\u00e1s que otra cosa. Un grupo de personajes que hablan de lo genial que es Wonder Woman, y la mezcla de opiniones proporciona una din\u00e1mica interesante. No cuento m\u00e1s. Disfrutadla. <\/span><\/p>\n<p align=\"JUSTIFY\"><span lang=\"es-ES\">Con autores como <\/span><span lang=\"es-ES\">Gail Simone, Greg Rucka, Scott Snyder, Amanda Conner, Colleen Doran, Elena Casagrande, Nicola Scott, Bryan Hitch, Inaki Miranda, <img loading=\"lazy\" decoding=\"async\" class=\"alignleft size-full wp-image-2427\" src=\"https:\/\/www.cronicasliterarias.es\/wp-content\/uploads\/2020\/10\/wonder_woman750_01.jpg\" alt=\"\" width=\"415\" height=\"282\" srcset=\"https:\/\/www.cronicasliterarias.es\/wp-content\/uploads\/2020\/10\/wonder_woman750_01.jpg 415w, https:\/\/www.cronicasliterarias.es\/wp-content\/uploads\/2020\/10\/wonder_woman750_01-300x204.jpg 300w\" sizes=\"auto, (max-width: 415px) 100vw, 415px\" \/>Daniel Sampere, Juan Albarran, Scott Kolins <\/span><span lang=\"es-ES\">o <\/span><span lang=\"es-ES\">Phil Hester<\/span><span lang=\"es-ES\"> entre muchos m\u00e1s genios del medio; esto no pod\u00eda salir mal. Como antolog\u00eda de aniversario es impredecible. Mas, gustan algunas historias y otras las lees en modo androide. Pero el sentimiento es, en \u00faltima instancia, lo que importa. Celebrar el avance con los a\u00f1os de un hito importante, donde el coraz\u00f3n nos lleve, disfrutaremos. Es lo que sucede con <em>Wonder Woman Especial 750<\/em>.<\/span><\/p>\n","protected":false},"excerpt":{"rendered":"<p>Es casi una liturgia en el c\u00f3mic de superh\u00e9roes conmemorar la llegada a un cierto n\u00famero de ejemplares. Lo bueno es que para ello se suele hacer algo especial: diferentes autores a los que llevan la cabecera actualmente, gente de renombre, argumentos alternativos&#8230; Casi 80 a\u00f1os hace que vino al mundo (nuestro) la siempre carism\u00e1tica [&hellip;]<\/p>\n","protected":false},"author":4,"featured_media":0,"comment_status":"closed","ping_status":"closed","sticky":false,"template":"","format":"standard","meta":{"footnotes":""},"categories":[49,29,6],"tags":[334,73,11,10],"class_list":["post-2421","post","type-post","status-publish","format-standard","hentry","category-comics","category-ecc-ediciones","category-resenas","tag-coleccion-wonder-woman","tag-ecc-ediciones-dc-comics","tag-j-j-castillo","tag-resenas"],"_links":{"self":[{"href":"https:\/\/www.cronicasliterarias.es\/index.php?rest_route=\/wp\/v2\/posts\/2421","targetHints":{"allow":["GET"]}}],"collection":[{"href":"https:\/\/www.cronicasliterarias.es\/index.php?rest_route=\/wp\/v2\/posts"}],"about":[{"href":"https:\/\/www.cronicasliterarias.es\/index.php?rest_route=\/wp\/v2\/types\/post"}],"author":[{"embeddable":true,"href":"https:\/\/www.cronicasliterarias.es\/index.php?rest_route=\/wp\/v2\/users\/4"}],"replies":[{"embeddable":true,"href":"https:\/\/www.cronicasliterarias.es\/index.php?rest_route=%2Fwp%2Fv2%2Fcomments&post=2421"}],"version-history":[{"count":7,"href":"https:\/\/www.cronicasliterarias.es\/index.php?rest_route=\/wp\/v2\/posts\/2421\/revisions"}],"predecessor-version":[{"id":10382,"href":"https:\/\/www.cronicasliterarias.es\/index.php?rest_route=\/wp\/v2\/posts\/2421\/revisions\/10382"}],"wp:attachment":[{"href":"https:\/\/www.cronicasliterarias.es\/index.php?rest_route=%2Fwp%2Fv2%2Fmedia&parent=2421"}],"wp:term":[{"taxonomy":"category","embeddable":true,"href":"https:\/\/www.cronicasliterarias.es\/index.php?rest_route=%2Fwp%2Fv2%2Fcategories&post=2421"},{"taxonomy":"post_tag","embeddable":true,"href":"https:\/\/www.cronicasliterarias.es\/index.php?rest_route=%2Fwp%2Fv2%2Ftags&post=2421"}],"curies":[{"name":"wp","href":"https:\/\/api.w.org\/{rel}","templated":true}]}}