{"id":2494,"date":"2020-10-29T00:05:00","date_gmt":"2020-10-29T00:05:00","guid":{"rendered":"https:\/\/www.cronicasliterarias.es\/?p=2494"},"modified":"2020-10-29T11:41:08","modified_gmt":"2020-10-29T11:41:08","slug":"resena-el-fin-del-manana-vol-1-de-brian-azzarello-jeff-lemire-keith-giffen-dan-jurgens-jesus-merino-aaron-lopresti-y-patrick-zircher","status":"publish","type":"post","link":"https:\/\/www.cronicasliterarias.es\/?p=2494","title":{"rendered":"Rese\u00f1a: El Fin del Ma\u00f1ana Vol.1, de Brian Azzarello, Jeff Lemire, Keith Giffen, Dan Jurgens, Jes\u00fas Merino, Aaron Lopresti y Patrick Zircher"},"content":{"rendered":"<p align=\"JUSTIFY\"><img loading=\"lazy\" decoding=\"async\" class=\"alignright size-full wp-image-2496\" src=\"https:\/\/www.cronicasliterarias.es\/wp-content\/uploads\/2020\/10\/el_fin_del_mananaCL.jpg\" alt=\"\" width=\"250\" height=\"386\" srcset=\"https:\/\/www.cronicasliterarias.es\/wp-content\/uploads\/2020\/10\/el_fin_del_mananaCL.jpg 250w, https:\/\/www.cronicasliterarias.es\/wp-content\/uploads\/2020\/10\/el_fin_del_mananaCL-194x300.jpg 194w\" sizes=\"auto, (max-width: 250px) 100vw, 250px\" \/>Es ya normal ver que Brian Azzarello da una vuelta de tuerca a cualquier argumento. Se lo lleva a su terreno y ah\u00ed, esplende. \u00bfQu\u00e9 ocurre? Que si se rodea de Jeff Lemire, Keith Giffen y Dan Jurgens y junto a dibujantes de la categor\u00eda de Jes\u00fas Merino, Aaron Lopresti y Patrick Zircher, pues sale algo tan \u00e9pico y tan mol\u00f3n como es el arco <em>El Fin del Ma\u00f1ana.<\/em> Un primer volumen recopilatorio de dos que acaba de publicar ECC Ediciones en estas ediciones tan chulas y llevaderas que hace \u00faltimamente. Bien. Ahora quiero comenzar diciendo que le\u00ed semanalmente en c\u00f3mics USA cada n\u00famero de los que recoge esta edici\u00f3n. Semanalmente, a medida que se public\u00f3. Semanalmente. Lo que provoc\u00f3 que no hubiera ninguna duda de que quer\u00eda esto recopilado para disfrutarlo de un tir\u00f3n, una segunda revisi\u00f3n del material que me dir\u00eda si de verdad era una trama que merec\u00eda sitio en la balda comiquera. Bien. Ni que decir tiene que s\u00ed, es una obra que se disfruta m\u00e1s as\u00ed. Siempre, cuando se lee de seguidas. Y de una sola vez, o dos, ya ni os cuento. Soy de la opini\u00f3n de que las grapas fueron\/son un invento para crear hype, adem\u00e1s de tener como objetivo ayudar al jovenzuelo con sus gastos. Pero perjudica mucho la trama, sobre todo, s\u00ed es muy extensa. Siempre. Siempre la trama. O si no, prueba a ver una buena peli, cada d\u00eda, solo diez minutos de ella&#8230;<\/p>\n<p align=\"JUSTIFY\"><em>El Fin del Ma\u00f1ana <\/em>tiene mucho-mucho para disfrutar si eres de los fans de DC que buscan una versi\u00f3n diferente de algunos personajes segundones pasando a primer plano. El equipo de redacci\u00f3n de <em>El Fin del Ma\u00f1ana<\/em> (\u00a1Brainstorming!) siembra varios arcos diferentes desde el principio y me alegr\u00e9 de ver que con el flujo del intercambio, son mucho m\u00e1s estrictas y agradables esas historias as\u00ed recopiladas. La <span lang=\"es-ES\">introducci\u00f3n del personaje de Terry McGinnis en DCU (\u00a1el Batman del futuro) es muy entretenida. En esta colecci\u00f3n, los guionistas trabajan a trav\u00e9s de las historias un ritmo en\u00e9rgico y agradable. Sientes que la serie realmente acelera a medida que avanzas. <img loading=\"lazy\" decoding=\"async\" class=\"alignleft size-full wp-image-2497\" src=\"https:\/\/www.cronicasliterarias.es\/wp-content\/uploads\/2020\/10\/el_fin_del_manana01.jpg\" alt=\"\" width=\"209\" height=\"320\" srcset=\"https:\/\/www.cronicasliterarias.es\/wp-content\/uploads\/2020\/10\/el_fin_del_manana01.jpg 209w, https:\/\/www.cronicasliterarias.es\/wp-content\/uploads\/2020\/10\/el_fin_del_manana01-196x300.jpg 196w\" sizes=\"auto, (max-width: 209px) 100vw, 209px\" \/>Varios personajes se destacan en estos primeros veintitr\u00e9s n\u00fameros, sin contar los dos especiales por serie de Superman y Batman. Terry McGinnis es atractivo y entretenido en cada p\u00e1gina que aparece. <\/span>Bruce Wayne, envia al pasado a dicho aprendiz, pero en cuanto llega a una \u00e9poca imprevista, apenas cinco a\u00f1os tras el presente, el fin de todo ya se ha puesto marcha. Y la ayuda proviene de Firestorm, Mr. Terrific, Frankenstein o un nuevo Superman. Las cosas se ponen mal, muy mal, y aqu\u00ed es donde hay que elogiar al equipo de guionistas capaces de cosntruir un mundo, una realidad, dentro de tan solo cinco a\u00f1os, que asusta. Lo suficientemente din\u00e1mica como para querer saber m\u00e1s.<\/p>\n<p align=\"JUSTIFY\">Y m\u00e1s. Como os dec\u00eda, <em>El Fin del Ma\u00f1ana<\/em><span lang=\"es-ES\"> sigue una variada selecci\u00f3n de personajes en distintos lugares. La gran variedad de historias evita que el arco <\/span><span lang=\"es-ES\">repita ritmos; los guionistas incluso <\/span><span lang=\"es-ES\">cuentan el paso del tiempo dentro del c\u00f3mic. Una de las primeras alegr\u00edas, al menos para un fan como yo, es que buscan destacar a los personajes de la serie cancelada de <em>Los Nuevos 52<\/em>. En una sucesi\u00f3n bastante r\u00e1pida, tenemos Stormwatch, Frankenstein, Amethyst, Firestorm y Grifter, y justo cuando estaba pensando <em>Lo que lo har\u00eda perfecto ser\u00eda&#8230;<\/em> entonces, efectivamente, Voodoo sale en la p\u00e1gina siguiente. S\u00e9 que esto no atraer\u00e1 a todos, debido a que los t\u00edtulos de estos personajes en sus series se cancelaron aparentemente debido a las bajas ventas, pero puedo argumentar que es probable que la reuni\u00f3n de todos aqu\u00ed s\u00ed que atraiga a algunos de vosotros como pas\u00f3 conmigo. Tengo debilidad por los personajes desvalidos, que le vamos a hacer.<\/span><\/p>\n<p align=\"JUSTIFY\"><span lang=\"es-ES\">Supongo que <em>El Fin del Ma\u00f1ana<\/em><\/span><span lang=\"es-ES\"> mola <\/span><span lang=\"es-ES\">en gran medida porque solo tiene cuatro guionistas, y cuatro potentes: Brian Azzarello, Jeff Lemire, Dan\u00a0Jurgens y Keith Giffen. La mano de Lemire es evidente en los aspectos y el cr\u00e9dito creado para Frankenstein. Muy guapo el personaje en todos los sentidos. Nos deja tambi\u00e9n personajes enormemente atractivos, conceptos como S.H.A.D.E y su Granja de Hormigas, Ray Palmer como asesor cient\u00edfico (algo muy de Terror), un elenco de apoyo como Father Time (\u00bfPadre <img loading=\"lazy\" decoding=\"async\" class=\"alignright  wp-image-2498\" src=\"https:\/\/www.cronicasliterarias.es\/wp-content\/uploads\/2020\/10\/el_fin_del_manana02.jpg\" alt=\"\" width=\"254\" height=\"234\" \/>Tiempo?) y Nina, la mujer sirena, Emiko Queen y John Diggle. Equinoccio de la Liga de la Justicia Unida y el conmovedor discurso de Animal Man sobre su amistad con Green Arrow, son la repera. <\/span><span lang=\"es-ES\">Hay tambi\u00e9n Bat-Personajes presentes. Y Wonder Woman, quiz\u00e1s sorprendentemente, aparece poco. Azzarello inyecta algo de realidad, en el encarcelamiento de Frankenstein, Amethyst y Hawkman en un apartado lugar dentro de un nave espacial y&#8230; Bueno, poco os puedo contar m\u00e1s, porque, en realidad, este tomo da para contar mucho.<\/span><\/p>\n<p align=\"JUSTIFY\"><span lang=\"es-ES\">A veces, es dif\u00edcil preocuparse por los personajes de historias de realidad alternativa, pero tal como est\u00e1 configurado <em>El Fin del Ma\u00f1ana<\/em> con \u00abpersonajes menos deseados\u201d, funciona mejor de lo que hubiera pensado. Terry McGinnis, de treinta y cinco a\u00f1os por delante, lo ve como el pasado, no el futuro, y eso ayuda a que parezca menos una historia de futuros y desenlaces interminables (donde coches voladores y otras tecnolog\u00edas pseudo-futuristas comienzan a parecer extravagantes). Con un salto de tiempo tan corto, muchos de los personajes, a\u00fan son inminentemente reconocibles, incluidos los de Tierra 2 que aparecieron a mitad de camino. Sin embargo, un cambio bienvenido, como se evidencia en el funeral de Green Arrow, es que cinco a\u00f1os en el futuro, todos los h\u00e9roes se conocen entre s\u00ed, y hay un mayor sentido de comunidad que el que tenemos en el Universo DC actual. Ha pasado un tiempo desde que vimos un funeral de este tipo con una \u00abescena multitudinaria\u00bb y fue maravillosamente nost\u00e1lgico.<\/span><\/p>\n<p align=\"JUSTIFY\"><em><span lang=\"es-ES\">El Fin del Ma\u00f1ana<\/span><\/em><span lang=\"es-ES\"> zumba en muchos frentes. Es genial ver a Lois Lane recibir algo de atenci\u00f3n, y el misterio del Superman enmascarado me cautiv\u00f3 por completo, incluso habi\u00e9ndolo le\u00eddo ya. El uso de Emiko Queen como la nueva Flecha Verde, con Diggle, fue de nuevo un gran toque, y <img loading=\"lazy\" decoding=\"async\" class=\"alignleft size-full wp-image-2500\" src=\"https:\/\/www.cronicasliterarias.es\/wp-content\/uploads\/2020\/10\/el_fin_del_manana04.jpg\" alt=\"\" width=\"279\" height=\"307\" srcset=\"https:\/\/www.cronicasliterarias.es\/wp-content\/uploads\/2020\/10\/el_fin_del_manana04.jpg 279w, https:\/\/www.cronicasliterarias.es\/wp-content\/uploads\/2020\/10\/el_fin_del_manana04-273x300.jpg 273w\" sizes=\"auto, (max-width: 279px) 100vw, 279px\" \/>quede muy intrigado por esa historia de \u00abposible guerra en Tierra 2\u00bb. En resumen, Frankenstein, Amethyst y Hawkman son un equipo divertido, que recuerdan a Adam Strange, Animal Man y la propia excursi\u00f3n espacial de Starfire en <\/span><em><span lang=\"es-ES\">Los Nuevos 52<\/span><\/em><span lang=\"es-ES\">. El apartado gr\u00e1fico s\u00ed que es un vaiv\u00e9n de dibujantes que no le hace nada bien a las diferentes tramas. Ocurre siempre que se mete a demasiada gente. No me malinterpret\u00e9is, son la mayor\u00eda dibujantes de calidad que cumplen su cometido, pero no cuaja para nuestros ojos tanta diferencia en ciertos momentos. Con tantos cocineros en la cocina, generalmente, se da algunos pasos en falso&#8230; Pero dejando de lado la criticidad -porque sinceramente aqu\u00ed no toca- disfrut\u00e9 mucho de esta colecci\u00f3n. El Volumen 2 caer\u00e1 s\u00ed o s\u00ed. Tienen sitio en la balda. Hombre, por favor, pero qu\u00e9 preguntas son esas.<\/span><\/p>\n<p><span lang=\"es-ES\">\u00a0<\/span><\/p>\n","protected":false},"excerpt":{"rendered":"<p>Es ya normal ver que Brian Azzarello da una vuelta de tuerca a cualquier argumento. Se lo lleva a su terreno y ah\u00ed, esplende. \u00bfQu\u00e9 ocurre? Que si se rodea de Jeff Lemire, Keith Giffen y Dan Jurgens y junto a dibujantes de la categor\u00eda de Jes\u00fas Merino, Aaron Lopresti y Patrick Zircher, pues sale [&hellip;]<\/p>\n","protected":false},"author":4,"featured_media":0,"comment_status":"closed","ping_status":"closed","sticky":false,"template":"","format":"standard","meta":{"footnotes":""},"categories":[49,29,74,6],"tags":[73,172,11,10],"class_list":["post-2494","post","type-post","status-publish","format-standard","hentry","category-comics","category-ecc-ediciones","category-integral","category-resenas","tag-ecc-ediciones-dc-comics","tag-halloween-2020","tag-j-j-castillo","tag-resenas"],"_links":{"self":[{"href":"https:\/\/www.cronicasliterarias.es\/index.php?rest_route=\/wp\/v2\/posts\/2494","targetHints":{"allow":["GET"]}}],"collection":[{"href":"https:\/\/www.cronicasliterarias.es\/index.php?rest_route=\/wp\/v2\/posts"}],"about":[{"href":"https:\/\/www.cronicasliterarias.es\/index.php?rest_route=\/wp\/v2\/types\/post"}],"author":[{"embeddable":true,"href":"https:\/\/www.cronicasliterarias.es\/index.php?rest_route=\/wp\/v2\/users\/4"}],"replies":[{"embeddable":true,"href":"https:\/\/www.cronicasliterarias.es\/index.php?rest_route=%2Fwp%2Fv2%2Fcomments&post=2494"}],"version-history":[{"count":6,"href":"https:\/\/www.cronicasliterarias.es\/index.php?rest_route=\/wp\/v2\/posts\/2494\/revisions"}],"predecessor-version":[{"id":2506,"href":"https:\/\/www.cronicasliterarias.es\/index.php?rest_route=\/wp\/v2\/posts\/2494\/revisions\/2506"}],"wp:attachment":[{"href":"https:\/\/www.cronicasliterarias.es\/index.php?rest_route=%2Fwp%2Fv2%2Fmedia&parent=2494"}],"wp:term":[{"taxonomy":"category","embeddable":true,"href":"https:\/\/www.cronicasliterarias.es\/index.php?rest_route=%2Fwp%2Fv2%2Fcategories&post=2494"},{"taxonomy":"post_tag","embeddable":true,"href":"https:\/\/www.cronicasliterarias.es\/index.php?rest_route=%2Fwp%2Fv2%2Ftags&post=2494"}],"curies":[{"name":"wp","href":"https:\/\/api.w.org\/{rel}","templated":true}]}}