{"id":2798,"date":"2025-06-22T00:05:00","date_gmt":"2025-06-22T00:05:00","guid":{"rendered":"https:\/\/www.cronicasliterarias.es\/?p=2798"},"modified":"2025-06-22T19:41:51","modified_gmt":"2025-06-22T19:41:51","slug":"resena-aliens-polvo-al-polo-de-gabriel-hardman-y-rain-beredo","status":"publish","type":"post","link":"https:\/\/www.cronicasliterarias.es\/?p=2798","title":{"rendered":"Rese\u00f1a: Aliens. Polvo al Polvo"},"content":{"rendered":"<p align=\"JUSTIFY\"><img loading=\"lazy\" decoding=\"async\" class=\"alignleft  wp-image-2800\" src=\"https:\/\/www.cronicasliterarias.es\/wp-content\/uploads\/2020\/11\/aliens-polvoalpolvoCL.jpg\" alt=\"\" width=\"203\" height=\"306\" srcset=\"https:\/\/www.cronicasliterarias.es\/wp-content\/uploads\/2020\/11\/aliens-polvoalpolvoCL.jpg 239w, https:\/\/www.cronicasliterarias.es\/wp-content\/uploads\/2020\/11\/aliens-polvoalpolvoCL-199x300.jpg 199w\" sizes=\"auto, (max-width: 203px) 100vw, 203px\" \/>Si uno es un enamorado de la pel\u00edcula, de las pel\u00edculas, de los c\u00f3mics, de la franquicia, y no tiene para comer, tendr\u00e1 que salir fuera a buscarlo, \u00bfno? Al bosque, a la monta\u00f1a o a la tienda de c\u00f3mics. Para los que somos fans de <em>Alien<\/em>, y todo lo que el film de James Cameron y esa alineaci\u00f3n de autores inspirados crearon en su d\u00eda, en nuestro pa\u00eds el bosque-frutal se llama Norma Editorial. Lugar donde encontrar nuevas historias de una de las m\u00e1s geniales sagas de Terror de todos los tiempos. Entre sus novedades, anda este mes, <em>Aliens: Polvo al Polvo<\/em>. Un peque\u00f1o tomito en tapa dura que recopila la miniserie de cuatro n\u00fameros del guionista Gabriel Hardman, un examen aterrador de porqu\u00e9 hay que temer a los Xenomorfos. Despu\u00e9s de <em>Aliens: \u00d3rbita Muerta<\/em>, tenemos nueva aventura en <em>Aliens: Polvo al Polvo<\/em>. Al igual que con <em>\u00d3rbita Muerta<\/em>, <em>Polvo al Polvo<\/em> es otra serie en la que el escritor y el artista son una sola persona. En este caso, Gabriel Hardman. Debo decir que estoy disfrutando mucho al ver estas series publicadas en nuestro pa\u00eds, que el bosque siga dando fruta a los monos-frikis insistentes que somos, que necesitamos saber m\u00e1s y m\u00e1s de esta ambientaci\u00f3n. Pues adem\u00e1s gusta tambi\u00e9n encontrar una \u00fanica voz creativa que impulse narrativa y arte. Con un apoyo potente en el color como el que en este caso aporta Rain Beredo. <em>Aliens: Polvo al Polvo<\/em> abre en medio de un brote en la colonia Trono en LV-871, cuando el joven Maxon Cregar (Max) es despertado por los sonidos de otros colonos que intentan luchar contra los aliens. Pronto descubre a su madre con un \u201cregalito facial\u201d mientras duerme y cuando se resarcen de todo y ella despierta, madre e hijo intentan unirse a la lanzadera de escape para evacuar la colonia.<\/p>\n<p align=\"JUSTIFY\"><img loading=\"lazy\" decoding=\"async\" class=\"alignright  wp-image-2803\" src=\"https:\/\/www.cronicasliterarias.es\/wp-content\/uploads\/2020\/11\/aliens-polvoalpolvo02.jpeg\" alt=\"\" width=\"177\" height=\"145\" \/>Algo que realmente disfrut\u00e9 de esta miniserie es la sensaci\u00f3n de plena acci\u00f3n, de desasosiego, que tiene desde la primera p\u00e1gina. Te arrojan directamente al meollo de la cuesti\u00f3n. No hay una acumulaci\u00f3n lenta, no hay p\u00e1ginas de exposici\u00f3n y no hay una comprensi\u00f3n real de lo que est\u00e1 pasando o porqu\u00e9 se ha ido todo al garete en tan poco tiempo. Simplemente, ya se encuentran en medio de la infestaci\u00f3n e intentan salir de ella, cual peli de zombies. Otra cosa que me encanta es que est\u00e1 ambientada en una colonia que en realidad es\/era funcional y estaba desarrollada. Hay un puerto espacial, hay edificios y calles y no todos parecen estructuras prefabricadas. Mola ver una una mirada m\u00e1s completa a una de las colonias desarrolladas en el universo <em>Alien<\/em>. Pero desafortunadamente, fue algo as\u00ed como un vistazo corto, aunque se disfruta esa mini-ambientaci\u00f3n propuesta. Dicho esto, finalmente llega una explicaci\u00f3n en las p\u00e1ginas finales del \u00faltimo n\u00famero y, en mi opini\u00f3n, hubiera estado perfectamente bien sin ello. A veces, es mejor no saber, o quiz\u00e1s soy yo al que le gusta brindar por los finales abiertos.<\/p>\n<p align=\"JUSTIFY\">Le\u00ed una entrevista en la que Gabriel Hardman hablaba de estos c\u00f3mics que al parecer son una serie en su conjunto. El autor sol\u00eda hablar de c\u00f3mo deliberadamente quer\u00eda utilizar a un personaje m\u00e1s joven como protagonista principal para reforzar un sentimiento de impotencia y falta de comprensi\u00f3n. Y lo cierto es, que encaja bastante bien con la falta general de antecedentes de la situaci\u00f3n. Pero as\u00ed como en otros c\u00f3mics alabo la insistencia de crear unos personajes realistas, en <em>Aliens: Polvo al Polvo<\/em> el m\u00e9rito es otro. Una aventura muy rolera, si me permit\u00eds. Aqu\u00ed, pasa esto, y s\u00e1lvese quien pueda. Ya veremos despu\u00e9s. No encuentras ning\u00fan personaje perdurable, el Capit\u00e1n de la lanzadera de escape ni siquiera tiene un nombre. Y no es algo malo. Todo lo contrario. Es otro modo de contar una historia. Es decir, Hardman hizo algo interesante con Maxon <img loading=\"lazy\" decoding=\"async\" class=\"alignleft  wp-image-2804\" src=\"https:\/\/www.cronicasliterarias.es\/wp-content\/uploads\/2020\/11\/aliens-polvoalpolvo04.jpeg\" alt=\"\" width=\"196\" height=\"188\" \/>que me gust\u00f3 bastante. Aunque es el personaje principal, aprendemos muy poco sobre \u00e9l a lo largo de la historia. Tiene el impulso de sobrevivir, como todo ser humano, y lo que dicen los que le rodean realmente parece afectarlo, pero vocaliza muy poco sus pensamientos.<\/p>\n<p align=\"JUSTIFY\">Tambi\u00e9n me gust\u00f3 especialmente el trabajo de dise\u00f1o. Un problema que tengo con muchos de los c\u00f3mics antiguos de la serie es que no necesariamente parecen encajar en el universo de <em>Alien<\/em>, o al menos a m\u00ed me lo parece en apariencia, entornos y tecnolog\u00eda. Bien, pues os aseguro que <em>Aliens: Polvo al Polvo<\/em> introduce directamente al universo peliculero.<\/p>\n<p align=\"JUSTIFY\">Un gran marco, una gran construcci\u00f3n ilustrada, una buena aventura.<\/p>\n","protected":false},"excerpt":{"rendered":"<p>Si uno es un enamorado de la pel\u00edcula, de las pel\u00edculas, de los c\u00f3mics, de la franquicia, y no tiene para comer, tendr\u00e1 que salir fuera a buscarlo, \u00bfno? Al bosque, a la monta\u00f1a o a la tienda de c\u00f3mics. Para los que somos fans de Alien, y todo lo que el film de James [&hellip;]<\/p>\n","protected":false},"author":4,"featured_media":0,"comment_status":"closed","ping_status":"closed","sticky":false,"template":"","format":"standard","meta":{"footnotes":""},"categories":[49,30,6,8],"tags":[11,165,10,329],"class_list":["post-2798","post","type-post","status-publish","format-standard","hentry","category-comics","category-norma-editorial","category-resenas","category-terror","tag-j-j-castillo","tag-norma-editorial-usa","tag-resenas","tag-saga-alien"],"_links":{"self":[{"href":"https:\/\/www.cronicasliterarias.es\/index.php?rest_route=\/wp\/v2\/posts\/2798","targetHints":{"allow":["GET"]}}],"collection":[{"href":"https:\/\/www.cronicasliterarias.es\/index.php?rest_route=\/wp\/v2\/posts"}],"about":[{"href":"https:\/\/www.cronicasliterarias.es\/index.php?rest_route=\/wp\/v2\/types\/post"}],"author":[{"embeddable":true,"href":"https:\/\/www.cronicasliterarias.es\/index.php?rest_route=\/wp\/v2\/users\/4"}],"replies":[{"embeddable":true,"href":"https:\/\/www.cronicasliterarias.es\/index.php?rest_route=%2Fwp%2Fv2%2Fcomments&post=2798"}],"version-history":[{"count":9,"href":"https:\/\/www.cronicasliterarias.es\/index.php?rest_route=\/wp\/v2\/posts\/2798\/revisions"}],"predecessor-version":[{"id":18998,"href":"https:\/\/www.cronicasliterarias.es\/index.php?rest_route=\/wp\/v2\/posts\/2798\/revisions\/18998"}],"wp:attachment":[{"href":"https:\/\/www.cronicasliterarias.es\/index.php?rest_route=%2Fwp%2Fv2%2Fmedia&parent=2798"}],"wp:term":[{"taxonomy":"category","embeddable":true,"href":"https:\/\/www.cronicasliterarias.es\/index.php?rest_route=%2Fwp%2Fv2%2Fcategories&post=2798"},{"taxonomy":"post_tag","embeddable":true,"href":"https:\/\/www.cronicasliterarias.es\/index.php?rest_route=%2Fwp%2Fv2%2Ftags&post=2798"}],"curies":[{"name":"wp","href":"https:\/\/api.w.org\/{rel}","templated":true}]}}