{"id":2835,"date":"2025-11-19T00:25:00","date_gmt":"2025-11-19T00:25:00","guid":{"rendered":"https:\/\/www.cronicasliterarias.es\/?p=2835"},"modified":"2025-11-20T18:26:53","modified_gmt":"2025-11-20T18:26:53","slug":"resena-memoria-de-jean-paul-eid-y-claude-paiment","status":"publish","type":"post","link":"https:\/\/www.cronicasliterarias.es\/?p=2835","title":{"rendered":"Rese\u00f1a: Memoria, de Jean-Paul Eid y Claude Paiement"},"content":{"rendered":"<p align=\"JUSTIFY\"><img loading=\"lazy\" decoding=\"async\" class=\"alignleft  wp-image-2837\" src=\"https:\/\/www.cronicasliterarias.es\/wp-content\/uploads\/2020\/11\/MEMORIACL.jpg\" alt=\"\" width=\"225\" height=\"307\" srcset=\"https:\/\/www.cronicasliterarias.es\/wp-content\/uploads\/2020\/11\/MEMORIACL.jpg 264w, https:\/\/www.cronicasliterarias.es\/wp-content\/uploads\/2020\/11\/MEMORIACL-220x300.jpg 220w\" sizes=\"auto, (max-width: 225px) 100vw, 225px\" \/>Una distop\u00eda. Sigo acumulando lecturas sobre este subg\u00e9nero creador de sociedades ficticias indeseables en s\u00ed misma. Y es que a poco que escarbes, hay muchas ideas chulas por encontrar, leer, argumentos que inspiran. <em>Memoria<\/em> ha sido rescatada del pasado (en un solo volumen) por la recomendable editorial de manga y c\u00f3mic europeo, Ponent Mon. <em>Memoria<\/em> es una de las mejores obras dist\u00f3picas que existen en la BD. Una trama bastante bien labrada, desordenada en su secci\u00f3n central para desestabilizar al lector, nos muestra c\u00f3mo existimos entre dos mundos, el real y el ficticio, y ambos pueden interpenetrarse. Eternamente comparable con el film <em>Matrix<\/em>, quiz\u00e1s algunos no sepan que se public\u00f3 exactamente el mismo a\u00f1o (1999). Curioso. Lo hizo como <em>Le naufrag\u00e9 de Memoria<\/em>, y en mi opini\u00f3n, el potencialmente parecido es que el centro de todo es una matriz y&#8230;, los universos paralelos dan lugar a multitud de intrigas m\u00e1s o menos originales. No obstante, por c\u00f3mo y d\u00f3nde, m\u00e1s recuerda a la pel\u00edcula <em>Existenz<\/em>, de David Cronenberg. Una genialidad no tan conocida.<\/p>\n<p align=\"JUSTIFY\">Nos trasladamos a 1930, a una megal\u00f3polis americana llamada Memoria. Benjam\u00edn Blake es taxista, y en su ciudad, hasta el m\u00e1s peque\u00f1o escondrijo oscuro conoce&#8230; Hasta que un d\u00eda, un cliente paranoico deja una maleta olvidada en el asiento trasero de su taxi. A partir de entonces, sabiendo lo que contiene, su vida se convierte en un delirio de pesadilla. Hay algunas verdades que es mejor no saber, dicen. Pues Benjam\u00edn y sus conciudadanos son, de hecho, simples criaturas inform\u00e1ticas que habitan una ciudad virtual. Los turistas del siglo XXI acuden a Memoria para revivir el frenes\u00ed de los locos a\u00f1os 20-30 y as\u00ed satisfacer sus deseos m\u00e1s oscuros. El universo en el que est\u00e1n inmersos est\u00e1 totalmente sintetizado gracias a una gelatina o l\u00edquido inteligente desarrollado a principios del milenio por una inteligencia artificial. Benjam\u00edn es, por tanto, s\u00f3lo un extra en este formidable parque de atracciones. Un juguete inteligente al servicio de estos turistas virtuales, quiz\u00e1s un juguete roto por SABER ya, m\u00e1s de la cuenta.<\/p>\n<p align=\"JUSTIFY\"><img loading=\"lazy\" decoding=\"async\" class=\"alignright  wp-image-2838\" src=\"https:\/\/www.cronicasliterarias.es\/wp-content\/uploads\/2020\/11\/MEMORIA03.jpg\" alt=\"\" width=\"216\" height=\"168\" \/>Las distop\u00edas a menudo se caracterizan por la deshumanizaci\u00f3n, los gobiernos tir\u00e1nicos, los desastres ambientales y otras caracter\u00edsticas asociadas con un declive catacl\u00edsmico en la sociedad. Las sociedades dist\u00f3picas aparecen en muchas obras de ficci\u00f3n y representaciones art\u00edsticas, particularmente en historias ambientadas en el futuro. Las sociedades dist\u00f3picas aparecen en muchos subg\u00e9neros de ficci\u00f3n y a menudo se utilizan para llamar la atenci\u00f3n sobre el medio ambiente, la pol\u00edtica, la econom\u00eda, religi\u00f3n, psicolog\u00eda, \u00e9tica, ciencia o tecnolog\u00eda. Por otro lado (y como no me gusta rebozar con una salsa diferente), aqu\u00ed se toma como para\u00edso una especie de Nueva York de los a\u00f1os 30. Nos perderemos por completo en los meandros de esta triste historia para esos seres que en realidad, empiezan a saber que en realidad \u00abno existen\u00bb. \u00bfO s\u00ed? \u00bfPodemos estar en ninguna parte y en todas partes al mismo tiempo?<\/p>\n<p align=\"JUSTIFY\">Una lectura que mezcla realidad, realidad virtual y mundo paralelo, al mismo tiempo. La segunda parte de la historia es una larga b\u00fasqueda de un intruso del mundo virtual, que opera en lo que \u00e9l llama la Sombra, y que, sin esperanza de ser rescatado, luchar\u00e1 por restaurar la verdad. Es bastante profundo e interesante, lo que se cuenta al final del volumen. Es el t\u00edpico: \u00ab\u00bfEstoy jodido? Pues a la mierda todo&#8230;\u00bb. <em>Memoria<\/em> sirve un dibujo cl\u00e1sico, con encuadres atrevidos pero bien vistos la mayor parte del tiempo. El dise\u00f1o de Jean-Paul Eid es hermoso incluso si los colores no parecen bien elegidos. S\u00ed que adolece de una coloraci\u00f3n algo anticuada, pero estamos hablando de una historia con m\u00e1s <img loading=\"lazy\" decoding=\"async\" class=\"alignleft  wp-image-2839\" src=\"https:\/\/www.cronicasliterarias.es\/wp-content\/uploads\/2020\/11\/MEMORIA01.jpg\" alt=\"\" width=\"281\" height=\"218\" srcset=\"https:\/\/www.cronicasliterarias.es\/wp-content\/uploads\/2020\/11\/MEMORIA01.jpg 404w, https:\/\/www.cronicasliterarias.es\/wp-content\/uploads\/2020\/11\/MEMORIA01-300x232.jpg 300w\" sizes=\"auto, (max-width: 281px) 100vw, 281px\" \/>de veinte a\u00f1os, y a mi modo de ver, para los distintos niveles de realidad, las diferentes texturas y atm\u00f3sferas quedan ideales. Realmente, <em>Memoria<\/em> es un c\u00f3mic que dan ganas de sumergirte en \u00e9l, a poco que vas avanzando. Sin embargo, (ocurr\u00eda con <em>Matrix<\/em> y con<em> Existenz<\/em>) tienes que aguantar un poco para que tu cerebro empiece a comprender. Sobre todo, si no has le\u00eddo esta rese\u00f1a. Un guion que nada en un <em>d\u00e9j\u00e0 vu<\/em>. Una idea simple, que cambiando dos conceptos, se vuelve original. Pese a conocer conceptos, ning\u00fan riesgo de aburrirse al leerlo.<\/p>\n","protected":false},"excerpt":{"rendered":"<p>Una distop\u00eda. Sigo acumulando lecturas sobre este subg\u00e9nero creador de sociedades ficticias indeseables en s\u00ed misma. Y es que a poco que escarbes, hay muchas ideas chulas por encontrar, leer, argumentos que inspiran. Memoria ha sido rescatada del pasado (en un solo volumen) por la recomendable editorial de manga y c\u00f3mic europeo, Ponent Mon. Memoria [&hellip;]<\/p>\n","protected":false},"author":4,"featured_media":0,"comment_status":"closed","ping_status":"closed","sticky":false,"template":"","format":"standard","meta":{"footnotes":""},"categories":[53,33,44,18,6],"tags":[472,11,19,10],"class_list":["post-2835","post","type-post","status-publish","format-standard","hentry","category-bd","category-ciencia-ficcion","category-comic-europeo","category-ponent-mon","category-resenas","tag-comic-europeo-2025","tag-j-j-castillo","tag-ponent-mon","tag-resenas"],"_links":{"self":[{"href":"https:\/\/www.cronicasliterarias.es\/index.php?rest_route=\/wp\/v2\/posts\/2835","targetHints":{"allow":["GET"]}}],"collection":[{"href":"https:\/\/www.cronicasliterarias.es\/index.php?rest_route=\/wp\/v2\/posts"}],"about":[{"href":"https:\/\/www.cronicasliterarias.es\/index.php?rest_route=\/wp\/v2\/types\/post"}],"author":[{"embeddable":true,"href":"https:\/\/www.cronicasliterarias.es\/index.php?rest_route=\/wp\/v2\/users\/4"}],"replies":[{"embeddable":true,"href":"https:\/\/www.cronicasliterarias.es\/index.php?rest_route=%2Fwp%2Fv2%2Fcomments&post=2835"}],"version-history":[{"count":6,"href":"https:\/\/www.cronicasliterarias.es\/index.php?rest_route=\/wp\/v2\/posts\/2835\/revisions"}],"predecessor-version":[{"id":19975,"href":"https:\/\/www.cronicasliterarias.es\/index.php?rest_route=\/wp\/v2\/posts\/2835\/revisions\/19975"}],"wp:attachment":[{"href":"https:\/\/www.cronicasliterarias.es\/index.php?rest_route=%2Fwp%2Fv2%2Fmedia&parent=2835"}],"wp:term":[{"taxonomy":"category","embeddable":true,"href":"https:\/\/www.cronicasliterarias.es\/index.php?rest_route=%2Fwp%2Fv2%2Fcategories&post=2835"},{"taxonomy":"post_tag","embeddable":true,"href":"https:\/\/www.cronicasliterarias.es\/index.php?rest_route=%2Fwp%2Fv2%2Ftags&post=2835"}],"curies":[{"name":"wp","href":"https:\/\/api.w.org\/{rel}","templated":true}]}}