{"id":2904,"date":"2025-11-26T00:05:00","date_gmt":"2025-11-26T00:05:00","guid":{"rendered":"https:\/\/www.cronicasliterarias.es\/?p=2904"},"modified":"2026-04-03T08:10:39","modified_gmt":"2026-04-03T08:10:39","slug":"resena-las-reinas-de-sangre-catalina-de-medici-la-reina-maldita-de-arnaud-delalande-simona-mogavino-y-carlos-gomez","status":"publish","type":"post","link":"https:\/\/www.cronicasliterarias.es\/?p=2904","title":{"rendered":"Rese\u00f1a: Catalina de M\u00e9dici. La Reina Maldita"},"content":{"rendered":"<p align=\"JUSTIFY\"><img loading=\"lazy\" decoding=\"async\" class=\"alignleft  wp-image-2906\" src=\"https:\/\/www.cronicasliterarias.es\/wp-content\/uploads\/2020\/12\/catalina_de_mediciCL.jpg\" alt=\"\" width=\"197\" height=\"277\" srcset=\"https:\/\/www.cronicasliterarias.es\/wp-content\/uploads\/2020\/12\/catalina_de_mediciCL.jpg 285w, https:\/\/www.cronicasliterarias.es\/wp-content\/uploads\/2020\/12\/catalina_de_mediciCL-214x300.jpg 214w\" sizes=\"auto, (max-width: 197px) 100vw, 197px\" \/>Pelotazos, los c\u00f3mics europeos que publica Yermo Ediciones casi mes a mes. No solo porque el 90% de sus ediciones sean una maravilla a los ojos, en realidad, tienen mucho contenido \u00fanico que rara vez vais a encontrar publicado en otra edici\u00f3n. Por supuesto, hablo de nuestro pa\u00eds. Por eso hay que poner un poquito de atenci\u00f3n, hacer un esfuerzo econ\u00f3mico en muchos casos, pero llevarte a casa \u00e1lbumes de calidad y en formato \u00edntegro (que es por lo que yo abogo). Conseguir chuladas, tesoros, como este genial volumen de <em>Catalina de M\u00e9dici<\/em> que acabo de leer. Un titulo para la colecci\u00f3n <em>Las Reinas de Sangre<\/em>.<\/p>\n<p align=\"JUSTIFY\">Gracias a este c\u00f3mic, descubr\u00ed que no sab\u00eda casi nada de Catalina de M\u00e9dici. Yo que tengo como una de mis aficiones leer y documentarme sobre personajes hist\u00f3ricos de la realeza, algo diferentes. A decir verdad, incluso la confund\u00ed con Mar\u00eda de M\u00e9dici, la esposa de Enrique IV. Y ni siquiera me di cuenta al principio, que esta historia expande de alg\u00fan modo lo contado <em>Charly 9<\/em> (un c\u00f3mic que me pas\u00f3 mi tito americano donde se demuestra que Carlos IX fue de todos los reyes de Francia, un ni\u00f1ato terrible en consecuencias de sus actos). Adem\u00e1s, cuando ves a la ni\u00f1a sonriente y agradable que es en su juventud Catalina de M\u00e9dici, resulta dif\u00edcil imaginar que ser\u00e1 la regente que desencadenar\u00e1 las Bodas de Sangre, el estallido inicial de la masacre de Saint-Barth\u00e9l\u00e9my. Y, sin embargo, precisamente, los hechos narrados en la primera parte del c\u00f3mic, los que explican su personalidad y el estado de \u00e1nimo de su reinado y su regencia, s\u00ed que hacen que empiece a oler mal la cosa desde muy pronto.<\/p>\n<p align=\"JUSTIFY\">Ciertamente noble y segura de su autoridad, la joven duquesa se hizo querer entre sus sirvientes. Pero s\u00f3lo hasta la tragedia de 1527 cuando el Papa Clemente VII se rindi\u00f3 al ej\u00e9rcito de Carlos V y los partidarios de la Rep\u00fablica de Florencia se aprovecharon de \u00e9l para atacar a los M\u00e9dici y mantenerlos prisioneros y humillados. Una vez liberada, una Catalina realzada en su orgullo, recupera su esplendor pero mantendr\u00e1 una actitud cautelosa e inteligente, marcada por su pasado. Esta habilidad y las circunstancias, la convertir\u00e1n en una poderosa reina de Francia y luego en regente&#8230; Con una mala reputaci\u00f3n que se le pegar\u00e1 en la piel, con esa famosa trama de Sainte-Barth\u00e9l\u00e9my grabada a fuego en su nombre. Una de las grandes barbaridades escritas en la historia m\u00e1s horrorosa del viejo continente.<\/p>\n<p align=\"JUSTIFY\"><img loading=\"lazy\" decoding=\"async\" class=\"aligncenter  wp-image-2907\" src=\"https:\/\/www.cronicasliterarias.es\/wp-content\/uploads\/2020\/12\/catalina_de_medici03.jpg\" alt=\"\" width=\"226\" height=\"150\" srcset=\"https:\/\/www.cronicasliterarias.es\/wp-content\/uploads\/2020\/12\/catalina_de_medici03.jpg 721w, https:\/\/www.cronicasliterarias.es\/wp-content\/uploads\/2020\/12\/catalina_de_medici03-300x200.jpg 300w\" sizes=\"auto, (max-width: 226px) 100vw, 226px\" \/><\/p>\n<p align=\"JUSTIFY\">Tenemos una muy buena serie hist\u00f3rica aqu\u00ed. Con un dibujo de gran calidad, realista y muy cuidado. Algunos dir\u00e1n, como siempre en la BD. Bueno, como siempre no. Como tienden la mayor\u00eda de ilustradores de las grandes editoriales, s\u00ed. Si tuviera que poner una pega a las ilustraciones por el mero hecho de decir algo, ser\u00eda una queja a esa propensi\u00f3n del dise\u00f1ador argentino Carlos G\u00f3mez a hacer que los dientes de los personajes sean un poco demasiado visibles tan pronto como gritan o muestran grandes emociones. Pero por lo dem\u00e1s, es visualmente impecable y detallado; un estilo muy realista que funciona muy bien para los c\u00f3mics hist\u00f3ricos, donde gusta apreciar la expresividad de los personajes.<\/p>\n<p align=\"JUSTIFY\">Buen gui\u00f3n de Arnaud Delalande y Simona Mogavino, pues la situaci\u00f3n hist\u00f3rica y pol\u00edtica de la \u00e9poca es muy compleja, al igual que lo fue la propia vida de Catalina de M\u00e9dici, por lo que he ido descubriendo despu\u00e9s. Ese es el talento de los dos guionistas, haber sabido hacer inteligible el embrollo de este per\u00edodo hist\u00f3rico, cautiv\u00e1ndonos primero con la juventud de este personaje que marc\u00f3 la historia de Francia. Por mi parte, provocando que recurriera de nuevo al volumen (leerlo-informarme-leerlo nuevamente), y darme cuenta <img loading=\"lazy\" decoding=\"async\" class=\"alignright  wp-image-2908\" src=\"https:\/\/www.cronicasliterarias.es\/wp-content\/uploads\/2020\/12\/catalina_de_medici01.jpg\" alt=\"\" width=\"137\" height=\"154\" srcset=\"https:\/\/www.cronicasliterarias.es\/wp-content\/uploads\/2020\/12\/catalina_de_medici01.jpg 292w, https:\/\/www.cronicasliterarias.es\/wp-content\/uploads\/2020\/12\/catalina_de_medici01-268x300.jpg 268w\" sizes=\"auto, (max-width: 137px) 100vw, 137px\" \/>que los autores logran dejarlo muy comprensible. En algunas partes es denso, a veces hay que aguantar un poco para no perder el paso, sobre todo, si vas de nuevas. Pero mientras leas despierto, buen t\u00e9 o caf\u00e9 en mano, ver\u00e1s que el c\u00f3mic est\u00e1 muy bien contado y aporta conocimiento. Cualquier lector de novela de hist\u00f3rica, lo disfrutar\u00e1 mogoll\u00f3n. Permite aprender mucho sobre una \u00e9poca en la que muy pocos indagan. Incluso yo, que soy un pobre historiador, tengo ya presente la importancia de este personaje en una Europa compleja de entender a mediados del siglo XVI.<\/p>\n<p align=\"JUSTIFY\">Gran trabajo, s\u00faper recomendable para amantes del c\u00f3mic de calidad y buenas historias adaptadas.<\/p>\n","protected":false},"excerpt":{"rendered":"<p>Pelotazos, los c\u00f3mics europeos que publica Yermo Ediciones casi mes a mes. No solo porque el 90% de sus ediciones sean una maravilla a los ojos, en realidad, tienen mucho contenido \u00fanico que rara vez vais a encontrar publicado en otra edici\u00f3n. Por supuesto, hablo de nuestro pa\u00eds. Por eso hay que poner un poquito [&hellip;]<\/p>\n","protected":false},"author":4,"featured_media":0,"comment_status":"closed","ping_status":"closed","sticky":false,"template":"","format":"standard","meta":{"footnotes":""},"categories":[53,44,6,104],"tags":[337,11,10,105],"class_list":["post-2904","post","type-post","status-publish","format-standard","hentry","category-bd","category-comic-europeo","category-resenas","category-yermo-ediciones","tag-ciclo-las-reinas-de-sangre","tag-j-j-castillo","tag-resenas","tag-yermo-ediciones"],"_links":{"self":[{"href":"https:\/\/www.cronicasliterarias.es\/index.php?rest_route=\/wp\/v2\/posts\/2904","targetHints":{"allow":["GET"]}}],"collection":[{"href":"https:\/\/www.cronicasliterarias.es\/index.php?rest_route=\/wp\/v2\/posts"}],"about":[{"href":"https:\/\/www.cronicasliterarias.es\/index.php?rest_route=\/wp\/v2\/types\/post"}],"author":[{"embeddable":true,"href":"https:\/\/www.cronicasliterarias.es\/index.php?rest_route=\/wp\/v2\/users\/4"}],"replies":[{"embeddable":true,"href":"https:\/\/www.cronicasliterarias.es\/index.php?rest_route=%2Fwp%2Fv2%2Fcomments&post=2904"}],"version-history":[{"count":8,"href":"https:\/\/www.cronicasliterarias.es\/index.php?rest_route=\/wp\/v2\/posts\/2904\/revisions"}],"predecessor-version":[{"id":20907,"href":"https:\/\/www.cronicasliterarias.es\/index.php?rest_route=\/wp\/v2\/posts\/2904\/revisions\/20907"}],"wp:attachment":[{"href":"https:\/\/www.cronicasliterarias.es\/index.php?rest_route=%2Fwp%2Fv2%2Fmedia&parent=2904"}],"wp:term":[{"taxonomy":"category","embeddable":true,"href":"https:\/\/www.cronicasliterarias.es\/index.php?rest_route=%2Fwp%2Fv2%2Fcategories&post=2904"},{"taxonomy":"post_tag","embeddable":true,"href":"https:\/\/www.cronicasliterarias.es\/index.php?rest_route=%2Fwp%2Fv2%2Ftags&post=2904"}],"curies":[{"name":"wp","href":"https:\/\/api.w.org\/{rel}","templated":true}]}}