{"id":3372,"date":"2026-02-12T00:05:00","date_gmt":"2026-02-12T00:05:00","guid":{"rendered":"https:\/\/www.cronicasliterarias.es\/?p=3372"},"modified":"2026-02-13T08:17:12","modified_gmt":"2026-02-13T08:17:12","slug":"resena-cuento-contigo-de-santiago-segura-y-max","status":"publish","type":"post","link":"https:\/\/www.cronicasliterarias.es\/?p=3372","title":{"rendered":"Rese\u00f1a: Cuento Contigo"},"content":{"rendered":"<p align=\"JUSTIFY\"><img loading=\"lazy\" decoding=\"async\" class=\"alignleft  wp-image-3374\" src=\"https:\/\/www.cronicasliterarias.es\/wp-content\/uploads\/2021\/01\/cuentocontigoCL.jpg\" alt=\"\" width=\"229\" height=\"280\" srcset=\"https:\/\/www.cronicasliterarias.es\/wp-content\/uploads\/2021\/01\/cuentocontigoCL.jpg 270w, https:\/\/www.cronicasliterarias.es\/wp-content\/uploads\/2021\/01\/cuentocontigoCL-245x300.jpg 245w\" sizes=\"auto, (max-width: 229px) 100vw, 229px\" \/>No existe cuento que no venga con moraleja. Para ni\u00f1os, para mayores, para ancianos&#8230;, cada uno toma y recibe de un modo diferente lo que est\u00e1 ah\u00ed, en el cuento, en la historia fant\u00e1stica que se asume mejor. El principal mensaje de Santiago Segura (s\u00ed, s\u00ed, el que est\u00e1is pensando, el cineasta que hace de todo) en <em>Cuento Contigo<\/em> es, que centremos de una vez por todas nuestro pensamiento, en el mal que por norma general nos hacen los tel\u00e9fonos, tablets o televisiones\u2026 Que hagamos algo. En un estupendo libro ilustrado que publica Nuevo Nueve, la cada vez m\u00e1s referente editorial, Santiago Segura se ayuda de las maravillosas ilustraciones de Max, para transmitirnos de \u201cmodo natural\u201d una historia que habla de la vagancia y de como el ni\u00f1o, el adolescente, y dir\u00eda que muchos viej\u00f3venes a\u00fan, deben dar el paso y buscarse su realidad. Su futuro cercano, su presente, el mejor destino para uno mismo.<\/p>\n<p align=\"JUSTIFY\">En <em>Cuento Contigo<\/em> se nos presenta al Se\u00f1or Tiempo. Un misterioso caballero que hace frente a los personajes de los cuentos cl\u00e1sicos para decirles que su tiempo se ha acabado. Ahora hay que animar a los ni\u00f1os a que vivan sus propias aventuras. El dibujante Max asegur\u00f3 en una entrevista que su aspecto minimalista se debe a que concede el Tiempo como concepto abstracto. Sin detalles. De hecho, ese se\u00f1or lleva una chistera que obedece a la idea que se le vino a la cabeza como Maestro de Ceremonias. Ese t\u00edo serio que coge a los ni\u00f1os de la mano y los acompa\u00f1a al otro lado del puente. Hacia lo que es el presente real y un posible futuro. Sin embargo, Santiago Segura insiste que, en realidad, <em>Cuento Contigo<\/em> no deja de ser un homenaje, en verso, a la literatura infantil de \u00e9poca, la que nos ha marcado a muchos a lo largo de los a\u00f1os.<\/p>\n<p align=\"JUSTIFY\">Siendo sincero, me pareci\u00f3 un cuento extra\u00f1o para leer a peques por que ellos llevan en los genes amar la Fantas\u00eda, lo diferente, la magia. Por mucho tema digital que los rodee, si de peque\u00f1os les ense\u00f1as el valor de la lectura, lo maravilloso de vivir dentro de un fant\u00e1stico mundo con tan solo leer \u201choja tras hoja\u201d (y te ven hacerlo); con poco se engancharan a ese lugar so\u00f1ado que est\u00e1 solo a un paso. En su m\u00e1s temprana infancia se fijan mucho en lo que hacemos los que vivimos cerca. Y te imitan cuando menos te lo esperas. Sobre todo, si no insistes en que te copien. Es curioso, pero muchos de vosotros, padres, seguro que est\u00e1is asintiendo ahora mismo. Por eso un cuento en el que se intenta espantar de alguna forma la idea de amar lo fant\u00e1stico de por vida, en principio, no me encajaba. No lo vi. No obstante, me aventur\u00e9 a leerle <em>Cuento Contigo<\/em> a mi peque y curiosamente se interes\u00f3 por la historia al igual que lo hizo la primera vez que oy\u00f3 <em>Hansel y Gretel<\/em> o <em>Jack y las Habichuelas M\u00e1gicas<\/em>. Quer\u00eda saber m\u00e1s de ese tipo -\u00abel canijo de negro-, el Se\u00f1or Tiempo, y qu\u00e9 quer\u00eda y por qu\u00e9 era tan seriote.<\/p>\n<p align=\"JUSTIFY\">A lo que voy es que funciona. De alg\u00fan modo, Segura y Max hicieron que mi peque se interesara por una historia diferente que promueve todo lo contrario a los cuentos que ya le\u00edan los abuelos de nuestros abuelos.<\/p>\n<p align=\"JUSTIFY\">Dicen que Francesc Capdevila \u2018Max\u2019 es uno esos artistas magn\u00edficos que tenemos en este pa\u00eds al que poco reconocimiento se le da. No estoy nada de acuerdo. Sus dibujos vistos por internet, me empujaron a querer saber m\u00e1s sobre <em>Cuento Contigo<\/em>. Santiago Segura es polifac\u00e9tico s\u00ed, pero no es santo de mi devoci\u00f3n. Para m\u00ed, Max es quien realmente da vida a este \u201cdrama\u201d que tiene apenas treinta p\u00e1ginas y que no es otra cosa que una met\u00e1fora de vida, del cambio que todo ser humano debe superar.<\/p>\n<p align=\"JUSTIFY\">Sorprender\u00e1 a padres e hijos.<\/p>\n<p align=\"JUSTIFY\">Por supuesto, destacar que los autores han cedido los derechos de esta obra, los beneficios que obtengan de su publicaci\u00f3n, a la Fundaci\u00f3n Aladina, que presta apoyo integral a los ni\u00f1os y adolescentes enfermos de c\u00e1ncer.<\/p>\n<p align=\"JUSTIFY\">Eso s\u00ed que les hace grandes a ambos.<\/p>\n","protected":false},"excerpt":{"rendered":"<p>No existe cuento que no venga con moraleja. Para ni\u00f1os, para mayores, para ancianos&#8230;, cada uno toma y recibe de un modo diferente lo que est\u00e1 ah\u00ed, en el cuento, en la historia fant\u00e1stica que se asume mejor. El principal mensaje de Santiago Segura (s\u00ed, s\u00ed, el que est\u00e1is pensando, el cineasta que hace de [&hellip;]<\/p>\n","protected":false},"author":4,"featured_media":0,"comment_status":"closed","ping_status":"closed","sticky":false,"template":"","format":"standard","meta":{"footnotes":""},"categories":[166,111,6],"tags":[11,112,10],"class_list":["post-3372","post","type-post","status-publish","format-standard","hentry","category-libro-ilustrado","category-nuevo-nueve","category-resenas","tag-j-j-castillo","tag-nuevo-nueve-editores","tag-resenas"],"_links":{"self":[{"href":"https:\/\/www.cronicasliterarias.es\/index.php?rest_route=\/wp\/v2\/posts\/3372","targetHints":{"allow":["GET"]}}],"collection":[{"href":"https:\/\/www.cronicasliterarias.es\/index.php?rest_route=\/wp\/v2\/posts"}],"about":[{"href":"https:\/\/www.cronicasliterarias.es\/index.php?rest_route=\/wp\/v2\/types\/post"}],"author":[{"embeddable":true,"href":"https:\/\/www.cronicasliterarias.es\/index.php?rest_route=\/wp\/v2\/users\/4"}],"replies":[{"embeddable":true,"href":"https:\/\/www.cronicasliterarias.es\/index.php?rest_route=%2Fwp%2Fv2%2Fcomments&post=3372"}],"version-history":[{"count":5,"href":"https:\/\/www.cronicasliterarias.es\/index.php?rest_route=\/wp\/v2\/posts\/3372\/revisions"}],"predecessor-version":[{"id":20538,"href":"https:\/\/www.cronicasliterarias.es\/index.php?rest_route=\/wp\/v2\/posts\/3372\/revisions\/20538"}],"wp:attachment":[{"href":"https:\/\/www.cronicasliterarias.es\/index.php?rest_route=%2Fwp%2Fv2%2Fmedia&parent=3372"}],"wp:term":[{"taxonomy":"category","embeddable":true,"href":"https:\/\/www.cronicasliterarias.es\/index.php?rest_route=%2Fwp%2Fv2%2Fcategories&post=3372"},{"taxonomy":"post_tag","embeddable":true,"href":"https:\/\/www.cronicasliterarias.es\/index.php?rest_route=%2Fwp%2Fv2%2Ftags&post=3372"}],"curies":[{"name":"wp","href":"https:\/\/api.w.org\/{rel}","templated":true}]}}