{"id":346,"date":"2024-09-29T00:05:00","date_gmt":"2024-09-29T00:05:00","guid":{"rendered":"https:\/\/www.cronicasliterarias.es\/?p=346"},"modified":"2024-10-01T16:48:54","modified_gmt":"2024-10-01T16:48:54","slug":"resena-el-cielo-en-guerra-integral-de-philippe-pinard-y-olivier-dauger","status":"publish","type":"post","link":"https:\/\/www.cronicasliterarias.es\/?p=346","title":{"rendered":"Rese\u00f1a: El Cielo en Guerra (Integral), de Pinard y Dauger"},"content":{"rendered":"<p align=\"JUSTIFY\"><img loading=\"lazy\" decoding=\"async\" class=\"alignright size-medium wp-image-350\" src=\"https:\/\/www.cronicasliterarias.es\/wp-content\/uploads\/2019\/12\/00elcieloenguerra-229x300.jpg\" alt=\"\" width=\"229\" height=\"300\" srcset=\"https:\/\/www.cronicasliterarias.es\/wp-content\/uploads\/2019\/12\/00elcieloenguerra-229x300.jpg 229w, https:\/\/www.cronicasliterarias.es\/wp-content\/uploads\/2019\/12\/00elcieloenguerra.jpg 252w\" sizes=\"auto, (max-width: 229px) 100vw, 229px\" \/>Creo que <em>El Cielo en Guerra<\/em> no se puede definir mejor que con la frase con la que abre su introducci\u00f3n: \u00abUna gran saga en cuatro partes que sigue la historia de la aviaci\u00f3n francesa durante la Segunda Guerra Mundial\u00bb. Y ahora recopilado en un portentoso integral de c\u00f3mic europeo como s\u00f3lo Norma Editorial sabe hacer; podemos adentrarnos, sumergirnos en historias, desdenes y batallas espectaculares en el aire, gracias a Philippe Pinard y Olivier Dauger que saben narrar con rigor hist\u00f3rico la historia de la potente aviaci\u00f3n francesa de entonces.<\/p>\n<p align=\"JUSTIFY\"><em>Los Diablos Rojos<\/em> es el primer \u00e1lbum que comprende la tetralog\u00eda. <span lang=\"es-ES\">La batalla de Francia vista a trav\u00e9s de los ojos de un joven piloto en el famoso escuadr\u00f3n de combate que marc\u00f3 una \u00e9poca. Un viaje desde el comienzo del conflicto hasta el armisticio del 22 de junio de 1940. Con la impresionante muestra de la t\u00e1ctica Blitzkrieg en tierra gala. Etienne de Tournemire es un joven teniente reci\u00e9n licenciado que acaba de unirse al escuadr\u00f3n de los Diablos Rojos; contra toda expectativa, los veh\u00edculos blindados alemanes han logrado cruzar las Ardenas, los panzers, apoyados por la aviaci\u00f3n, contin\u00faan su infernal ataque y amenazan con cruzar el Mosa en el Sed\u00e1n franc\u00e9s. Estamos ante una de las batallas decisivas de la guerra, pues si los alemanes se hac\u00edan con este punto clave, los panzers evitar\u00edan la parte mejor fortificada de toda Francia&#8230; <\/span><span lang=\"es-ES\">Etienne de Tournemire y sus camaradas en el centro de la lucha, superados en n\u00famero, intentar\u00e1n revertir el curso del destino.<br \/>\n<\/span><\/p>\n<p align=\"JUSTIFY\"><span lang=\"es-ES\">Una curiosa historia se cuenta en <em>Escarapelas en Llamas<\/em>. Junio de 1940, un verano desastroso para Francia. El escuadr\u00f3n de los Diablos Rojos sufre una debacle general y se retira al norte de \u00c1frica. El armisticio redistribuye las tropas y se rompen algunos juramentos de lealtad. A partir de ahora, se tendr\u00e1 que elegir entre volar bajo los colores de Vichy o participar con las <img loading=\"lazy\" decoding=\"async\" class=\"alignleft  wp-image-351\" src=\"https:\/\/www.cronicasliterarias.es\/wp-content\/uploads\/2019\/12\/elcieloenguerra01-300x148.jpg\" alt=\"\" width=\"211\" height=\"104\" srcset=\"https:\/\/www.cronicasliterarias.es\/wp-content\/uploads\/2019\/12\/elcieloenguerra01-300x148.jpg 300w, https:\/\/www.cronicasliterarias.es\/wp-content\/uploads\/2019\/12\/elcieloenguerra01.jpg 664w\" sizes=\"auto, (max-width: 211px) 100vw, 211px\" \/>Fuerzas Francesas Libres. Todo se precipita y Francia camina a marcha forzada hacia la derrota. Las retiradas y las deserciones se suceden a un ritmo infernal. Llegan a orillas del Loira, donde Etienne y su compa\u00f1ero Andr\u00e9 Marceau mantienen su \u00faltima batalla antes de unirse al norte de \u00c1frica. Pero un nuevo evento cambiar\u00e1 sus destinos: el drama de ver a la flota francesa siendo bombardeada por los propios ingleses. El compromiso de los pilotos franceses contra sus aliados de ayer es solo la premisa de una confrontaci\u00f3n a\u00fan m\u00e1s cruel.<br \/>\n<\/span><\/p>\n<p align=\"JUSTIFY\"><span lang=\"es-ES\">\u00bfEra indispensable en una serie as\u00ed el \u00e1lbum <em>Alerta en Siria<\/em>? S\u00ed, si deseamos tener en cuenta todo lo que sucedi\u00f3 durante las \u00faltimas horas de combate a\u00e9reo en junio del \u00b440. Completar en nuestra cabeza lo ocurrido, hasta el bendito aterrizaje aliado dos a\u00f1os despu\u00e9s. Tensi\u00f3n, locura, desaz\u00f3n, una letan\u00eda de quejas constantes ante un miedo creciente: \u00a1Y los refuerzos! \u00a1Cu\u00e1ndo llegar\u00e1n m\u00e1s aviones, armas m\u00e1s poderosas! Decenas de clich\u00e9s que reconocer\u00e9is aquellos fans del buen cine b\u00e9lico, asiduos a documentales o hay\u00e1is le\u00eddo libros relacionados con la ocupaci\u00f3n final de Par\u00eds. Brillante en este c\u00f3mic la filos\u00f3fica conversaci\u00f3n sobre Kant entre un personaje y un oficial alem\u00e1n.<\/span><\/p>\n<p align=\"JUSTIFY\"><span lang=\"es-ES\">Con <em>Operaci\u00f3n Tourch<\/em> llegamos al final de esta entretenida tetralog\u00eda. Noviembre de 1942. Por fin, los escuadrones angloamericanos llegan como apoyo al norte de \u00c1frica defendido a\u00fan por el ej\u00e9rcito de Vichy. Los escuadrones franceses contra los aviones aliados apoyan el combate hasta el alto el fuego&#8230; \u00c9pica y m\u00e1s \u00e9pica.<\/span><\/p>\n<p align=\"JUSTIFY\"><span lang=\"es-ES\">Apreciando y poni\u00e9ndonos del bando de los perdedores, los autores nos introducen en un bando franc\u00e9s que intenta preservar los intereses de un invasor que se vuelve m\u00e1s temible cada d\u00eda. El dibujo es magn\u00edfico (como <img loading=\"lazy\" decoding=\"async\" class=\"alignright  wp-image-352\" src=\"https:\/\/www.cronicasliterarias.es\/wp-content\/uploads\/2019\/12\/elcieloenguerra03.jpg\" alt=\"\" width=\"220\" height=\"145\" \/>ocurre siempre con Dauger), y los colores permanecen a buen nivel de un \u00e1lbum a otro (me gustaron mucho los verde-marr\u00f3n-blanco de Europa y los beige-ocre para \u00c1frica-Siria-Iraq). Un gui\u00f3n instructivo, patrullas y escaramuzas en el cielo, \u00e9pica durante cuatro d\u00edas de intenso combate. \u00c1lbumes que se dejan leer con verdadero placer. Y aunque no encontrar\u00e9is personajes entra\u00f1ables, algunas de sus conversaciones se os quedar\u00e1n grabadas por siempre. <\/span><span lang=\"es-ES\">Un espectacular integral que har\u00e1 las delicias de los aficionados al c\u00f3mic b\u00e9lico.<\/span><\/p>\n","protected":false},"excerpt":{"rendered":"<p>Creo que El Cielo en Guerra no se puede definir mejor que con la frase con la que abre su introducci\u00f3n: \u00abUna gran saga en cuatro partes que sigue la historia de la aviaci\u00f3n francesa durante la Segunda Guerra Mundial\u00bb. Y ahora recopilado en un portentoso integral de c\u00f3mic europeo como s\u00f3lo Norma Editorial sabe [&hellip;]<\/p>\n","protected":false},"author":4,"featured_media":0,"comment_status":"closed","ping_status":"closed","sticky":false,"template":"","format":"standard","meta":{"footnotes":""},"categories":[53,44,74,30,6],"tags":[421,11,22,10],"class_list":["post-346","post","type-post","status-publish","format-standard","hentry","category-bd","category-comic-europeo","category-integral","category-norma-editorial","category-resenas","tag-comic-europeo-2024","tag-j-j-castillo","tag-norma-editorial","tag-resenas"],"_links":{"self":[{"href":"https:\/\/www.cronicasliterarias.es\/index.php?rest_route=\/wp\/v2\/posts\/346","targetHints":{"allow":["GET"]}}],"collection":[{"href":"https:\/\/www.cronicasliterarias.es\/index.php?rest_route=\/wp\/v2\/posts"}],"about":[{"href":"https:\/\/www.cronicasliterarias.es\/index.php?rest_route=\/wp\/v2\/types\/post"}],"author":[{"embeddable":true,"href":"https:\/\/www.cronicasliterarias.es\/index.php?rest_route=\/wp\/v2\/users\/4"}],"replies":[{"embeddable":true,"href":"https:\/\/www.cronicasliterarias.es\/index.php?rest_route=%2Fwp%2Fv2%2Fcomments&post=346"}],"version-history":[{"count":6,"href":"https:\/\/www.cronicasliterarias.es\/index.php?rest_route=\/wp\/v2\/posts\/346\/revisions"}],"predecessor-version":[{"id":17252,"href":"https:\/\/www.cronicasliterarias.es\/index.php?rest_route=\/wp\/v2\/posts\/346\/revisions\/17252"}],"wp:attachment":[{"href":"https:\/\/www.cronicasliterarias.es\/index.php?rest_route=%2Fwp%2Fv2%2Fmedia&parent=346"}],"wp:term":[{"taxonomy":"category","embeddable":true,"href":"https:\/\/www.cronicasliterarias.es\/index.php?rest_route=%2Fwp%2Fv2%2Fcategories&post=346"},{"taxonomy":"post_tag","embeddable":true,"href":"https:\/\/www.cronicasliterarias.es\/index.php?rest_route=%2Fwp%2Fv2%2Ftags&post=346"}],"curies":[{"name":"wp","href":"https:\/\/api.w.org\/{rel}","templated":true}]}}